{"id":87811,"date":"2025-05-26T19:47:28","date_gmt":"2025-05-27T01:47:28","guid":{"rendered":"https:\/\/diarioavanzada.com.mx\/?p=87811"},"modified":"2025-05-26T19:47:28","modified_gmt":"2025-05-27T01:47:28","slug":"semilleros-de-investigacion-reunen-a-jovenes-de-america-latina-en-la-udec","status":"publish","type":"post","link":"https:\/\/diarioavanzada.com.mx\/?p=87811","title":{"rendered":"Semilleros de Investigaci\u00f3n re\u00fanen a j\u00f3venes de Am\u00e9rica Latina en la UdeC"},"content":{"rendered":"\n<p class=\"wp-block-paragraph\"><em>\u201cLo que inici\u00f3 como un esfuerzo nacional, hoy es un punto de encuentro internacional. Este crecimiento no es casualidad: es fruto del trabajo constante, la pasi\u00f3n por aprender y el deseo de transformar la realidad a trav\u00e9s del conocimiento\u201d: Magaly Espinosa.<\/em><\/p>\n\n\n\n<p class=\"wp-block-paragraph\">Colima, M\u00e9xico, Comunicado (26\/05\/2025).- Del 26 al 28 de mayo, se estar\u00e1 realizando, en la modalidad h\u00edbrida, el V Encuentro Nacional y II Encuentro Internacional de Semilleros de Investigaci\u00f3n en Cultura F\u00edsica, Deporte y Recreaci\u00f3n, organizado por los Cuerpos Acad\u00e9micos de la Facultad de Ciencias de la Educaci\u00f3n de la Universidad de Colima (UdeC).<\/p>\n\n\n\n<p class=\"wp-block-paragraph\">En esta edici\u00f3n participan 28 cuerpos acad\u00e9micos de 19 universidades, tanto nacionales como internacionales, que forman parte de la Red de Cuerpos Acad\u00e9micos del \u00c1rea de Cultura F\u00edsica, Deporte y Recreaci\u00f3n. El encuentro tiene como prop\u00f3sito principal divulgar los proyectos de investigaci\u00f3n realizados por estudiantes, en colaboraci\u00f3n con sus asesores, y fomentar la interacci\u00f3n entre cuerpos acad\u00e9micos en torno a temas relevantes para el \u00e1rea.<\/p>\n\n\n\n<p class=\"wp-block-paragraph\"><strong>Ciencia joven con impacto social<\/strong><\/p>\n\n\n\n<p class=\"wp-block-paragraph\">Durante la inauguraci\u00f3n, Juan Diego Gayt\u00e1n Rodr\u00edguez, delegado de Colima en representaci\u00f3n del rector Christian Jorge Torres Ortiz Zerme\u00f1o, subray\u00f3 la relevancia de este espacio como un foro de di\u00e1logo, innovaci\u00f3n y compromiso social. \u201cEste encuentro consolida el papel de la Universidad de Colima como promotora de espacios en los que el conocimiento se pone al servicio del bienestar colectivo\u201d, afirm\u00f3.<\/p>\n\n\n\n<p class=\"wp-block-paragraph\">A\u00f1adi\u00f3 que el evento parte de una doble mirada: la cultura f\u00edsica como promotora de salud, conciencia corporal, equidad y calidad de vida, y el deporte como expresi\u00f3n de disciplina, identidad y transformaci\u00f3n emocional. \u201cAmbos \u00e1mbitos, con enfoques distintos, comparten un mismo objetivo: ser herramientas de transformaci\u00f3n social en contextos marcados por desaf\u00edos como la salud mental, la violencia y la desintegraci\u00f3n social\u201d.<\/p>\n\n\n\n<p class=\"wp-block-paragraph\">Gayt\u00e1n Rodr\u00edguez destac\u00f3 adem\u00e1s que los semilleros son mucho m\u00e1s que espacios acad\u00e9micos: \u201cSon una muestra del talento, la sensibilidad y la vocaci\u00f3n de 200 j\u00f3venes investigadores que, desde sus contextos y disciplinas, est\u00e1n construyendo nuevas preguntas, metodolog\u00edas y formas de incidir en la realidad\u201d.<\/p>\n\n\n\n<p class=\"wp-block-paragraph\"><strong>Datos clave del encuentro<\/strong><\/p>\n\n\n\n<p class=\"wp-block-paragraph\">Mart\u00edn Gerardo Vargas Elizondo, director de la Facultad de Ciencias de la Educaci\u00f3n, inform\u00f3 que este a\u00f1o se recibieron 151 ponencias de estudiantes de licenciatura, maestr\u00eda y doctorado, que organizaron en 15 mesas de trabajo, con un total de 439 participantes.<\/p>\n\n\n\n<p class=\"wp-block-paragraph\">Destac\u00f3 la asistencia de universidades de Colombia, Chile y de la Asociaci\u00f3n Latinoamericana de Gerencia Deportiva, consolidando as\u00ed la dimensi\u00f3n internacional del encuentro. \u201cEste evento no s\u00f3lo promueve la divulgaci\u00f3n cient\u00edfica, sino tambi\u00e9n el fortalecimiento de redes acad\u00e9micas, la colaboraci\u00f3n entre instituciones y la reflexi\u00f3n cr\u00edtica sobre los desaf\u00edos que enfrentamos en el campo de la cultura f\u00edsica, el deporte y la recreaci\u00f3n en diferentes contextos\u201d, coment\u00f3.<\/p>\n\n\n\n<p class=\"wp-block-paragraph\">Vargas Elizondo dijo para terminar que los semilleros tambi\u00e9n fomentan el trabajo independiente y en equipo, el desarrollo de habilidades metodol\u00f3gicas y la formaci\u00f3n de futuras generaciones de investigadores comprometidos con su entorno.<\/p>\n\n\n\n<p class=\"wp-block-paragraph\"><strong>De iniciativa local a plataforma internacional<\/strong><\/p>\n\n\n\n<p class=\"wp-block-paragraph\">Claudia Magaly Espinosa M\u00e9ndez, coordinadora de gesti\u00f3n internacional y movilidad acad\u00e9mica de la Universidad de Puebla, y representante de la Red de Cuerpos Acad\u00e9micos del \u00e1rea, reconoci\u00f3 el liderazgo de la Universidad de Colima en la creaci\u00f3n de este espacio. \u201cLo que inici\u00f3 como un esfuerzo nacional, hoy es un punto de encuentro internacional. Este crecimiento no es casualidad: es fruto del trabajo constante, la pasi\u00f3n por aprender y el deseo de transformar la realidad a trav\u00e9s del conocimiento\u201d, afirm\u00f3.<\/p>\n\n\n\n<p class=\"wp-block-paragraph\">Agreg\u00f3 que, ante los crecientes desaf\u00edos en salud, bienestar y calidad de vida, la cultura f\u00edsica, el deporte y la recreaci\u00f3n se consolidan como herramientas poderosas de transformaci\u00f3n social. \u201cEn este semillero nacen las ideas, preguntas e iniciativas que ma\u00f1ana pueden convertirse en soluciones concretas\u201d, concluy\u00f3.<\/p>\n\n\n\n<figure class=\"wp-block-image size-large\"><img loading=\"lazy\" decoding=\"async\" width=\"1024\" height=\"520\" src=\"https:\/\/diarioavanzada.com.mx\/wp-content\/uploads\/2025\/05\/Semilleros-de-Investigacion-reunen-a-jovenes-de-America-Latina-en-la-UdeC_c-1024x520.jpg\" alt=\"\" class=\"wp-image-87814\" srcset=\"https:\/\/diarioavanzada.com.mx\/wp-content\/uploads\/2025\/05\/Semilleros-de-Investigacion-reunen-a-jovenes-de-America-Latina-en-la-UdeC_c-1024x520.jpg 1024w, https:\/\/diarioavanzada.com.mx\/wp-content\/uploads\/2025\/05\/Semilleros-de-Investigacion-reunen-a-jovenes-de-America-Latina-en-la-UdeC_c-300x152.jpg 300w, https:\/\/diarioavanzada.com.mx\/wp-content\/uploads\/2025\/05\/Semilleros-de-Investigacion-reunen-a-jovenes-de-America-Latina-en-la-UdeC_c-768x390.jpg 768w, https:\/\/diarioavanzada.com.mx\/wp-content\/uploads\/2025\/05\/Semilleros-de-Investigacion-reunen-a-jovenes-de-America-Latina-en-la-UdeC_c-1200x609.jpg 1200w, https:\/\/diarioavanzada.com.mx\/wp-content\/uploads\/2025\/05\/Semilleros-de-Investigacion-reunen-a-jovenes-de-America-Latina-en-la-UdeC_c.jpg 1489w\" sizes=\"auto, (max-width: 1024px) 100vw, 1024px\" \/><\/figure>\n\n\n\n<figure class=\"wp-block-image size-large\"><img loading=\"lazy\" decoding=\"async\" width=\"1024\" height=\"768\" src=\"https:\/\/diarioavanzada.com.mx\/wp-content\/uploads\/2025\/05\/Semilleros-de-Investigacion-reunen-a-jovenes-de-America-Latina-en-la-UdeC_e-1024x768.jpg\" alt=\"\" class=\"wp-image-87815\" srcset=\"https:\/\/diarioavanzada.com.mx\/wp-content\/uploads\/2025\/05\/Semilleros-de-Investigacion-reunen-a-jovenes-de-America-Latina-en-la-UdeC_e-1024x768.jpg 1024w, https:\/\/diarioavanzada.com.mx\/wp-content\/uploads\/2025\/05\/Semilleros-de-Investigacion-reunen-a-jovenes-de-America-Latina-en-la-UdeC_e-300x225.jpg 300w, https:\/\/diarioavanzada.com.mx\/wp-content\/uploads\/2025\/05\/Semilleros-de-Investigacion-reunen-a-jovenes-de-America-Latina-en-la-UdeC_e-768x576.jpg 768w, https:\/\/diarioavanzada.com.mx\/wp-content\/uploads\/2025\/05\/Semilleros-de-Investigacion-reunen-a-jovenes-de-America-Latina-en-la-UdeC_e-1536x1152.jpg 1536w, https:\/\/diarioavanzada.com.mx\/wp-content\/uploads\/2025\/05\/Semilleros-de-Investigacion-reunen-a-jovenes-de-America-Latina-en-la-UdeC_e-1200x900.jpg?crop=1 1200w, https:\/\/diarioavanzada.com.mx\/wp-content\/uploads\/2025\/05\/Semilleros-de-Investigacion-reunen-a-jovenes-de-America-Latina-en-la-UdeC_e-800x600.jpg?crop=1 800w, https:\/\/diarioavanzada.com.mx\/wp-content\/uploads\/2025\/05\/Semilleros-de-Investigacion-reunen-a-jovenes-de-America-Latina-en-la-UdeC_e-600x450.jpg?crop=1 600w, https:\/\/diarioavanzada.com.mx\/wp-content\/uploads\/2025\/05\/Semilleros-de-Investigacion-reunen-a-jovenes-de-America-Latina-en-la-UdeC_e-400x300.jpg?crop=1 400w, https:\/\/diarioavanzada.com.mx\/wp-content\/uploads\/2025\/05\/Semilleros-de-Investigacion-reunen-a-jovenes-de-America-Latina-en-la-UdeC_e-200x150.jpg?crop=1 200w, https:\/\/diarioavanzada.com.mx\/wp-content\/uploads\/2025\/05\/Semilleros-de-Investigacion-reunen-a-jovenes-de-America-Latina-en-la-UdeC_e.jpg 1600w\" sizes=\"auto, (max-width: 1024px) 100vw, 1024px\" \/><\/figure>\n\n\n\n<figure class=\"wp-block-image size-large\"><img loading=\"lazy\" decoding=\"async\" width=\"1024\" height=\"683\" src=\"https:\/\/diarioavanzada.com.mx\/wp-content\/uploads\/2025\/05\/Semilleros-de-Investigacion-reunen-a-jovenes-de-America-Latina-en-la-UdeC_a-1024x683.jpg\" alt=\"\" class=\"wp-image-87817\" srcset=\"https:\/\/diarioavanzada.com.mx\/wp-content\/uploads\/2025\/05\/Semilleros-de-Investigacion-reunen-a-jovenes-de-America-Latina-en-la-UdeC_a-1024x683.jpg 1024w, https:\/\/diarioavanzada.com.mx\/wp-content\/uploads\/2025\/05\/Semilleros-de-Investigacion-reunen-a-jovenes-de-America-Latina-en-la-UdeC_a-300x200.jpg 300w, https:\/\/diarioavanzada.com.mx\/wp-content\/uploads\/2025\/05\/Semilleros-de-Investigacion-reunen-a-jovenes-de-America-Latina-en-la-UdeC_a-768x512.jpg 768w, https:\/\/diarioavanzada.com.mx\/wp-content\/uploads\/2025\/05\/Semilleros-de-Investigacion-reunen-a-jovenes-de-America-Latina-en-la-UdeC_a-1536x1024.jpg 1536w, https:\/\/diarioavanzada.com.mx\/wp-content\/uploads\/2025\/05\/Semilleros-de-Investigacion-reunen-a-jovenes-de-America-Latina-en-la-UdeC_a-2048x1365.jpg 2048w, https:\/\/diarioavanzada.com.mx\/wp-content\/uploads\/2025\/05\/Semilleros-de-Investigacion-reunen-a-jovenes-de-America-Latina-en-la-UdeC_a-1200x800.jpg 1200w\" sizes=\"auto, (max-width: 1024px) 100vw, 1024px\" \/><\/figure>\n<div class=\"fb-background-color\">\n\t\t\t  <div \n\t\t\t  \tclass = \"fb-comments\" \n\t\t\t  \tdata-href = \"https:\/\/diarioavanzada.com.mx\/?p=87811\"\n\t\t\t  \tdata-numposts = \"10\"\n\t\t\t  \tdata-lazy = \"true\"\n\t\t\t\tdata-colorscheme = \"light\"\n\t\t\t\tdata-order-by = \"social\"\n\t\t\t\tdata-mobile=true>\n\t\t\t  <\/div><\/div>\n\t\t  <style>\n\t\t    .fb-background-color {\n\t\t\t\tbackground:  !important;\n\t\t\t}\n\t\t\t.fb_iframe_widget_fluid_desktop iframe {\n\t\t\t    width: 100% !important;\n\t\t\t}\n\t\t  <\/style>\n\t\t  ","protected":false},"excerpt":{"rendered":"<p>\u201cLo que inici\u00f3 como un esfuerzo nacional, hoy es un punto de encuentro internacional. Este crecimiento no es casualidad: es fruto del trabajo constante, la pasi\u00f3n por aprender y el deseo de transformar la realidad a trav\u00e9s del conocimiento\u201d: Magaly Espinosa. Colima, M\u00e9xico, Comunicado (26\/05\/2025).- Del 26 al 28 de mayo, se estar\u00e1 realizando, en [&hellip;]<\/p>\n","protected":false},"author":7,"featured_media":87820,"comment_status":"closed","ping_status":"closed","sticky":false,"template":"","format":"standard","meta":{"_coblocks_attr":"","_coblocks_dimensions":"","_coblocks_responsive_height":"","_coblocks_accordion_ie_support":"","_crdt_document":"","advanced_seo_description":"","jetpack_seo_html_title":"","jetpack_seo_noindex":false,"_jetpack_memberships_contains_paid_content":false,"footnotes":""},"categories":[19,209,7],"tags":[],"class_list":["post-87811","post","type-post","status-publish","format-standard","has-post-thumbnail","hentry","category-colima","category-importantes","category-noticias"],"jetpack_featured_media_url":"https:\/\/diarioavanzada.com.mx\/wp-content\/uploads\/2025\/05\/43635021-8571-4503-a3b8-79cf567b1e43-1.jpg","jetpack-related-posts":[],"jetpack_sharing_enabled":true,"amp_enabled":true,"_links":{"self":[{"href":"https:\/\/diarioavanzada.com.mx\/index.php?rest_route=\/wp\/v2\/posts\/87811","targetHints":{"allow":["GET"]}}],"collection":[{"href":"https:\/\/diarioavanzada.com.mx\/index.php?rest_route=\/wp\/v2\/posts"}],"about":[{"href":"https:\/\/diarioavanzada.com.mx\/index.php?rest_route=\/wp\/v2\/types\/post"}],"author":[{"embeddable":true,"href":"https:\/\/diarioavanzada.com.mx\/index.php?rest_route=\/wp\/v2\/users\/7"}],"replies":[{"embeddable":true,"href":"https:\/\/diarioavanzada.com.mx\/index.php?rest_route=%2Fwp%2Fv2%2Fcomments&post=87811"}],"version-history":[{"count":3,"href":"https:\/\/diarioavanzada.com.mx\/index.php?rest_route=\/wp\/v2\/posts\/87811\/revisions"}],"predecessor-version":[{"id":87818,"href":"https:\/\/diarioavanzada.com.mx\/index.php?rest_route=\/wp\/v2\/posts\/87811\/revisions\/87818"}],"wp:featuredmedia":[{"embeddable":true,"href":"https:\/\/diarioavanzada.com.mx\/index.php?rest_route=\/wp\/v2\/media\/87820"}],"wp:attachment":[{"href":"https:\/\/diarioavanzada.com.mx\/index.php?rest_route=%2Fwp%2Fv2%2Fmedia&parent=87811"}],"wp:term":[{"taxonomy":"category","embeddable":true,"href":"https:\/\/diarioavanzada.com.mx\/index.php?rest_route=%2Fwp%2Fv2%2Fcategories&post=87811"},{"taxonomy":"post_tag","embeddable":true,"href":"https:\/\/diarioavanzada.com.mx\/index.php?rest_route=%2Fwp%2Fv2%2Ftags&post=87811"}],"curies":[{"name":"wp","href":"https:\/\/api.w.org\/{rel}","templated":true}]}}