{"id":87803,"date":"2025-05-26T19:02:10","date_gmt":"2025-05-27T01:02:10","guid":{"rendered":"https:\/\/diarioavanzada.com.mx\/?p=87803"},"modified":"2025-05-26T19:02:10","modified_gmt":"2025-05-27T01:02:10","slug":"hackean-oootra-vez-al-gobierno-de-colima","status":"publish","type":"post","link":"https:\/\/diarioavanzada.com.mx\/?p=87803","title":{"rendered":"Hackean oootra vez al Gobierno de Colima"},"content":{"rendered":"\n<p class=\"p1 wp-block-paragraph\">Colima, M\u00e9xico, Avanzada (26\/05\/2025).- El gobierno del estado de Colima ha sido blanco de un ataque de ransomware atribuido al grupo cibercriminal \u201cDevman\u201d, seg\u00fan revel\u00f3 la firma de inteligencia en ciberamenazas ThreatMon. El incidente, registrado este d\u00eda, se suma a una preocupante serie de ofensivas contra entidades p\u00fablicas en Am\u00e9rica Latina.<\/p>\n\n\n\n<blockquote class=\"wp-block-quote is-layout-flow wp-block-quote-is-layout-flow\">\n<p class=\"wp-block-paragraph\">El ransomware es un tipo de software malicioso (malware) que bloquea el acceso a archivos, sistemas o dispositivos de una persona o empresa y exige un rescate (ransom) para restaurar el acceso.<\/p>\n<\/blockquote>\n\n\n\n<p class=\"p1 wp-block-paragraph\">De acuerdo con ThreatMon, el ataque fue detectado a trav\u00e9s del monitoreo de la dark web, donde Devman public\u00f3 informaci\u00f3n sobre la intrusi\u00f3n. Este tipo de pr\u00e1cticas busca presionar a las v\u00edctimas a pagar un rescate, usualmente en criptomonedas, a cambio de recuperar el acceso a datos cifrados o robados.<\/p>\n\n\n\n<p class=\"p1 wp-block-paragraph\">Aunque a\u00fan no se ha hecho p\u00fablico el monto exigido ni el nivel de afectaci\u00f3n, el hecho de que se haya dirigido contra una dependencia gubernamental regional subraya el cambio de enfoque de muchos grupos de ransomware. En lugar de concentrarse \u00fanicamente en grandes empresas o instituciones financieras, estas organizaciones est\u00e1n apuntando a gobiernos locales, municipios y entidades con defensas tecnol\u00f3gicas m\u00e1s d\u00e9biles.<\/p>\n\n\n\n<p class=\"p1 wp-block-paragraph\">Devman, que no cuenta con la notoriedad de grupos como LockBit o Conti, habr\u00eda ejecutado esta ofensiva como parte de una estrategia para elevar su perfil dentro del ecosistema cibercriminal. Este tipo de acciones no solo comprometen informaci\u00f3n sensible, sino que tambi\u00e9n representan un mensaje de desaf\u00edo: exponen vulnerabilidades institucionales y buscan generar impacto pol\u00edtico y psicol\u00f3gico.<\/p>\n\n\n\n<p class=\"p1 wp-block-paragraph\">\u201cLa ciberguerra ya no es una cuesti\u00f3n futurista. Se libra en redes p\u00fablicas y foros oscuros, donde se exhiben ataques como trofeos\u201d, se\u00f1ala el colectivo de ciberseguridad Undercode, que ha seguido de cerca los movimientos de grupos emergentes como Devman. Desde esa perspectiva, los foros clandestinos no solo sirven como canales de presi\u00f3n, sino tambi\u00e9n como vitrinas para reclutar colaboradores o comercializar herramientas de ataque.<\/p>\n\n\n\n<p class=\"p1 wp-block-paragraph\">Para Colima, el ciberataque implica m\u00e1s que una disrupci\u00f3n operativa. Podr\u00eda haber exposici\u00f3n de registros gubernamentales sensibles, da\u00f1o a la confianza ciudadana y consecuencias en la pol\u00edtica estatal y nacional en materia de ciberseguridad. Las autoridades deber\u00e1n responder con medidas inmediatas: contener el incidente, evaluar el da\u00f1o y coordinar con organismos especializados en ciberdefensa.<\/p>\n\n\n\n<p class=\"p1 wp-block-paragraph\">La advertencia va m\u00e1s all\u00e1 de este caso particular. En lo que va del a\u00f1o, se ha documentado un incremento sostenido de ataques de ransomware en Am\u00e9rica Latina. Analistas anticipan que esta tendencia continuar\u00e1, especialmente en pa\u00edses cuya infraestructura digital es limitada.<\/p>\n\n\n\n<p class=\"p1 wp-block-paragraph\"><\/p>\n\n\n\n<p class=\"wp-block-paragraph\"><\/p>\n<div class=\"fb-background-color\">\n\t\t\t  <div \n\t\t\t  \tclass = \"fb-comments\" \n\t\t\t  \tdata-href = \"https:\/\/diarioavanzada.com.mx\/?p=87803\"\n\t\t\t  \tdata-numposts = \"10\"\n\t\t\t  \tdata-lazy = \"true\"\n\t\t\t\tdata-colorscheme = \"light\"\n\t\t\t\tdata-order-by = \"social\"\n\t\t\t\tdata-mobile=true>\n\t\t\t  <\/div><\/div>\n\t\t  <style>\n\t\t    .fb-background-color {\n\t\t\t\tbackground:  !important;\n\t\t\t}\n\t\t\t.fb_iframe_widget_fluid_desktop iframe {\n\t\t\t    width: 100% !important;\n\t\t\t}\n\t\t  <\/style>\n\t\t  ","protected":false},"excerpt":{"rendered":"<p>Colima, M\u00e9xico, Avanzada (26\/05\/2025).- El gobierno del estado de Colima ha sido blanco de un ataque de ransomware atribuido al grupo cibercriminal \u201cDevman\u201d, seg\u00fan revel\u00f3 la firma de inteligencia en ciberamenazas ThreatMon. El incidente, registrado este d\u00eda, se suma a una preocupante serie de ofensivas contra entidades p\u00fablicas en Am\u00e9rica Latina. El ransomware es un [&hellip;]<\/p>\n","protected":false},"author":7,"featured_media":87804,"comment_status":"closed","ping_status":"closed","sticky":false,"template":"","format":"standard","meta":{"_coblocks_attr":"","_coblocks_dimensions":"","_coblocks_responsive_height":"","_coblocks_accordion_ie_support":"","_crdt_document":"","advanced_seo_description":"","jetpack_seo_html_title":"","jetpack_seo_noindex":false,"_jetpack_memberships_contains_paid_content":false,"footnotes":""},"categories":[19,7,231],"tags":[210],"class_list":["post-87803","post","type-post","status-publish","format-standard","has-post-thumbnail","hentry","category-colima","category-noticias","category-seguridad","tag-portada"],"jetpack_featured_media_url":"https:\/\/diarioavanzada.com.mx\/wp-content\/uploads\/2025\/05\/img_3030-1.png","jetpack-related-posts":[],"jetpack_sharing_enabled":true,"amp_enabled":true,"_links":{"self":[{"href":"https:\/\/diarioavanzada.com.mx\/index.php?rest_route=\/wp\/v2\/posts\/87803","targetHints":{"allow":["GET"]}}],"collection":[{"href":"https:\/\/diarioavanzada.com.mx\/index.php?rest_route=\/wp\/v2\/posts"}],"about":[{"href":"https:\/\/diarioavanzada.com.mx\/index.php?rest_route=\/wp\/v2\/types\/post"}],"author":[{"embeddable":true,"href":"https:\/\/diarioavanzada.com.mx\/index.php?rest_route=\/wp\/v2\/users\/7"}],"replies":[{"embeddable":true,"href":"https:\/\/diarioavanzada.com.mx\/index.php?rest_route=%2Fwp%2Fv2%2Fcomments&post=87803"}],"version-history":[{"count":1,"href":"https:\/\/diarioavanzada.com.mx\/index.php?rest_route=\/wp\/v2\/posts\/87803\/revisions"}],"predecessor-version":[{"id":87805,"href":"https:\/\/diarioavanzada.com.mx\/index.php?rest_route=\/wp\/v2\/posts\/87803\/revisions\/87805"}],"wp:featuredmedia":[{"embeddable":true,"href":"https:\/\/diarioavanzada.com.mx\/index.php?rest_route=\/wp\/v2\/media\/87804"}],"wp:attachment":[{"href":"https:\/\/diarioavanzada.com.mx\/index.php?rest_route=%2Fwp%2Fv2%2Fmedia&parent=87803"}],"wp:term":[{"taxonomy":"category","embeddable":true,"href":"https:\/\/diarioavanzada.com.mx\/index.php?rest_route=%2Fwp%2Fv2%2Fcategories&post=87803"},{"taxonomy":"post_tag","embeddable":true,"href":"https:\/\/diarioavanzada.com.mx\/index.php?rest_route=%2Fwp%2Fv2%2Ftags&post=87803"}],"curies":[{"name":"wp","href":"https:\/\/api.w.org\/{rel}","templated":true}]}}