{"id":87774,"date":"2025-05-26T16:51:26","date_gmt":"2025-05-26T22:51:26","guid":{"rendered":"https:\/\/diarioavanzada.com.mx\/?p=87774"},"modified":"2025-05-26T16:51:26","modified_gmt":"2025-05-26T22:51:26","slug":"habra-ley-seca-este-sabado-y-domingo-en-la-villa-por-elecciones","status":"publish","type":"post","link":"https:\/\/diarioavanzada.com.mx\/?p=87774","title":{"rendered":"Habr\u00e1 Ley Seca este s\u00e1bado y domingo en La Villa por elecciones"},"content":{"rendered":"\n<p class=\"wp-block-paragraph\"><em>Se aprob\u00f3 en Sesi\u00f3n de Cabildo con motivo de la elecci\u00f3n de integrantes del Poder Judicial el primero de junio.<\/em><\/p>\n\n\n\n<p class=\"wp-block-paragraph\">Villa de \u00c1lvarez, Colima, Comunicado (26\/05\/2025).- En cumplimiento a lo dispuesto por el C\u00f3digo Electoral del Estado de Colima, con motivo de la elecci\u00f3n extraordinaria de integrantes del Poder Judicial, los d\u00edas s\u00e1bado 31 de mayo y domingo primero de junio en el municipio de Villa de \u00c1lvarez estar\u00e1 prohibida la venta de bebidas alcoh\u00f3licas.<\/p>\n\n\n\n<p class=\"wp-block-paragraph\">Ante ello, el Cabildo de Villa de \u00c1lvarez, a iniciativa de la Presidenta Tey Guti\u00e9rrez Andrade, exhort\u00f3 a la Tesorera Municipal a abstenerse de emitir o autorizar cualquier permiso temporal para la venta de bebidas embriagantes correspondiente a los d\u00edas s\u00e1bado 31 de mayo y domingo primero de junio de 2025.<\/p>\n\n\n\n<p class=\"wp-block-paragraph\">Al Director de Inspecci\u00f3n, Licencias, Tianguis y V\u00eda P\u00fablica, se le exhort\u00f3 a llevar a cabo la notificaci\u00f3n formal y oportuna a todos los establecimientos con giro de venta de bebidas alcoh\u00f3licas dentro del municipio, haci\u00e9ndoles del conocimiento la prohibici\u00f3n expresa de venta en las fechas indicadas, as\u00ed como las consecuencias legales en caso de incumplimiento.<\/p>\n\n\n\n<p class=\"wp-block-paragraph\">El Cabildo villalvarense exhort\u00f3 tambi\u00e9n al Director de Comunicaci\u00f3n Social, para que dise\u00f1e y ejecute una estrategia de difusi\u00f3n clara y accesible dirigida a la ciudadan\u00eda, a trav\u00e9s de medios digitales, impresos y comunitarios, informando sobre la restricci\u00f3n de venta de bebidas alcoh\u00f3licas el s\u00e1bado y domingo, para garantizar que la poblaci\u00f3n est\u00e9 plenamente enterada y evitar confusiones o sanciones.<\/p>\n\n\n\n<p class=\"wp-block-paragraph\">El Art\u00edculo 226 del C\u00f3digo Electoral del Estado de Colima establece que \u201cel d\u00eda de la elecci\u00f3n y el precedente, queda prohibida la venta de bebidas embriagantes, en cualquier forma o establecimiento\u201d.<\/p>\n\n\n\n<figure class=\"wp-block-image size-large\"><img loading=\"lazy\" decoding=\"async\" width=\"1024\" height=\"682\" src=\"https:\/\/diarioavanzada.com.mx\/wp-content\/uploads\/2025\/05\/4fe228f8-bed9-43fc-bc97-a0012f0cccb7-1-1024x682.jpg\" class=\"wp-image-87771\" srcset=\"https:\/\/diarioavanzada.com.mx\/wp-content\/uploads\/2025\/05\/4fe228f8-bed9-43fc-bc97-a0012f0cccb7-1-1024x682.jpg 1024w, https:\/\/diarioavanzada.com.mx\/wp-content\/uploads\/2025\/05\/4fe228f8-bed9-43fc-bc97-a0012f0cccb7-1-300x200.jpg 300w, https:\/\/diarioavanzada.com.mx\/wp-content\/uploads\/2025\/05\/4fe228f8-bed9-43fc-bc97-a0012f0cccb7-1-768x512.jpg 768w, https:\/\/diarioavanzada.com.mx\/wp-content\/uploads\/2025\/05\/4fe228f8-bed9-43fc-bc97-a0012f0cccb7-1-1536x1023.jpg 1536w, https:\/\/diarioavanzada.com.mx\/wp-content\/uploads\/2025\/05\/4fe228f8-bed9-43fc-bc97-a0012f0cccb7-1.jpg 1600w\" sizes=\"auto, (max-width: 1024px) 100vw, 1024px\" \/><\/figure>\n\n\n\n<figure class=\"wp-block-image size-large\"><img loading=\"lazy\" decoding=\"async\" width=\"1024\" height=\"838\" src=\"https:\/\/diarioavanzada.com.mx\/wp-content\/uploads\/2025\/05\/67ef46a8-d307-4e9f-8fd4-c7445e731a91-1-1024x838.jpg\" class=\"wp-image-87772\" srcset=\"https:\/\/diarioavanzada.com.mx\/wp-content\/uploads\/2025\/05\/67ef46a8-d307-4e9f-8fd4-c7445e731a91-1-1024x838.jpg 1024w, https:\/\/diarioavanzada.com.mx\/wp-content\/uploads\/2025\/05\/67ef46a8-d307-4e9f-8fd4-c7445e731a91-1-300x246.jpg 300w, https:\/\/diarioavanzada.com.mx\/wp-content\/uploads\/2025\/05\/67ef46a8-d307-4e9f-8fd4-c7445e731a91-1-768x629.jpg 768w, https:\/\/diarioavanzada.com.mx\/wp-content\/uploads\/2025\/05\/67ef46a8-d307-4e9f-8fd4-c7445e731a91-1-1536x1257.jpg 1536w, https:\/\/diarioavanzada.com.mx\/wp-content\/uploads\/2025\/05\/67ef46a8-d307-4e9f-8fd4-c7445e731a91-1.jpg 1599w\" sizes=\"auto, (max-width: 1024px) 100vw, 1024px\" \/><\/figure>\n<div class=\"fb-background-color\">\n\t\t\t  <div \n\t\t\t  \tclass = \"fb-comments\" \n\t\t\t  \tdata-href = \"https:\/\/diarioavanzada.com.mx\/?p=87774\"\n\t\t\t  \tdata-numposts = \"10\"\n\t\t\t  \tdata-lazy = \"true\"\n\t\t\t\tdata-colorscheme = \"light\"\n\t\t\t\tdata-order-by = \"social\"\n\t\t\t\tdata-mobile=true>\n\t\t\t  <\/div><\/div>\n\t\t  <style>\n\t\t    .fb-background-color {\n\t\t\t\tbackground:  !important;\n\t\t\t}\n\t\t\t.fb_iframe_widget_fluid_desktop iframe {\n\t\t\t    width: 100% !important;\n\t\t\t}\n\t\t  <\/style>\n\t\t  ","protected":false},"excerpt":{"rendered":"<p>Se aprob\u00f3 en Sesi\u00f3n de Cabildo con motivo de la elecci\u00f3n de integrantes del Poder Judicial el primero de junio. Villa de \u00c1lvarez, Colima, Comunicado (26\/05\/2025).- En cumplimiento a lo dispuesto por el C\u00f3digo Electoral del Estado de Colima, con motivo de la elecci\u00f3n extraordinaria de integrantes del Poder Judicial, los d\u00edas s\u00e1bado 31 de [&hellip;]<\/p>\n","protected":false},"author":7,"featured_media":87773,"comment_status":"closed","ping_status":"closed","sticky":false,"template":"","format":"standard","meta":{"_coblocks_attr":"","_coblocks_dimensions":"","_coblocks_responsive_height":"","_coblocks_accordion_ie_support":"","_crdt_document":"","advanced_seo_description":"","jetpack_seo_html_title":"","jetpack_seo_noindex":false,"_jetpack_memberships_contains_paid_content":false,"footnotes":""},"categories":[209,21,7],"tags":[],"class_list":["post-87774","post","type-post","status-publish","format-standard","has-post-thumbnail","hentry","category-importantes","category-municipios","category-noticias"],"jetpack_featured_media_url":"https:\/\/diarioavanzada.com.mx\/wp-content\/uploads\/2025\/05\/6592cedd-2c82-48ff-b9e0-f6407c32fe1c-1.jpg","jetpack-related-posts":[],"jetpack_sharing_enabled":true,"amp_enabled":true,"_links":{"self":[{"href":"https:\/\/diarioavanzada.com.mx\/index.php?rest_route=\/wp\/v2\/posts\/87774","targetHints":{"allow":["GET"]}}],"collection":[{"href":"https:\/\/diarioavanzada.com.mx\/index.php?rest_route=\/wp\/v2\/posts"}],"about":[{"href":"https:\/\/diarioavanzada.com.mx\/index.php?rest_route=\/wp\/v2\/types\/post"}],"author":[{"embeddable":true,"href":"https:\/\/diarioavanzada.com.mx\/index.php?rest_route=\/wp\/v2\/users\/7"}],"replies":[{"embeddable":true,"href":"https:\/\/diarioavanzada.com.mx\/index.php?rest_route=%2Fwp%2Fv2%2Fcomments&post=87774"}],"version-history":[{"count":0,"href":"https:\/\/diarioavanzada.com.mx\/index.php?rest_route=\/wp\/v2\/posts\/87774\/revisions"}],"wp:featuredmedia":[{"embeddable":true,"href":"https:\/\/diarioavanzada.com.mx\/index.php?rest_route=\/wp\/v2\/media\/87773"}],"wp:attachment":[{"href":"https:\/\/diarioavanzada.com.mx\/index.php?rest_route=%2Fwp%2Fv2%2Fmedia&parent=87774"}],"wp:term":[{"taxonomy":"category","embeddable":true,"href":"https:\/\/diarioavanzada.com.mx\/index.php?rest_route=%2Fwp%2Fv2%2Fcategories&post=87774"},{"taxonomy":"post_tag","embeddable":true,"href":"https:\/\/diarioavanzada.com.mx\/index.php?rest_route=%2Fwp%2Fv2%2Ftags&post=87774"}],"curies":[{"name":"wp","href":"https:\/\/api.w.org\/{rel}","templated":true}]}}