{"id":87729,"date":"2025-05-26T08:51:00","date_gmt":"2025-05-26T14:51:00","guid":{"rendered":"https:\/\/diarioavanzada.com.mx\/?p=87729"},"modified":"2025-05-26T08:51:01","modified_gmt":"2025-05-26T14:51:01","slug":"bachillerato-21-impulsa-vision-global-con-exitosa-jornada-intercultural-sobre-china","status":"publish","type":"post","link":"https:\/\/diarioavanzada.com.mx\/?p=87729","title":{"rendered":"Bachillerato 21 impulsa visi\u00f3n global con exitosa Jornada Intercultural sobre China"},"content":{"rendered":"\n<p class=\"wp-block-paragraph\"><em>Uno de los momentos m\u00e1s significativos fue el di\u00e1logo intercultural con Huang Yangting (\u9ec4\u6768\u5ead), quien comparti\u00f3 vivencias, perspectivas y aspectos relevantes de la vida en China, generando un espacio de aprendizaje mutuo entre culturas.<\/em><\/p>\n\n\n\n<p class=\"wp-block-paragraph\">Colima, M\u00e9xico, Comunicado (26\/05\/2025).- Con el objetivo de fortalecer la formaci\u00f3n integral de las y los estudiantes y en el marco de las acciones de internacionalizaci\u00f3n que promueve la Universidad de Colima, el Bachillerato 21 llev\u00f3 a cabo con gran \u00e9xito su Jornada Intercultural, teniendo como pa\u00eds invitado en esta edici\u00f3n a China.<\/p>\n\n\n\n<p class=\"wp-block-paragraph\">El evento, que se realiz\u00f3 dentro de las instalaciones del plantel, reuni\u00f3 diversas actividades acad\u00e9micas y culturales dise\u00f1adas para ampliar la visi\u00f3n global del estudiantado, promoviendo el respeto, la apertura y el di\u00e1logo entre culturas.<\/p>\n\n\n\n<p class=\"wp-block-paragraph\">Al respecto, el director del plantel, Edgar Ceballos L\u00f3pez, destac\u00f3 que esta jornada representa una oportunidad invaluable para sensibilizar a los j\u00f3venes sobre la diversidad del mundo, al tiempo que se desarrollan competencias interculturales fundamentales en un entorno cada vez m\u00e1s globalizado.<\/p>\n\n\n\n<p class=\"wp-block-paragraph\">\u201cEstamos convencidos de que la educaci\u00f3n debe ir m\u00e1s all\u00e1 del aula. Con estas actividades buscamos formar ciudadanos del mundo, con pensamiento cr\u00edtico, sensibilidad cultural y compromiso con su entorno local e internacional\u201d, afirm\u00f3 el directivo.<\/p>\n\n\n\n<p class=\"wp-block-paragraph\">Durante la jornada, alumnas y alumnos de cuarto y sexto semestre presentaron trabajos de investigaci\u00f3n sobre temas clave de la realidad china, abordando aspectos como su econom\u00eda, sociedad, expresiones culturales y el desarrollo de su industria automotriz. Estas presentaciones evidenciaron el entusiasmo, la creatividad y el compromiso acad\u00e9mico del estudiantado, as\u00ed como el acompa\u00f1amiento cercano de sus docentes.<\/p>\n\n\n\n<p class=\"wp-block-paragraph\"><a>Uno de los momentos m\u00e1s significativos fue el di\u00e1logo intercultural con Huang Yangting (<\/a>\u9ec4\u6768\u5ead), quien comparti\u00f3 vivencias, perspectivas y aspectos relevantes de la vida en China, generando un espacio de aprendizaje mutuo entre culturas. Asimismo, el Dr. Juan Gonz\u00e1lez Garc\u00eda ofreci\u00f3 una conferencia especializada sobre la industria automotriz china, aportando un an\u00e1lisis actual y profundo desde una perspectiva global.<\/p>\n\n\n\n<p class=\"wp-block-paragraph\">El director del plantel expres\u00f3 un agradecimiento especial a la Oficina de Relaciones Internacionales y Cooperaci\u00f3n Acad\u00e9mica, as\u00ed como al Centro de Estudios Universitarios sobre la Cuenca del Pac\u00edfico, por su respaldo y colaboraci\u00f3n, fundamentales para la planeaci\u00f3n y ejecuci\u00f3n de esta jornada.<\/p>\n\n\n\n<p class=\"wp-block-paragraph\">De igual manera, reconoci\u00f3 el trabajo y compromiso de los docentes Reyna Deasis Carrillo y Luis Antonio Ram\u00edrez y Nefy Lozano, quienes acompa\u00f1aron y guiaron a los estudiantes en la preparaci\u00f3n de sus trabajos y actividades. \u201cEsta jornada fue un \u00e9xito en t\u00e9rminos de participaci\u00f3n y contenido, al tiempo que refuerza el compromiso de nuestra Universidad de ofrecer una educaci\u00f3n con sentido internacional, inclusiva y pertinente a los desaf\u00edos del siglo XXI\u201d asever\u00f3 Ceballos L\u00f3pez.<\/p>\n\n\n\n<p class=\"wp-block-paragraph\">Finalmente destac\u00f3 que esta jornada promueve una visi\u00f3n humanista y global, promoviendo espacios de encuentro y aprendizaje que enriquecen la experiencia educativa y contribuyen a la formaci\u00f3n de j\u00f3venes comprometidos con la transformaci\u00f3n de su entorno desde una perspectiva intercultural.<\/p>\n\n\n\n<figure class=\"wp-block-image size-large\"><img loading=\"lazy\" decoding=\"async\" width=\"1024\" height=\"461\" src=\"https:\/\/diarioavanzada.com.mx\/wp-content\/uploads\/2025\/05\/Jornada-intercultural-sobre-China-en-el-Bach-21_Juan-Glez-1024x461.jpeg\" alt=\"\" class=\"wp-image-87732\" srcset=\"https:\/\/diarioavanzada.com.mx\/wp-content\/uploads\/2025\/05\/Jornada-intercultural-sobre-China-en-el-Bach-21_Juan-Glez-1024x461.jpeg 1024w, https:\/\/diarioavanzada.com.mx\/wp-content\/uploads\/2025\/05\/Jornada-intercultural-sobre-China-en-el-Bach-21_Juan-Glez-300x135.jpeg 300w, https:\/\/diarioavanzada.com.mx\/wp-content\/uploads\/2025\/05\/Jornada-intercultural-sobre-China-en-el-Bach-21_Juan-Glez-768x346.jpeg 768w, https:\/\/diarioavanzada.com.mx\/wp-content\/uploads\/2025\/05\/Jornada-intercultural-sobre-China-en-el-Bach-21_Juan-Glez-1200x540.jpeg 1200w, https:\/\/diarioavanzada.com.mx\/wp-content\/uploads\/2025\/05\/Jornada-intercultural-sobre-China-en-el-Bach-21_Juan-Glez.jpeg 1280w\" sizes=\"auto, (max-width: 1024px) 100vw, 1024px\" \/><\/figure>\n\n\n\n<figure class=\"wp-block-image size-large\"><img loading=\"lazy\" decoding=\"async\" width=\"1024\" height=\"461\" src=\"https:\/\/diarioavanzada.com.mx\/wp-content\/uploads\/2025\/05\/Jornada-intercultural-sobre-China-en-el-Bach-21-1024x461.jpeg\" alt=\"\" class=\"wp-image-87734\" srcset=\"https:\/\/diarioavanzada.com.mx\/wp-content\/uploads\/2025\/05\/Jornada-intercultural-sobre-China-en-el-Bach-21-1024x461.jpeg 1024w, https:\/\/diarioavanzada.com.mx\/wp-content\/uploads\/2025\/05\/Jornada-intercultural-sobre-China-en-el-Bach-21-300x135.jpeg 300w, https:\/\/diarioavanzada.com.mx\/wp-content\/uploads\/2025\/05\/Jornada-intercultural-sobre-China-en-el-Bach-21-768x346.jpeg 768w, https:\/\/diarioavanzada.com.mx\/wp-content\/uploads\/2025\/05\/Jornada-intercultural-sobre-China-en-el-Bach-21-1200x540.jpeg 1200w, https:\/\/diarioavanzada.com.mx\/wp-content\/uploads\/2025\/05\/Jornada-intercultural-sobre-China-en-el-Bach-21.jpeg 1280w\" sizes=\"auto, (max-width: 1024px) 100vw, 1024px\" \/><\/figure>\n\n\n\n<figure class=\"wp-block-image size-large\"><img loading=\"lazy\" decoding=\"async\" width=\"1024\" height=\"461\" src=\"https:\/\/diarioavanzada.com.mx\/wp-content\/uploads\/2025\/05\/Jornada-intercultural-sobre-China-en-el-Bach-21_b-1024x461.jpeg\" alt=\"\" class=\"wp-image-87735\" srcset=\"https:\/\/diarioavanzada.com.mx\/wp-content\/uploads\/2025\/05\/Jornada-intercultural-sobre-China-en-el-Bach-21_b-1024x461.jpeg 1024w, https:\/\/diarioavanzada.com.mx\/wp-content\/uploads\/2025\/05\/Jornada-intercultural-sobre-China-en-el-Bach-21_b-300x135.jpeg 300w, https:\/\/diarioavanzada.com.mx\/wp-content\/uploads\/2025\/05\/Jornada-intercultural-sobre-China-en-el-Bach-21_b-768x346.jpeg 768w, https:\/\/diarioavanzada.com.mx\/wp-content\/uploads\/2025\/05\/Jornada-intercultural-sobre-China-en-el-Bach-21_b-1200x540.jpeg 1200w, https:\/\/diarioavanzada.com.mx\/wp-content\/uploads\/2025\/05\/Jornada-intercultural-sobre-China-en-el-Bach-21_b.jpeg 1280w\" sizes=\"auto, (max-width: 1024px) 100vw, 1024px\" \/><\/figure>\n<div class=\"fb-background-color\">\n\t\t\t  <div \n\t\t\t  \tclass = \"fb-comments\" \n\t\t\t  \tdata-href = \"https:\/\/diarioavanzada.com.mx\/?p=87729\"\n\t\t\t  \tdata-numposts = \"10\"\n\t\t\t  \tdata-lazy = \"true\"\n\t\t\t\tdata-colorscheme = \"light\"\n\t\t\t\tdata-order-by = \"social\"\n\t\t\t\tdata-mobile=true>\n\t\t\t  <\/div><\/div>\n\t\t  <style>\n\t\t    .fb-background-color {\n\t\t\t\tbackground:  !important;\n\t\t\t}\n\t\t\t.fb_iframe_widget_fluid_desktop iframe {\n\t\t\t    width: 100% !important;\n\t\t\t}\n\t\t  <\/style>\n\t\t  ","protected":false},"excerpt":{"rendered":"<p>Uno de los momentos m\u00e1s significativos fue el di\u00e1logo intercultural con Huang Yangting (\u9ec4\u6768\u5ead), quien comparti\u00f3 vivencias, perspectivas y aspectos relevantes de la vida en China, generando un espacio de aprendizaje mutuo entre culturas. Colima, M\u00e9xico, Comunicado (26\/05\/2025).- Con el objetivo de fortalecer la formaci\u00f3n integral de las y los estudiantes y en el marco [&hellip;]<\/p>\n","protected":false},"author":7,"featured_media":87738,"comment_status":"closed","ping_status":"closed","sticky":false,"template":"","format":"standard","meta":{"_coblocks_attr":"","_coblocks_dimensions":"","_coblocks_responsive_height":"","_coblocks_accordion_ie_support":"","_crdt_document":"","advanced_seo_description":"","jetpack_seo_html_title":"","jetpack_seo_noindex":false,"_jetpack_memberships_contains_paid_content":false,"footnotes":""},"categories":[19,209,7],"tags":[],"class_list":["post-87729","post","type-post","status-publish","format-standard","has-post-thumbnail","hentry","category-colima","category-importantes","category-noticias"],"jetpack_featured_media_url":"https:\/\/diarioavanzada.com.mx\/wp-content\/uploads\/2025\/05\/e8473514-1400-4aae-ba22-778d583752af-1.jpg","jetpack-related-posts":[],"jetpack_sharing_enabled":true,"amp_enabled":true,"_links":{"self":[{"href":"https:\/\/diarioavanzada.com.mx\/index.php?rest_route=\/wp\/v2\/posts\/87729","targetHints":{"allow":["GET"]}}],"collection":[{"href":"https:\/\/diarioavanzada.com.mx\/index.php?rest_route=\/wp\/v2\/posts"}],"about":[{"href":"https:\/\/diarioavanzada.com.mx\/index.php?rest_route=\/wp\/v2\/types\/post"}],"author":[{"embeddable":true,"href":"https:\/\/diarioavanzada.com.mx\/index.php?rest_route=\/wp\/v2\/users\/7"}],"replies":[{"embeddable":true,"href":"https:\/\/diarioavanzada.com.mx\/index.php?rest_route=%2Fwp%2Fv2%2Fcomments&post=87729"}],"version-history":[{"count":3,"href":"https:\/\/diarioavanzada.com.mx\/index.php?rest_route=\/wp\/v2\/posts\/87729\/revisions"}],"predecessor-version":[{"id":87736,"href":"https:\/\/diarioavanzada.com.mx\/index.php?rest_route=\/wp\/v2\/posts\/87729\/revisions\/87736"}],"wp:featuredmedia":[{"embeddable":true,"href":"https:\/\/diarioavanzada.com.mx\/index.php?rest_route=\/wp\/v2\/media\/87738"}],"wp:attachment":[{"href":"https:\/\/diarioavanzada.com.mx\/index.php?rest_route=%2Fwp%2Fv2%2Fmedia&parent=87729"}],"wp:term":[{"taxonomy":"category","embeddable":true,"href":"https:\/\/diarioavanzada.com.mx\/index.php?rest_route=%2Fwp%2Fv2%2Fcategories&post=87729"},{"taxonomy":"post_tag","embeddable":true,"href":"https:\/\/diarioavanzada.com.mx\/index.php?rest_route=%2Fwp%2Fv2%2Ftags&post=87729"}],"curies":[{"name":"wp","href":"https:\/\/api.w.org\/{rel}","templated":true}]}}