{"id":87714,"date":"2025-05-26T08:27:34","date_gmt":"2025-05-26T14:27:34","guid":{"rendered":"https:\/\/diarioavanzada.com.mx\/?p=87714"},"modified":"2025-05-26T08:27:34","modified_gmt":"2025-05-26T14:27:34","slug":"la-psicologia-fue-al-parque-bienestar-mental-y-convivencia-en-espacios-publicos","status":"publish","type":"post","link":"https:\/\/diarioavanzada.com.mx\/?p=87714","title":{"rendered":"La Psicolog\u00eda fue al parque: bienestar mental y convivencia en espacios p\u00fablicos"},"content":{"rendered":"\n<p class=\"wp-block-paragraph\"><em>En esta edici\u00f3n participaron 15 docentes y m\u00e1s de 100 estudiantes de los programas de licenciatura y posgrado en Psicolog\u00eda, quienes atendieron a alrededor de 200 personas.<\/em><\/p>\n\n\n\n<p class=\"wp-block-paragraph\">Colima, M\u00e9xico, Comunicado (26\/05\/2025).- Como parte de las actividades de la XXXVI Semana de Psicolog\u00eda, esta semana se llev\u00f3 a cabo el evento \u201cLa Psicolog\u00eda tambi\u00e9n va al parque. Edici\u00f3n 2025\u201d, una jornada extramuros organizada por la Facultad de Psicolog\u00eda de la Universidad de Colima, bajo la coordinaci\u00f3n de la Dra. Ximena Zacar\u00edas Salinas, profesora investigadora de esta facultad.<\/p>\n\n\n\n<p class=\"wp-block-paragraph\">La actividad se realiz\u00f3 en horario vespertino, en el Jard\u00edn de Villa Izcalli, municipio de Villa de \u00c1lvarez, y tuvo como prop\u00f3sito acercar la psicolog\u00eda a la comunidad a trav\u00e9s de actividades recreativas, informativas y reflexivas orientadas al bienestar psicosocial y la promoci\u00f3n de la salud mental en diferentes grupos etarios (categor\u00edas de personas agrupadas por edad).<\/p>\n\n\n\n<p class=\"wp-block-paragraph\">En esta edici\u00f3n participaron 15 docentes y m\u00e1s de 100 estudiantes de los programas de licenciatura y posgrado en Psicolog\u00eda. A lo largo del parque, se instalaron 20 stands interactivos, cada uno con din\u00e1micas dise\u00f1adas para fomentar el autocuidado, fortalecer las relaciones interpersonales, gestionar el estr\u00e9s y resolver conflictos cotidianos.<\/p>\n\n\n\n<p class=\"wp-block-paragraph\">De manera estimada, se atendieron a alrededor de 200 personas durante la jornada, aunque es importante se\u00f1alar que, al poder participar en m\u00e1s de una actividad, algunos asistentes podr\u00edan haber sido contabilizados en varias ocasiones.<\/p>\n\n\n\n<p class=\"wp-block-paragraph\">Entre las actividades destacadas, las ni\u00f1as y ni\u00f1os disfrutaron de un laboratorio sensorial, mientras que las adolescencias participaron en talleres sobre autocuidado y educaci\u00f3n sexual. Por su parte, las personas j\u00f3venes reflexionaron sobre identidad de g\u00e9nero y las personas adultas se beneficiaron con sesiones de relajaci\u00f3n, manejo del estr\u00e9s y estrategias de resoluci\u00f3n de conflictos.<\/p>\n\n\n\n<p class=\"wp-block-paragraph\">El evento se caracteriz\u00f3 por un fuerte sentido de trabajo en equipo, diversidad e inclusi\u00f3n, no solo en su ejecuci\u00f3n, sino desde la etapa de planeaci\u00f3n. El entusiasmo y compromiso del alumnado fue evidente en su inter\u00e9s por presentar una psicolog\u00eda cercana, humana y al servicio de la sociedad.<\/p>\n\n\n\n<p class=\"wp-block-paragraph\">\u201cEste tipo de actividades permiten a las y los estudiantes aplicar sus conocimientos en escenarios reales, siempre bajo la gu\u00eda de docentes especializados en intervenci\u00f3n psicol\u00f3gica y social\u201d, coment\u00f3 la Dra. Zacar\u00edas.<\/p>\n\n\n\n<figure class=\"wp-block-image size-large\"><img loading=\"lazy\" decoding=\"async\" width=\"1024\" height=\"768\" src=\"https:\/\/diarioavanzada.com.mx\/wp-content\/uploads\/2025\/05\/La-psicologia-fue-al-parque-1024x768.jpg\" alt=\"\" class=\"wp-image-87717\" srcset=\"https:\/\/diarioavanzada.com.mx\/wp-content\/uploads\/2025\/05\/La-psicologia-fue-al-parque-1024x768.jpg 1024w, https:\/\/diarioavanzada.com.mx\/wp-content\/uploads\/2025\/05\/La-psicologia-fue-al-parque-300x225.jpg 300w, https:\/\/diarioavanzada.com.mx\/wp-content\/uploads\/2025\/05\/La-psicologia-fue-al-parque-768x576.jpg 768w, https:\/\/diarioavanzada.com.mx\/wp-content\/uploads\/2025\/05\/La-psicologia-fue-al-parque-1536x1152.jpg 1536w, https:\/\/diarioavanzada.com.mx\/wp-content\/uploads\/2025\/05\/La-psicologia-fue-al-parque-2048x1536.jpg 2048w, https:\/\/diarioavanzada.com.mx\/wp-content\/uploads\/2025\/05\/La-psicologia-fue-al-parque-1200x900.jpg?crop=1 1200w, https:\/\/diarioavanzada.com.mx\/wp-content\/uploads\/2025\/05\/La-psicologia-fue-al-parque-800x600.jpg?crop=1 800w, https:\/\/diarioavanzada.com.mx\/wp-content\/uploads\/2025\/05\/La-psicologia-fue-al-parque-600x450.jpg?crop=1 600w, https:\/\/diarioavanzada.com.mx\/wp-content\/uploads\/2025\/05\/La-psicologia-fue-al-parque-400x300.jpg?crop=1 400w, https:\/\/diarioavanzada.com.mx\/wp-content\/uploads\/2025\/05\/La-psicologia-fue-al-parque-200x150.jpg?crop=1 200w\" sizes=\"auto, (max-width: 1024px) 100vw, 1024px\" \/><\/figure>\n\n\n\n<figure class=\"wp-block-image size-large\"><img loading=\"lazy\" decoding=\"async\" width=\"1024\" height=\"768\" src=\"https:\/\/diarioavanzada.com.mx\/wp-content\/uploads\/2025\/05\/La-psicologia-fue-al-parque_c-1024x768.jpg\" alt=\"\" class=\"wp-image-87718\" srcset=\"https:\/\/diarioavanzada.com.mx\/wp-content\/uploads\/2025\/05\/La-psicologia-fue-al-parque_c-1024x768.jpg 1024w, https:\/\/diarioavanzada.com.mx\/wp-content\/uploads\/2025\/05\/La-psicologia-fue-al-parque_c-300x225.jpg 300w, https:\/\/diarioavanzada.com.mx\/wp-content\/uploads\/2025\/05\/La-psicologia-fue-al-parque_c-768x576.jpg 768w, https:\/\/diarioavanzada.com.mx\/wp-content\/uploads\/2025\/05\/La-psicologia-fue-al-parque_c-1536x1152.jpg 1536w, https:\/\/diarioavanzada.com.mx\/wp-content\/uploads\/2025\/05\/La-psicologia-fue-al-parque_c-2048x1536.jpg 2048w, https:\/\/diarioavanzada.com.mx\/wp-content\/uploads\/2025\/05\/La-psicologia-fue-al-parque_c-1200x900.jpg?crop=1 1200w, https:\/\/diarioavanzada.com.mx\/wp-content\/uploads\/2025\/05\/La-psicologia-fue-al-parque_c-800x600.jpg?crop=1 800w, https:\/\/diarioavanzada.com.mx\/wp-content\/uploads\/2025\/05\/La-psicologia-fue-al-parque_c-600x450.jpg?crop=1 600w, https:\/\/diarioavanzada.com.mx\/wp-content\/uploads\/2025\/05\/La-psicologia-fue-al-parque_c-400x300.jpg?crop=1 400w, https:\/\/diarioavanzada.com.mx\/wp-content\/uploads\/2025\/05\/La-psicologia-fue-al-parque_c-200x150.jpg?crop=1 200w\" sizes=\"auto, (max-width: 1024px) 100vw, 1024px\" \/><\/figure>\n\n\n\n<figure class=\"wp-block-image size-large\"><img loading=\"lazy\" decoding=\"async\" width=\"1024\" height=\"768\" src=\"https:\/\/diarioavanzada.com.mx\/wp-content\/uploads\/2025\/05\/La-psicologia-fue-al-parque_d-1024x768.jpg\" alt=\"\" class=\"wp-image-87720\" srcset=\"https:\/\/diarioavanzada.com.mx\/wp-content\/uploads\/2025\/05\/La-psicologia-fue-al-parque_d-1024x768.jpg 1024w, https:\/\/diarioavanzada.com.mx\/wp-content\/uploads\/2025\/05\/La-psicologia-fue-al-parque_d-300x225.jpg 300w, https:\/\/diarioavanzada.com.mx\/wp-content\/uploads\/2025\/05\/La-psicologia-fue-al-parque_d-768x576.jpg 768w, https:\/\/diarioavanzada.com.mx\/wp-content\/uploads\/2025\/05\/La-psicologia-fue-al-parque_d-1536x1152.jpg 1536w, https:\/\/diarioavanzada.com.mx\/wp-content\/uploads\/2025\/05\/La-psicologia-fue-al-parque_d-1200x900.jpg?crop=1 1200w, https:\/\/diarioavanzada.com.mx\/wp-content\/uploads\/2025\/05\/La-psicologia-fue-al-parque_d-800x600.jpg?crop=1 800w, https:\/\/diarioavanzada.com.mx\/wp-content\/uploads\/2025\/05\/La-psicologia-fue-al-parque_d-600x450.jpg?crop=1 600w, https:\/\/diarioavanzada.com.mx\/wp-content\/uploads\/2025\/05\/La-psicologia-fue-al-parque_d-400x300.jpg?crop=1 400w, https:\/\/diarioavanzada.com.mx\/wp-content\/uploads\/2025\/05\/La-psicologia-fue-al-parque_d-200x150.jpg?crop=1 200w, https:\/\/diarioavanzada.com.mx\/wp-content\/uploads\/2025\/05\/La-psicologia-fue-al-parque_d.jpg 1600w\" sizes=\"auto, (max-width: 1024px) 100vw, 1024px\" \/><\/figure>\n<div class=\"fb-background-color\">\n\t\t\t  <div \n\t\t\t  \tclass = \"fb-comments\" \n\t\t\t  \tdata-href = \"https:\/\/diarioavanzada.com.mx\/?p=87714\"\n\t\t\t  \tdata-numposts = \"10\"\n\t\t\t  \tdata-lazy = \"true\"\n\t\t\t\tdata-colorscheme = \"light\"\n\t\t\t\tdata-order-by = \"social\"\n\t\t\t\tdata-mobile=true>\n\t\t\t  <\/div><\/div>\n\t\t  <style>\n\t\t    .fb-background-color {\n\t\t\t\tbackground:  !important;\n\t\t\t}\n\t\t\t.fb_iframe_widget_fluid_desktop iframe {\n\t\t\t    width: 100% !important;\n\t\t\t}\n\t\t  <\/style>\n\t\t  ","protected":false},"excerpt":{"rendered":"<p>En esta edici\u00f3n participaron 15 docentes y m\u00e1s de 100 estudiantes de los programas de licenciatura y posgrado en Psicolog\u00eda, quienes atendieron a alrededor de 200 personas. Colima, M\u00e9xico, Comunicado (26\/05\/2025).- Como parte de las actividades de la XXXVI Semana de Psicolog\u00eda, esta semana se llev\u00f3 a cabo el evento \u201cLa Psicolog\u00eda tambi\u00e9n va al [&hellip;]<\/p>\n","protected":false},"author":7,"featured_media":87723,"comment_status":"closed","ping_status":"closed","sticky":false,"template":"","format":"standard","meta":{"_coblocks_attr":"","_coblocks_dimensions":"","_coblocks_responsive_height":"","_coblocks_accordion_ie_support":"","_crdt_document":"","advanced_seo_description":"","jetpack_seo_html_title":"","jetpack_seo_noindex":false,"_jetpack_memberships_contains_paid_content":false,"footnotes":""},"categories":[19,209,7],"tags":[],"class_list":["post-87714","post","type-post","status-publish","format-standard","has-post-thumbnail","hentry","category-colima","category-importantes","category-noticias"],"jetpack_featured_media_url":"https:\/\/diarioavanzada.com.mx\/wp-content\/uploads\/2025\/05\/90f72055-e0ab-4db1-afbb-6f39b3bf7d56-1.jpg","jetpack-related-posts":[],"jetpack_sharing_enabled":true,"amp_enabled":true,"_links":{"self":[{"href":"https:\/\/diarioavanzada.com.mx\/index.php?rest_route=\/wp\/v2\/posts\/87714","targetHints":{"allow":["GET"]}}],"collection":[{"href":"https:\/\/diarioavanzada.com.mx\/index.php?rest_route=\/wp\/v2\/posts"}],"about":[{"href":"https:\/\/diarioavanzada.com.mx\/index.php?rest_route=\/wp\/v2\/types\/post"}],"author":[{"embeddable":true,"href":"https:\/\/diarioavanzada.com.mx\/index.php?rest_route=\/wp\/v2\/users\/7"}],"replies":[{"embeddable":true,"href":"https:\/\/diarioavanzada.com.mx\/index.php?rest_route=%2Fwp%2Fv2%2Fcomments&post=87714"}],"version-history":[{"count":3,"href":"https:\/\/diarioavanzada.com.mx\/index.php?rest_route=\/wp\/v2\/posts\/87714\/revisions"}],"predecessor-version":[{"id":87721,"href":"https:\/\/diarioavanzada.com.mx\/index.php?rest_route=\/wp\/v2\/posts\/87714\/revisions\/87721"}],"wp:featuredmedia":[{"embeddable":true,"href":"https:\/\/diarioavanzada.com.mx\/index.php?rest_route=\/wp\/v2\/media\/87723"}],"wp:attachment":[{"href":"https:\/\/diarioavanzada.com.mx\/index.php?rest_route=%2Fwp%2Fv2%2Fmedia&parent=87714"}],"wp:term":[{"taxonomy":"category","embeddable":true,"href":"https:\/\/diarioavanzada.com.mx\/index.php?rest_route=%2Fwp%2Fv2%2Fcategories&post=87714"},{"taxonomy":"post_tag","embeddable":true,"href":"https:\/\/diarioavanzada.com.mx\/index.php?rest_route=%2Fwp%2Fv2%2Ftags&post=87714"}],"curies":[{"name":"wp","href":"https:\/\/api.w.org\/{rel}","templated":true}]}}