{"id":87709,"date":"2025-05-26T08:22:13","date_gmt":"2025-05-26T14:22:13","guid":{"rendered":"https:\/\/diarioavanzada.com.mx\/?p=87709"},"modified":"2025-05-26T08:22:13","modified_gmt":"2025-05-26T14:22:13","slug":"udec-sede-del-foro-nacional-plenos-derechos-politicos-de-los-residentes-en-el-extranjero","status":"publish","type":"post","link":"https:\/\/diarioavanzada.com.mx\/?p=87709","title":{"rendered":"UdeC, sede del Foro Nacional \u201cPlenos Derechos Pol\u00edticos de los Residentes en el Extranjero\u201d"},"content":{"rendered":"\n<p class=\"wp-block-paragraph\"><em>Se realizar\u00e1 este lunes 26 de mayo, a partir de las 10 de la ma\u00f1ana, en la Facultad de Ciencias Pol\u00edticas y Sociales de la Universidad de Colima, Campus Norte.<\/em><\/p>\n\n\n\n<p class=\"wp-block-paragraph\">Colima, M\u00e9xico, Comunicado (26\/05\/2025).- Con el objetivo de fortalecer los derechos pol\u00edticos y electorales de los mexicanos que viven en el extranjero, este lunes 26 de mayo se llevar\u00e1 a cabo en la Universidad de Colima el foro \u201cPlenos derechos pol\u00edticos de los residentes en el extranjero\u201d, organizado por Fuerza Migrante, la Universidad Fuerza Migrante (UFM, Plataforma Educativa Binacional) y la propia casa de estudios.<\/p>\n\n\n\n<p class=\"wp-block-paragraph\">La actividad se desarrollar\u00e1 de 10:30 de la ma\u00f1ana a 1:30 de la tarde en la Sala de Usos M\u00faltiples de la Facultad de Ciencias Pol\u00edticas y Sociales, en el Campus Norte, y forma parte de una gira nacional de foros que, hasta ahora, ha recorrido al menos 17 ciudades del pa\u00eds, consolidando a Fuerza Migrante como un referente en la promoci\u00f3n de la participaci\u00f3n c\u00edvica y democr\u00e1tica de la comunidad migrante.<\/p>\n\n\n\n<p class=\"wp-block-paragraph\"><strong>\u00bfQu\u00e9 es Fuerza Migrante?<\/strong><\/p>\n\n\n\n<p class=\"wp-block-paragraph\">Fuerza Migrante es un movimiento binacional que articula a organizaciones de migrantes, universidades, poderes p\u00fablicos y sociedad civil con el objetivo de promover pol\u00edticas p\u00fablicas incluyentes, reconocimiento pol\u00edtico y derechos integrales para los m\u00e1s de 12 millones de mexicanos residentes fuera del pa\u00eds. Uno de sus principales ejes es impulsar la representaci\u00f3n pol\u00edtica de los migrantes y facilitar su participaci\u00f3n en los procesos democr\u00e1ticos de M\u00e9xico.<\/p>\n\n\n\n<p class=\"wp-block-paragraph\"><strong>Un espacio para el an\u00e1lisis, la propuesta y el reconocimiento<\/strong><\/p>\n\n\n\n<p class=\"wp-block-paragraph\">El foro busca articular esfuerzos entre los tres niveles de gobierno, la academia, los poderes legislativos y judiciales, as\u00ed como organizaciones sociales, para construir una agenda com\u00fan que garantice los derechos pol\u00edticos de los mexicanos en el exterior. Esto incluye temas como el voto desde el extranjero, la representaci\u00f3n legislativa, la participaci\u00f3n en consultas populares y el derecho a presentar iniciativas ciudadanas.<\/p>\n\n\n\n<p class=\"wp-block-paragraph\">La inauguraci\u00f3n estar\u00e1 a cargo de la Dra. Cristina Tapia Muro, directora de la Facultad de Ciencias Pol\u00edticas y Sociales; la Licda. Romelia Elena Serrano, coordinadora estatal de Fuerza Migrante y Avelino Meza, secretario general del Consejo Binacional de Fuerza Migrante; adem\u00e1s de representantes del Congreso del Estado y del gobierno municipal.<\/p>\n\n\n\n<p class=\"wp-block-paragraph\">Durante el foro se desarrollar\u00e1n dos paneles: Panel 1: \u201cGobierno y legislaci\u00f3n para los colimenses en el exterior\u201d, con temas como la viabilidad de una diputaci\u00f3n migrante en Colima, experiencias de otros estados y mecanismos de democracia directa para migrantes.<\/p>\n\n\n\n<p class=\"wp-block-paragraph\">Panel 2: \u201cDefensa y protecci\u00f3n de los derechos pol\u00edtico-electorales de los colimenses en el exterior\u201d, enfocado en el voto electr\u00f3nico, eliminaci\u00f3n de barreras burocr\u00e1ticas, credencializaci\u00f3n y creaci\u00f3n de consejos consultivos de migrantes.<\/p>\n\n\n\n<p class=\"wp-block-paragraph\">Entre los ponentes destacan autoridades legislativas, electorales y acad\u00e9micas, y l\u00edderes migrantes como Miguel \u00c1ngel P\u00e9rez, fundador de Casa Colima. El foro culminar\u00e1 con la presentaci\u00f3n de conclusiones y acuerdos, y una respuesta institucional por parte del Congreso del Estado, autoridades locales y universitarias.<\/p>\n\n\n\n<p class=\"wp-block-paragraph\"><\/p>\n<div class=\"fb-background-color\">\n\t\t\t  <div \n\t\t\t  \tclass = \"fb-comments\" \n\t\t\t  \tdata-href = \"https:\/\/diarioavanzada.com.mx\/?p=87709\"\n\t\t\t  \tdata-numposts = \"10\"\n\t\t\t  \tdata-lazy = \"true\"\n\t\t\t\tdata-colorscheme = \"light\"\n\t\t\t\tdata-order-by = \"social\"\n\t\t\t\tdata-mobile=true>\n\t\t\t  <\/div><\/div>\n\t\t  <style>\n\t\t    .fb-background-color {\n\t\t\t\tbackground:  !important;\n\t\t\t}\n\t\t\t.fb_iframe_widget_fluid_desktop iframe {\n\t\t\t    width: 100% !important;\n\t\t\t}\n\t\t  <\/style>\n\t\t  ","protected":false},"excerpt":{"rendered":"<p>Se realizar\u00e1 este lunes 26 de mayo, a partir de las 10 de la ma\u00f1ana, en la Facultad de Ciencias Pol\u00edticas y Sociales de la Universidad de Colima, Campus Norte. Colima, M\u00e9xico, Comunicado (26\/05\/2025).- Con el objetivo de fortalecer los derechos pol\u00edticos y electorales de los mexicanos que viven en el extranjero, este lunes 26 [&hellip;]<\/p>\n","protected":false},"author":7,"featured_media":87715,"comment_status":"closed","ping_status":"closed","sticky":false,"template":"","format":"standard","meta":{"_coblocks_attr":"","_coblocks_dimensions":"","_coblocks_responsive_height":"","_coblocks_accordion_ie_support":"","_crdt_document":"","advanced_seo_description":"","jetpack_seo_html_title":"","jetpack_seo_noindex":false,"_jetpack_memberships_contains_paid_content":false,"footnotes":""},"categories":[19,209,7],"tags":[],"class_list":["post-87709","post","type-post","status-publish","format-standard","has-post-thumbnail","hentry","category-colima","category-importantes","category-noticias"],"jetpack_featured_media_url":"https:\/\/diarioavanzada.com.mx\/wp-content\/uploads\/2025\/05\/a7006e68-1e4c-4534-978d-330c00c42a93-1.jpg","jetpack-related-posts":[],"jetpack_sharing_enabled":true,"amp_enabled":true,"_links":{"self":[{"href":"https:\/\/diarioavanzada.com.mx\/index.php?rest_route=\/wp\/v2\/posts\/87709","targetHints":{"allow":["GET"]}}],"collection":[{"href":"https:\/\/diarioavanzada.com.mx\/index.php?rest_route=\/wp\/v2\/posts"}],"about":[{"href":"https:\/\/diarioavanzada.com.mx\/index.php?rest_route=\/wp\/v2\/types\/post"}],"author":[{"embeddable":true,"href":"https:\/\/diarioavanzada.com.mx\/index.php?rest_route=\/wp\/v2\/users\/7"}],"replies":[{"embeddable":true,"href":"https:\/\/diarioavanzada.com.mx\/index.php?rest_route=%2Fwp%2Fv2%2Fcomments&post=87709"}],"version-history":[{"count":2,"href":"https:\/\/diarioavanzada.com.mx\/index.php?rest_route=\/wp\/v2\/posts\/87709\/revisions"}],"predecessor-version":[{"id":87713,"href":"https:\/\/diarioavanzada.com.mx\/index.php?rest_route=\/wp\/v2\/posts\/87709\/revisions\/87713"}],"wp:featuredmedia":[{"embeddable":true,"href":"https:\/\/diarioavanzada.com.mx\/index.php?rest_route=\/wp\/v2\/media\/87715"}],"wp:attachment":[{"href":"https:\/\/diarioavanzada.com.mx\/index.php?rest_route=%2Fwp%2Fv2%2Fmedia&parent=87709"}],"wp:term":[{"taxonomy":"category","embeddable":true,"href":"https:\/\/diarioavanzada.com.mx\/index.php?rest_route=%2Fwp%2Fv2%2Fcategories&post=87709"},{"taxonomy":"post_tag","embeddable":true,"href":"https:\/\/diarioavanzada.com.mx\/index.php?rest_route=%2Fwp%2Fv2%2Ftags&post=87709"}],"curies":[{"name":"wp","href":"https:\/\/api.w.org\/{rel}","templated":true}]}}