{"id":87623,"date":"2025-05-25T08:05:23","date_gmt":"2025-05-25T14:05:23","guid":{"rendered":"https:\/\/diarioavanzada.com.mx\/?p=87623"},"modified":"2025-05-25T08:06:49","modified_gmt":"2025-05-25T14:06:49","slug":"ola-de-violencia-en-tierra-caliente-deja-bloqueos-y-vehiculos-incendiados-en-michoacan","status":"publish","type":"post","link":"https:\/\/diarioavanzada.com.mx\/?p=87623","title":{"rendered":"Se registran narcobloqueos y veh\u00edculos incendiados en Michoac\u00e1n"},"content":{"rendered":"\n<p class=\"p1 wp-block-paragraph\">Michoac\u00e1n, M\u00e9xico, Avanzada (25\/05\/2025).- La regi\u00f3n de Tierra Caliente vivi\u00f3 una nueva jornada de violencia este s\u00e1bado, cuando diversos grupos armados protagonizaron enfrentamientos que desencadenaron bloqueos y quema de veh\u00edculos en municipios como Apatzing\u00e1n y Buenavista.<\/p>\n\n\n\n<p class=\"p1 wp-block-paragraph\">Durante las primeras horas del d\u00eda, varias vialidades fueron cerradas de forma violenta. Hombres armados interceptaron unidades de transporte \u2014principalmente camiones de carga\u2014 para prenderles fuego y obstaculizar el paso en zonas clave de la regi\u00f3n. Las acciones se concentraron en tramos de la carretera federal Apatzing\u00e1n-Buenavista, particularmente en puntos como Rancho Seco, la estaci\u00f3n de gasolina en Santa Ana Amatl\u00e1n y frente al Hospital Regional, en la salida hacia Los Reyes.<\/p>\n\n\n\n<p class=\"p1 wp-block-paragraph\">Uno de los incidentes m\u00e1s notorios ocurri\u00f3 en la avenida Corregidora, dentro de la colonia Nueva de Apatzing\u00e1n, donde un cami\u00f3n repartidor de la empresa cervecera Corona fue incendiado a plena luz del d\u00eda, generando alarma entre los habitantes.<\/p>\n\n\n\n<p class=\"p1 wp-block-paragraph\">Adem\u00e1s, se registraron bloqueos en caminos rurales, como la brecha hacia El Recreo y San Juan de los Pl\u00e1tanos. Tambi\u00e9n se reportaron llantas ardiendo en la salida hacia Acahuato. En tanto, sobre la v\u00eda Apatzing\u00e1n-Aguililla, las comunidades de Pinz\u00e1ndaro, Catalinas y Colonias fueron escenario de acciones similares, con veh\u00edculos atravesados impidiendo el tr\u00e1nsito.<\/p>\n\n\n\n<p class=\"p1 wp-block-paragraph\">Aunque los hechos generaron temor entre la poblaci\u00f3n y un importante impacto en la movilidad de la zona, hasta el momento no se han reportado personas heridas ni detenidas. Autoridades estatales y federales mantienen presencia en el \u00e1rea y han pedido a la ciudadan\u00eda no transitar por las rutas afectadas, adem\u00e1s de mantenerse atenta a la informaci\u00f3n oficial.<\/p>\n\n\n\n<p class=\"p1 wp-block-paragraph\">La situaci\u00f3n en Tierra Caliente contin\u00faa siendo motivo de preocupaci\u00f3n por la reiterada violencia que afecta a sus comunidades, atrapadas en medio de disputas entre organizaciones delictivas.<\/p>\n\n\n\n<figure class=\"wp-block-video\"><div class=\"wp-block-embed__wrapper\">\n<iframe title=\"VideoPress Video Player\" aria-label='VideoPress Video Player' width='699' height='1000' src='https:\/\/videopress.com\/embed\/So5LPfz5?cover=1&amp;preloadContent=metadata&amp;useAverageColor=1&amp;hd=0' frameborder='0' allowfullscreen data-resize-to-parent=\"true\" allow='clipboard-write'><\/iframe><script src='https:\/\/v0.wordpress.com\/js\/next\/videopress-iframe.js?m=1739540970'><\/script>\n<\/div><\/figure>\n<div class=\"fb-background-color\">\n\t\t\t  <div \n\t\t\t  \tclass = \"fb-comments\" \n\t\t\t  \tdata-href = \"https:\/\/diarioavanzada.com.mx\/?p=87623\"\n\t\t\t  \tdata-numposts = \"10\"\n\t\t\t  \tdata-lazy = \"true\"\n\t\t\t\tdata-colorscheme = \"light\"\n\t\t\t\tdata-order-by = \"social\"\n\t\t\t\tdata-mobile=true>\n\t\t\t  <\/div><\/div>\n\t\t  <style>\n\t\t    .fb-background-color {\n\t\t\t\tbackground:  !important;\n\t\t\t}\n\t\t\t.fb_iframe_widget_fluid_desktop iframe {\n\t\t\t    width: 100% !important;\n\t\t\t}\n\t\t  <\/style>\n\t\t  ","protected":false},"excerpt":{"rendered":"<p>Michoac\u00e1n, M\u00e9xico, Avanzada (25\/05\/2025).- La regi\u00f3n de Tierra Caliente vivi\u00f3 una nueva jornada de violencia este s\u00e1bado, cuando diversos grupos armados protagonizaron enfrentamientos que desencadenaron bloqueos y quema de veh\u00edculos en municipios como Apatzing\u00e1n y Buenavista. Durante las primeras horas del d\u00eda, varias vialidades fueron cerradas de forma violenta. Hombres armados interceptaron unidades de transporte [&hellip;]<\/p>\n","protected":false},"author":7,"featured_media":87621,"comment_status":"closed","ping_status":"closed","sticky":false,"template":"","format":"standard","meta":{"_coblocks_attr":"","_coblocks_dimensions":"","_coblocks_responsive_height":"","_coblocks_accordion_ie_support":"","_crdt_document":"","advanced_seo_description":"","jetpack_seo_html_title":"","jetpack_seo_noindex":false,"_jetpack_memberships_contains_paid_content":false,"footnotes":""},"categories":[22,7,231],"tags":[210],"class_list":["post-87623","post","type-post","status-publish","format-standard","has-post-thumbnail","hentry","category-nacion","category-noticias","category-seguridad","tag-portada"],"jetpack_featured_media_url":"https:\/\/diarioavanzada.com.mx\/wp-content\/uploads\/2025\/05\/img_8712-1.png","jetpack-related-posts":[],"jetpack_sharing_enabled":true,"amp_enabled":true,"_links":{"self":[{"href":"https:\/\/diarioavanzada.com.mx\/index.php?rest_route=\/wp\/v2\/posts\/87623","targetHints":{"allow":["GET"]}}],"collection":[{"href":"https:\/\/diarioavanzada.com.mx\/index.php?rest_route=\/wp\/v2\/posts"}],"about":[{"href":"https:\/\/diarioavanzada.com.mx\/index.php?rest_route=\/wp\/v2\/types\/post"}],"author":[{"embeddable":true,"href":"https:\/\/diarioavanzada.com.mx\/index.php?rest_route=\/wp\/v2\/users\/7"}],"replies":[{"embeddable":true,"href":"https:\/\/diarioavanzada.com.mx\/index.php?rest_route=%2Fwp%2Fv2%2Fcomments&post=87623"}],"version-history":[{"count":2,"href":"https:\/\/diarioavanzada.com.mx\/index.php?rest_route=\/wp\/v2\/posts\/87623\/revisions"}],"predecessor-version":[{"id":87627,"href":"https:\/\/diarioavanzada.com.mx\/index.php?rest_route=\/wp\/v2\/posts\/87623\/revisions\/87627"}],"wp:featuredmedia":[{"embeddable":true,"href":"https:\/\/diarioavanzada.com.mx\/index.php?rest_route=\/wp\/v2\/media\/87621"}],"wp:attachment":[{"href":"https:\/\/diarioavanzada.com.mx\/index.php?rest_route=%2Fwp%2Fv2%2Fmedia&parent=87623"}],"wp:term":[{"taxonomy":"category","embeddable":true,"href":"https:\/\/diarioavanzada.com.mx\/index.php?rest_route=%2Fwp%2Fv2%2Fcategories&post=87623"},{"taxonomy":"post_tag","embeddable":true,"href":"https:\/\/diarioavanzada.com.mx\/index.php?rest_route=%2Fwp%2Fv2%2Ftags&post=87623"}],"curies":[{"name":"wp","href":"https:\/\/api.w.org\/{rel}","templated":true}]}}