{"id":87618,"date":"2025-05-25T07:10:34","date_gmt":"2025-05-25T13:10:34","guid":{"rendered":"https:\/\/diarioavanzada.com.mx\/?p=87618"},"modified":"2025-05-25T07:10:34","modified_gmt":"2025-05-25T13:10:34","slug":"prevalece-onda-de-calor-en-colima-con-temperaturas-de-hasta-45-c","status":"publish","type":"post","link":"https:\/\/diarioavanzada.com.mx\/?p=87618","title":{"rendered":"Prevalece onda de calor en Colima con temperaturas de hasta 45 \u00b0C"},"content":{"rendered":"\n<p class=\"p1 wp-block-paragraph\">Colima, M\u00e9xico, Avanzada (25\/05\/2025).- Este domingo, el estado de Colima continuar\u00e1 bajo los efectos de una intensa onda de calor que ha elevado las temperaturas a niveles extremos. Se prev\u00e9n m\u00e1ximas de entre 40 y 45 \u00b0C en varias regiones de la entidad, especialmente en las zonas interiores, donde el ambiente ser\u00e1 caluroso a muy caluroso durante todo el d\u00eda.<\/p>\n\n\n\n<p class=\"p1 wp-block-paragraph\">De acuerdo con el pron\u00f3stico del Servicio Meteorol\u00f3gico Nacional, por la tarde podr\u00edan presentarse lluvias con chubascos acompa\u00f1ados de descargas el\u00e9ctricas en distintas partes del estado. Aunque no se anticipan precipitaciones intensas, estas lluvias podr\u00edan estar acompa\u00f1adas de granizo y provocar encharcamientos temporales.<\/p>\n\n\n\n<p class=\"p1 wp-block-paragraph\">En la regi\u00f3n Pac\u00edfico Centro, que incluye a Colima, se espera cielo parcialmente nublado por la ma\u00f1ana y nublado por la tarde. El viento ser\u00e1 de direcci\u00f3n variable con rachas de 30 a 50 km\/h en el estado. Adem\u00e1s, se recomienda precauci\u00f3n ante la posibilidad de tolvaneras en zonas aleda\u00f1as, principalmente en el estado de Nayarit.<\/p>\n\n\n\n<p class=\"p1 wp-block-paragraph\">La combinaci\u00f3n de calor extremo y la presencia de humedad proveniente del oc\u00e9ano Pac\u00edfico aumenta la posibilidad de tormentas el\u00e9ctricas, por lo que se sugiere a la poblaci\u00f3n tomar precauciones, especialmente en zonas rurales y monta\u00f1osas.<\/p>\n\n\n\n<p class=\"p1 wp-block-paragraph\">Por \u00faltimo, se recuerda a la ciudadan\u00eda mantenerse hidratada, evitar la exposici\u00f3n prolongada al sol y estar atenta a los avisos de Protecci\u00f3n Civil, ya que las condiciones clim\u00e1ticas podr\u00edan cambiar r\u00e1pidamente durante la tarde.<\/p>\n<div class=\"fb-background-color\">\n\t\t\t  <div \n\t\t\t  \tclass = \"fb-comments\" \n\t\t\t  \tdata-href = \"https:\/\/diarioavanzada.com.mx\/?p=87618\"\n\t\t\t  \tdata-numposts = \"10\"\n\t\t\t  \tdata-lazy = \"true\"\n\t\t\t\tdata-colorscheme = \"light\"\n\t\t\t\tdata-order-by = \"social\"\n\t\t\t\tdata-mobile=true>\n\t\t\t  <\/div><\/div>\n\t\t  <style>\n\t\t    .fb-background-color {\n\t\t\t\tbackground:  !important;\n\t\t\t}\n\t\t\t.fb_iframe_widget_fluid_desktop iframe {\n\t\t\t    width: 100% !important;\n\t\t\t}\n\t\t  <\/style>\n\t\t  ","protected":false},"excerpt":{"rendered":"<p>Colima, M\u00e9xico, Avanzada (25\/05\/2025).- Este domingo, el estado de Colima continuar\u00e1 bajo los efectos de una intensa onda de calor que ha elevado las temperaturas a niveles extremos. Se prev\u00e9n m\u00e1ximas de entre 40 y 45 \u00b0C en varias regiones de la entidad, especialmente en las zonas interiores, donde el ambiente ser\u00e1 caluroso a muy [&hellip;]<\/p>\n","protected":false},"author":7,"featured_media":87617,"comment_status":"closed","ping_status":"closed","sticky":false,"template":"","format":"standard","meta":{"_coblocks_attr":"","_coblocks_dimensions":"","_coblocks_responsive_height":"","_coblocks_accordion_ie_support":"","_crdt_document":"","advanced_seo_description":"","jetpack_seo_html_title":"","jetpack_seo_noindex":false,"_jetpack_memberships_contains_paid_content":false,"footnotes":""},"categories":[19,7,29],"tags":[],"class_list":["post-87618","post","type-post","status-publish","format-standard","has-post-thumbnail","hentry","category-colima","category-noticias","category-sociedad"],"jetpack_featured_media_url":"https:\/\/diarioavanzada.com.mx\/wp-content\/uploads\/2025\/05\/img_8706-1.jpg","jetpack-related-posts":[],"jetpack_sharing_enabled":true,"amp_enabled":true,"_links":{"self":[{"href":"https:\/\/diarioavanzada.com.mx\/index.php?rest_route=\/wp\/v2\/posts\/87618","targetHints":{"allow":["GET"]}}],"collection":[{"href":"https:\/\/diarioavanzada.com.mx\/index.php?rest_route=\/wp\/v2\/posts"}],"about":[{"href":"https:\/\/diarioavanzada.com.mx\/index.php?rest_route=\/wp\/v2\/types\/post"}],"author":[{"embeddable":true,"href":"https:\/\/diarioavanzada.com.mx\/index.php?rest_route=\/wp\/v2\/users\/7"}],"replies":[{"embeddable":true,"href":"https:\/\/diarioavanzada.com.mx\/index.php?rest_route=%2Fwp%2Fv2%2Fcomments&post=87618"}],"version-history":[{"count":0,"href":"https:\/\/diarioavanzada.com.mx\/index.php?rest_route=\/wp\/v2\/posts\/87618\/revisions"}],"wp:featuredmedia":[{"embeddable":true,"href":"https:\/\/diarioavanzada.com.mx\/index.php?rest_route=\/wp\/v2\/media\/87617"}],"wp:attachment":[{"href":"https:\/\/diarioavanzada.com.mx\/index.php?rest_route=%2Fwp%2Fv2%2Fmedia&parent=87618"}],"wp:term":[{"taxonomy":"category","embeddable":true,"href":"https:\/\/diarioavanzada.com.mx\/index.php?rest_route=%2Fwp%2Fv2%2Fcategories&post=87618"},{"taxonomy":"post_tag","embeddable":true,"href":"https:\/\/diarioavanzada.com.mx\/index.php?rest_route=%2Fwp%2Fv2%2Ftags&post=87618"}],"curies":[{"name":"wp","href":"https:\/\/api.w.org\/{rel}","templated":true}]}}