{"id":87608,"date":"2025-05-25T07:02:02","date_gmt":"2025-05-25T13:02:02","guid":{"rendered":"https:\/\/diarioavanzada.com.mx\/?p=87608"},"modified":"2025-05-25T07:05:11","modified_gmt":"2025-05-25T13:05:11","slug":"incendio-en-el-bodegon-fue-ocasionado-por-la-basura-proteccion-civil","status":"publish","type":"post","link":"https:\/\/diarioavanzada.com.mx\/?p=87608","title":{"rendered":"Incendio en El Bodeg\u00f3n fue ocasionado por la basura: PC"},"content":{"rendered":"\n<p class=\"wp-block-paragraph\"><em>Protecci\u00f3n Civil Estatal Colima atribuye a basura incendio en El Bodeg\u00f3n, pero omite siniestro de cuatro autos en Villa de \u00c1lvarez<\/em><\/p>\n\n\n\n<p class=\"p1 wp-block-paragraph\">Colima, M\u00e9xico, Avanzada (25\/05\/2025).- La noche de este s\u00e1bado, un incendio ocurrido en la tienda El Bodeg\u00f3n, ubicada sobre la avenida Benito Ju\u00e1rez en Villa de \u00c1lvarez, fue controlado por personal de Protecci\u00f3n Civil Municipal y bomberos voluntarios. De acuerdo con un comunicado emitido por Protecci\u00f3n Civil Estatal, el incendio fue provocado por acumulaci\u00f3n de basura en el exterior del inmueble.<\/p>\n\n\n\n<p class=\"p1 wp-block-paragraph\">El siniestro, que solo dej\u00f3 da\u00f1os materiales en la fachada de la tienda y no registr\u00f3 personas lesionadas, se present\u00f3 el mismo d\u00eda que se report\u00f3 la quema de cuatro autom\u00f3viles tambi\u00e9n en Villa de \u00c1lvarez. Hasta el momento, Protecci\u00f3n Civil no ha emitido informaci\u00f3n sobre esos hechos, generando cuestionamientos sobre las causas de ambos incidentes.<\/p>\n\n\n\n<p class=\"p1 wp-block-paragraph\">Mientras Protecci\u00f3n Civil Estatal Colima exhort\u00f3 a la poblaci\u00f3n a evitar acumulaci\u00f3n de desechos y a reportar emergencias al 911, el organismo no ha proporcionado detalles sobre la investigaci\u00f3n o las circunstancias en torno a los veh\u00edculos incendiados, dejando pendiente una explicaci\u00f3n oficial.<\/p>\n\n\n\n<figure class=\"wp-block-image size-large\"><img loading=\"lazy\" decoding=\"async\" width=\"768\" height=\"1024\" src=\"https:\/\/diarioavanzada.com.mx\/wp-content\/uploads\/2025\/05\/img_3171-1-768x1024.jpg\" alt=\"\" class=\"wp-image-87606\" srcset=\"https:\/\/diarioavanzada.com.mx\/wp-content\/uploads\/2025\/05\/img_3171-1-768x1024.jpg 768w, https:\/\/diarioavanzada.com.mx\/wp-content\/uploads\/2025\/05\/img_3171-1-225x300.jpg 225w, https:\/\/diarioavanzada.com.mx\/wp-content\/uploads\/2025\/05\/img_3171-1-1152x1536.jpg 1152w, https:\/\/diarioavanzada.com.mx\/wp-content\/uploads\/2025\/05\/img_3171-1.jpg 1200w\" sizes=\"auto, (max-width: 768px) 100vw, 768px\" \/><\/figure>\n\n\n\n<p class=\"p1 wp-block-paragraph\"><\/p>\n\n\n\n<figure class=\"wp-block-image size-large\"><img loading=\"lazy\" decoding=\"async\" width=\"768\" height=\"1024\" src=\"https:\/\/diarioavanzada.com.mx\/wp-content\/uploads\/2025\/05\/img_3172-1-768x1024.jpg\" alt=\"\" class=\"wp-image-87605\" srcset=\"https:\/\/diarioavanzada.com.mx\/wp-content\/uploads\/2025\/05\/img_3172-1-768x1024.jpg 768w, https:\/\/diarioavanzada.com.mx\/wp-content\/uploads\/2025\/05\/img_3172-1-225x300.jpg 225w, https:\/\/diarioavanzada.com.mx\/wp-content\/uploads\/2025\/05\/img_3172-1-1152x1536.jpg 1152w, https:\/\/diarioavanzada.com.mx\/wp-content\/uploads\/2025\/05\/img_3172-1.jpg 1200w\" sizes=\"auto, (max-width: 768px) 100vw, 768px\" \/><\/figure>\n\n\n\n<figure class=\"wp-block-image size-large\"><img loading=\"lazy\" decoding=\"async\" width=\"1024\" height=\"1024\" src=\"https:\/\/diarioavanzada.com.mx\/wp-content\/uploads\/2025\/05\/img_3173-2-1-1024x1024.jpg\" alt=\"\" class=\"wp-image-87610\" srcset=\"https:\/\/diarioavanzada.com.mx\/wp-content\/uploads\/2025\/05\/img_3173-2-1-1024x1024.jpg 1024w, https:\/\/diarioavanzada.com.mx\/wp-content\/uploads\/2025\/05\/img_3173-2-1-300x300.jpg 300w, https:\/\/diarioavanzada.com.mx\/wp-content\/uploads\/2025\/05\/img_3173-2-1-150x150.jpg?crop=1 150w, https:\/\/diarioavanzada.com.mx\/wp-content\/uploads\/2025\/05\/img_3173-2-1-768x768.jpg 768w, https:\/\/diarioavanzada.com.mx\/wp-content\/uploads\/2025\/05\/img_3173-2-1-80x80.jpg?crop=1 80w, https:\/\/diarioavanzada.com.mx\/wp-content\/uploads\/2025\/05\/img_3173-2-1.jpg 1080w\" sizes=\"auto, (max-width: 1024px) 100vw, 1024px\" \/><\/figure>\n<div class=\"fb-background-color\">\n\t\t\t  <div \n\t\t\t  \tclass = \"fb-comments\" \n\t\t\t  \tdata-href = \"https:\/\/diarioavanzada.com.mx\/?p=87608\"\n\t\t\t  \tdata-numposts = \"10\"\n\t\t\t  \tdata-lazy = \"true\"\n\t\t\t\tdata-colorscheme = \"light\"\n\t\t\t\tdata-order-by = \"social\"\n\t\t\t\tdata-mobile=true>\n\t\t\t  <\/div><\/div>\n\t\t  <style>\n\t\t    .fb-background-color {\n\t\t\t\tbackground:  !important;\n\t\t\t}\n\t\t\t.fb_iframe_widget_fluid_desktop iframe {\n\t\t\t    width: 100% !important;\n\t\t\t}\n\t\t  <\/style>\n\t\t  ","protected":false},"excerpt":{"rendered":"<p>Protecci\u00f3n Civil Estatal Colima atribuye a basura incendio en El Bodeg\u00f3n, pero omite siniestro de cuatro autos en Villa de \u00c1lvarez Colima, M\u00e9xico, Avanzada (25\/05\/2025).- La noche de este s\u00e1bado, un incendio ocurrido en la tienda El Bodeg\u00f3n, ubicada sobre la avenida Benito Ju\u00e1rez en Villa de \u00c1lvarez, fue controlado por personal de Protecci\u00f3n Civil [&hellip;]<\/p>\n","protected":false},"author":7,"featured_media":87609,"comment_status":"closed","ping_status":"closed","sticky":false,"template":"","format":"standard","meta":{"_coblocks_attr":"","_coblocks_dimensions":"","_coblocks_responsive_height":"","_coblocks_accordion_ie_support":"","_crdt_document":"","advanced_seo_description":"","jetpack_seo_html_title":"","jetpack_seo_noindex":false,"_jetpack_memberships_contains_paid_content":false,"footnotes":""},"categories":[19,209,7,231],"tags":[210],"class_list":["post-87608","post","type-post","status-publish","format-standard","has-post-thumbnail","hentry","category-colima","category-importantes","category-noticias","category-seguridad","tag-portada"],"jetpack_featured_media_url":"https:\/\/diarioavanzada.com.mx\/wp-content\/uploads\/2025\/05\/img_3173-1.jpg","jetpack-related-posts":[],"jetpack_sharing_enabled":true,"amp_enabled":true,"_links":{"self":[{"href":"https:\/\/diarioavanzada.com.mx\/index.php?rest_route=\/wp\/v2\/posts\/87608","targetHints":{"allow":["GET"]}}],"collection":[{"href":"https:\/\/diarioavanzada.com.mx\/index.php?rest_route=\/wp\/v2\/posts"}],"about":[{"href":"https:\/\/diarioavanzada.com.mx\/index.php?rest_route=\/wp\/v2\/types\/post"}],"author":[{"embeddable":true,"href":"https:\/\/diarioavanzada.com.mx\/index.php?rest_route=\/wp\/v2\/users\/7"}],"replies":[{"embeddable":true,"href":"https:\/\/diarioavanzada.com.mx\/index.php?rest_route=%2Fwp%2Fv2%2Fcomments&post=87608"}],"version-history":[{"count":6,"href":"https:\/\/diarioavanzada.com.mx\/index.php?rest_route=\/wp\/v2\/posts\/87608\/revisions"}],"predecessor-version":[{"id":87616,"href":"https:\/\/diarioavanzada.com.mx\/index.php?rest_route=\/wp\/v2\/posts\/87608\/revisions\/87616"}],"wp:featuredmedia":[{"embeddable":true,"href":"https:\/\/diarioavanzada.com.mx\/index.php?rest_route=\/wp\/v2\/media\/87609"}],"wp:attachment":[{"href":"https:\/\/diarioavanzada.com.mx\/index.php?rest_route=%2Fwp%2Fv2%2Fmedia&parent=87608"}],"wp:term":[{"taxonomy":"category","embeddable":true,"href":"https:\/\/diarioavanzada.com.mx\/index.php?rest_route=%2Fwp%2Fv2%2Fcategories&post=87608"},{"taxonomy":"post_tag","embeddable":true,"href":"https:\/\/diarioavanzada.com.mx\/index.php?rest_route=%2Fwp%2Fv2%2Ftags&post=87608"}],"curies":[{"name":"wp","href":"https:\/\/api.w.org\/{rel}","templated":true}]}}