{"id":87497,"date":"2025-05-24T10:44:00","date_gmt":"2025-05-24T16:44:00","guid":{"rendered":"https:\/\/diarioavanzada.com.mx\/?p=87497"},"modified":"2025-05-24T10:46:38","modified_gmt":"2025-05-24T16:46:38","slug":"comando-armado-dispara-contra-militantes-del-pan-en-veracruz","status":"publish","type":"post","link":"https:\/\/diarioavanzada.com.mx\/?p=87497","title":{"rendered":"Comando armado dispara contra militantes del PAN en Veracruz"},"content":{"rendered":"\n<p class=\"p1 wp-block-paragraph\">Colima, M\u00e9xico, Avanzada (24\/05\/2025).- El Partido Acci\u00f3n Nacional (PAN) del municipio de Tantoyuca, Veracruz, denunci\u00f3 p\u00fablicamente un ataque armado en contra de simpatizantes y militantes, incluido un candidato a regidor, registrado el pasado 22 de mayo. Seg\u00fan el comunicado oficial, el grupo fue interceptado por tres camionetas con personas armadas en el camino a la localidad de Terrero, a la altura de un sitio conocido como \u201cDos Caminos\u201d.<\/p>\n\n\n\n<p class=\"p1 wp-block-paragraph\">En el atentado, al menos una persona result\u00f3 herida, lo que el partido calific\u00f3 como un acto de cobard\u00eda y un intento por sembrar miedo en medio del proceso electoral. La denuncia fue firmada por el candidato panista a la Presidencia Municipal, Joaqu\u00edn Rosendo Guzm\u00e1n Avil\u00e9s, quien conden\u00f3 los hechos y pidi\u00f3 la intervenci\u00f3n urgente de las autoridades.<\/p>\n\n\n\n<p class=\"p1 wp-block-paragraph\">El PAN subray\u00f3 que su campa\u00f1a se basa en \u201cideas, valores y propuestas\u201d, y no debe verse amenazada por la violencia. Por ello, exigieron al Instituto Nacional Electoral (INE), al Consejo General del Organismo P\u00fablico Local Electoral (OPLE), as\u00ed como a la Guardia Nacional y a la Secretar\u00eda de la Defensa Nacional (SEDENA), que intervengan para garantizar un proceso electoral seguro.<\/p>\n\n\n\n<p class=\"p1 wp-block-paragraph\">Finalmente, hicieron un llamado a la ciudadan\u00eda de Tantoyuca a alzar la voz unida para exigir elecciones sin violencia, bajo el lema: \u201cPor una patria ordenada y generosa, y una vida mejor y m\u00e1s digna para todos\u201d.<\/p>\n<div class=\"fb-background-color\">\n\t\t\t  <div \n\t\t\t  \tclass = \"fb-comments\" \n\t\t\t  \tdata-href = \"https:\/\/diarioavanzada.com.mx\/?p=87497\"\n\t\t\t  \tdata-numposts = \"10\"\n\t\t\t  \tdata-lazy = \"true\"\n\t\t\t\tdata-colorscheme = \"light\"\n\t\t\t\tdata-order-by = \"social\"\n\t\t\t\tdata-mobile=true>\n\t\t\t  <\/div><\/div>\n\t\t  <style>\n\t\t    .fb-background-color {\n\t\t\t\tbackground:  !important;\n\t\t\t}\n\t\t\t.fb_iframe_widget_fluid_desktop iframe {\n\t\t\t    width: 100% !important;\n\t\t\t}\n\t\t  <\/style>\n\t\t  ","protected":false},"excerpt":{"rendered":"<p>Colima, M\u00e9xico, Avanzada (24\/05\/2025).- El Partido Acci\u00f3n Nacional (PAN) del municipio de Tantoyuca, Veracruz, denunci\u00f3 p\u00fablicamente un ataque armado en contra de simpatizantes y militantes, incluido un candidato a regidor, registrado el pasado 22 de mayo. Seg\u00fan el comunicado oficial, el grupo fue interceptado por tres camionetas con personas armadas en el camino a la [&hellip;]<\/p>\n","protected":false},"author":7,"featured_media":87496,"comment_status":"closed","ping_status":"closed","sticky":false,"template":"","format":"standard","meta":{"_coblocks_attr":"","_coblocks_dimensions":"","_coblocks_responsive_height":"","_coblocks_accordion_ie_support":"","_crdt_document":"","advanced_seo_description":"","jetpack_seo_html_title":"","jetpack_seo_noindex":false,"_jetpack_memberships_contains_paid_content":false,"footnotes":""},"categories":[209,22,7,231],"tags":[210],"class_list":["post-87497","post","type-post","status-publish","format-standard","has-post-thumbnail","hentry","category-importantes","category-nacion","category-noticias","category-seguridad","tag-portada"],"jetpack_featured_media_url":"https:\/\/diarioavanzada.com.mx\/wp-content\/uploads\/2025\/05\/img_3013-1.png","jetpack-related-posts":[],"jetpack_sharing_enabled":true,"amp_enabled":true,"_links":{"self":[{"href":"https:\/\/diarioavanzada.com.mx\/index.php?rest_route=\/wp\/v2\/posts\/87497","targetHints":{"allow":["GET"]}}],"collection":[{"href":"https:\/\/diarioavanzada.com.mx\/index.php?rest_route=\/wp\/v2\/posts"}],"about":[{"href":"https:\/\/diarioavanzada.com.mx\/index.php?rest_route=\/wp\/v2\/types\/post"}],"author":[{"embeddable":true,"href":"https:\/\/diarioavanzada.com.mx\/index.php?rest_route=\/wp\/v2\/users\/7"}],"replies":[{"embeddable":true,"href":"https:\/\/diarioavanzada.com.mx\/index.php?rest_route=%2Fwp%2Fv2%2Fcomments&post=87497"}],"version-history":[{"count":1,"href":"https:\/\/diarioavanzada.com.mx\/index.php?rest_route=\/wp\/v2\/posts\/87497\/revisions"}],"predecessor-version":[{"id":87498,"href":"https:\/\/diarioavanzada.com.mx\/index.php?rest_route=\/wp\/v2\/posts\/87497\/revisions\/87498"}],"wp:featuredmedia":[{"embeddable":true,"href":"https:\/\/diarioavanzada.com.mx\/index.php?rest_route=\/wp\/v2\/media\/87496"}],"wp:attachment":[{"href":"https:\/\/diarioavanzada.com.mx\/index.php?rest_route=%2Fwp%2Fv2%2Fmedia&parent=87497"}],"wp:term":[{"taxonomy":"category","embeddable":true,"href":"https:\/\/diarioavanzada.com.mx\/index.php?rest_route=%2Fwp%2Fv2%2Fcategories&post=87497"},{"taxonomy":"post_tag","embeddable":true,"href":"https:\/\/diarioavanzada.com.mx\/index.php?rest_route=%2Fwp%2Fv2%2Ftags&post=87497"}],"curies":[{"name":"wp","href":"https:\/\/api.w.org\/{rel}","templated":true}]}}