{"id":87492,"date":"2025-05-24T10:12:31","date_gmt":"2025-05-24T16:12:31","guid":{"rendered":"https:\/\/diarioavanzada.com.mx\/?p=87492"},"modified":"2025-05-24T10:31:59","modified_gmt":"2025-05-24T16:31:59","slug":"incendio-de-cuatro-vehiculos-alarma-a-vecinos-de-villaizcali-en-villa-de-alvarez","status":"publish","type":"post","link":"https:\/\/diarioavanzada.com.mx\/?p=87492","title":{"rendered":"Incendio de cuatro veh\u00edculos alarma a vecinos de Villaizcali, en Villa de \u00c1lvarez"},"content":{"rendered":"\n<p class=\"p1 wp-block-paragraph\">Colima, M\u00e9xico, Avanzada (24\/5\/2025).- Alrededor de la una de la ma\u00f1ana de este s\u00e1bado, se report\u00f3 el incendio de dos veh\u00edculos en la colonia Villaizcali, en el municipio de Villa de \u00c1lvarez, sobre la calle Tecu\u00e1n.<\/p>\n\n\n\n<p class=\"p1 wp-block-paragraph\">Elementos de Protecci\u00f3n Civil municipal y estatal, as\u00ed como polic\u00edas municipales, acudieron al lugar para sofocar las llamas.<\/p>\n\n\n\n<figure class=\"wp-block-embed is-type-wp-embed is-provider-diario-avanzada wp-block-embed-diario-avanzada\"><div class=\"wp-block-embed__wrapper\">\n<blockquote class=\"wp-embedded-content\" data-secret=\"bHQpn7TKNY\"><a href=\"https:\/\/diarioavanzada.com.mx\/?p=87482\">El fuego consume dos autom\u00f3viles en Villa de \u00c1lvarez<\/a><\/blockquote><iframe loading=\"lazy\" class=\"wp-embedded-content\" sandbox=\"allow-scripts\" security=\"restricted\" style=\"position: absolute; visibility: hidden;\" title=\"&#8220;El fuego consume dos autom\u00f3viles en Villa de \u00c1lvarez&#8221; &#8212; Diario Avanzada\" src=\"https:\/\/diarioavanzada.com.mx\/?p=87482&#038;embed=true#?secret=ZOxauJUBMb#?secret=bHQpn7TKNY\" data-secret=\"bHQpn7TKNY\" width=\"600\" height=\"338\" frameborder=\"0\" marginwidth=\"0\" marginheight=\"0\" scrolling=\"no\"><\/iframe>\n<\/div><\/figure>\n\n\n\n<p class=\"p1 wp-block-paragraph\">Cuadras m\u00e1s abajo, se registr\u00f3 otro incendio de dos unidades, sumando un total de cuatro veh\u00edculos quemados en la misma colonia.<\/p>\n\n\n\n<p class=\"p1 wp-block-paragraph\">Hasta el momento, las autoridades no han emitido informaci\u00f3n oficial sobre lo ocurrido.<\/p>\n\n\n\n<figure class=\"wp-block-video\"><div class=\"wp-block-embed__wrapper\">\n<iframe title=\"VideoPress Video Player\" aria-label='VideoPress Video Player' width='740' height='418' src='https:\/\/videopress.com\/embed\/OWRTmueo?cover=1&amp;preloadContent=metadata&amp;useAverageColor=1&amp;hd=0' frameborder='0' allowfullscreen data-resize-to-parent=\"true\" allow='clipboard-write'><\/iframe><script src='https:\/\/v0.wordpress.com\/js\/next\/videopress-iframe.js?m=1739540970'><\/script>\n<\/div><\/figure>\n\n\n\n<p class=\"p1 wp-block-paragraph\"><\/p>\n<div class=\"fb-background-color\">\n\t\t\t  <div \n\t\t\t  \tclass = \"fb-comments\" \n\t\t\t  \tdata-href = \"https:\/\/diarioavanzada.com.mx\/?p=87492\"\n\t\t\t  \tdata-numposts = \"10\"\n\t\t\t  \tdata-lazy = \"true\"\n\t\t\t\tdata-colorscheme = \"light\"\n\t\t\t\tdata-order-by = \"social\"\n\t\t\t\tdata-mobile=true>\n\t\t\t  <\/div><\/div>\n\t\t  <style>\n\t\t    .fb-background-color {\n\t\t\t\tbackground:  !important;\n\t\t\t}\n\t\t\t.fb_iframe_widget_fluid_desktop iframe {\n\t\t\t    width: 100% !important;\n\t\t\t}\n\t\t  <\/style>\n\t\t  ","protected":false},"excerpt":{"rendered":"<p>Colima, M\u00e9xico, Avanzada (24\/5\/2025).- Alrededor de la una de la ma\u00f1ana de este s\u00e1bado, se report\u00f3 el incendio de dos veh\u00edculos en la colonia Villaizcali, en el municipio de Villa de \u00c1lvarez, sobre la calle Tecu\u00e1n. Elementos de Protecci\u00f3n Civil municipal y estatal, as\u00ed como polic\u00edas municipales, acudieron al lugar para sofocar las llamas. Cuadras [&hellip;]<\/p>\n","protected":false},"author":7,"featured_media":87491,"comment_status":"closed","ping_status":"closed","sticky":false,"template":"","format":"standard","meta":{"_coblocks_attr":"","_coblocks_dimensions":"","_coblocks_responsive_height":"","_coblocks_accordion_ie_support":"","_crdt_document":"","advanced_seo_description":"","jetpack_seo_html_title":"","jetpack_seo_noindex":false,"_jetpack_memberships_contains_paid_content":false,"footnotes":""},"categories":[19,209,7,231],"tags":[210],"class_list":["post-87492","post","type-post","status-publish","format-standard","has-post-thumbnail","hentry","category-colima","category-importantes","category-noticias","category-seguridad","tag-portada"],"jetpack_featured_media_url":"https:\/\/diarioavanzada.com.mx\/wp-content\/uploads\/2025\/05\/img_3105-1-1.jpg","jetpack-related-posts":[],"jetpack_sharing_enabled":true,"amp_enabled":true,"_links":{"self":[{"href":"https:\/\/diarioavanzada.com.mx\/index.php?rest_route=\/wp\/v2\/posts\/87492","targetHints":{"allow":["GET"]}}],"collection":[{"href":"https:\/\/diarioavanzada.com.mx\/index.php?rest_route=\/wp\/v2\/posts"}],"about":[{"href":"https:\/\/diarioavanzada.com.mx\/index.php?rest_route=\/wp\/v2\/types\/post"}],"author":[{"embeddable":true,"href":"https:\/\/diarioavanzada.com.mx\/index.php?rest_route=\/wp\/v2\/users\/7"}],"replies":[{"embeddable":true,"href":"https:\/\/diarioavanzada.com.mx\/index.php?rest_route=%2Fwp%2Fv2%2Fcomments&post=87492"}],"version-history":[{"count":2,"href":"https:\/\/diarioavanzada.com.mx\/index.php?rest_route=\/wp\/v2\/posts\/87492\/revisions"}],"predecessor-version":[{"id":87495,"href":"https:\/\/diarioavanzada.com.mx\/index.php?rest_route=\/wp\/v2\/posts\/87492\/revisions\/87495"}],"wp:featuredmedia":[{"embeddable":true,"href":"https:\/\/diarioavanzada.com.mx\/index.php?rest_route=\/wp\/v2\/media\/87491"}],"wp:attachment":[{"href":"https:\/\/diarioavanzada.com.mx\/index.php?rest_route=%2Fwp%2Fv2%2Fmedia&parent=87492"}],"wp:term":[{"taxonomy":"category","embeddable":true,"href":"https:\/\/diarioavanzada.com.mx\/index.php?rest_route=%2Fwp%2Fv2%2Fcategories&post=87492"},{"taxonomy":"post_tag","embeddable":true,"href":"https:\/\/diarioavanzada.com.mx\/index.php?rest_route=%2Fwp%2Fv2%2Ftags&post=87492"}],"curies":[{"name":"wp","href":"https:\/\/api.w.org\/{rel}","templated":true}]}}