{"id":87482,"date":"2025-05-24T05:49:24","date_gmt":"2025-05-24T11:49:24","guid":{"rendered":"https:\/\/diarioavanzada.com.mx\/?p=87482"},"modified":"2025-05-24T10:29:51","modified_gmt":"2025-05-24T16:29:51","slug":"el-fuego-consume-dos-automoviles-en-villa-de-alvarez","status":"publish","type":"post","link":"https:\/\/diarioavanzada.com.mx\/?p=87482","title":{"rendered":"El fuego consume dos autom\u00f3viles en Villa de \u00c1lvarez"},"content":{"rendered":"\n<p class=\"p1 wp-block-paragraph\">Colima, M\u00e9xico, Avanzada (24\/05\/2025).- La madrugada de este s\u00e1bado, elementos del Cuerpo de Bomberos de la unidad municipal de Protecci\u00f3n Civil de Villa de \u00c1lvarez respondieron a un llamado de emergencia por dos incendios de veh\u00edculos registrados en las calles Tekuan y Xochitl\u00e1n, en la colonia Villa Izcalli.<\/p>\n\n\n\n<p class=\"p1 wp-block-paragraph\">Gracias a la r\u00e1pida intervenci\u00f3n del personal, se logr\u00f3 contener la propagaci\u00f3n de las llamas y extinguir por completo ambos incendios. Adem\u00e1s, se cont\u00f3 con el apoyo de la Unidad Estatal de Protecci\u00f3n Civil, que colabor\u00f3 con maniobras de enfriamiento para asegurar la zona.<\/p>\n\n\n\n<figure class=\"wp-block-embed is-type-wp-embed is-provider-diario-avanzada wp-block-embed-diario-avanzada\"><div class=\"wp-block-embed__wrapper\">\n<blockquote class=\"wp-embedded-content\" data-secret=\"vQ7wvMjGnX\"><a href=\"https:\/\/diarioavanzada.com.mx\/?p=87492\">Incendio de cuatro veh\u00edculos alarma a vecinos de Villaizcali, en Villa de \u00c1lvarez<\/a><\/blockquote><iframe loading=\"lazy\" class=\"wp-embedded-content\" sandbox=\"allow-scripts\" security=\"restricted\" style=\"position: absolute; visibility: hidden;\" title=\"&#8220;Incendio de cuatro veh\u00edculos alarma a vecinos de Villaizcali, en Villa de \u00c1lvarez&#8221; &#8212; Diario Avanzada\" src=\"https:\/\/diarioavanzada.com.mx\/?p=87492&#038;embed=true#?secret=98yIqRsoBi#?secret=vQ7wvMjGnX\" data-secret=\"vQ7wvMjGnX\" width=\"600\" height=\"338\" frameborder=\"0\" marginwidth=\"0\" marginheight=\"0\" scrolling=\"no\"><\/iframe>\n<\/div><\/figure>\n\n\n\n<p class=\"p1 wp-block-paragraph\">A pesar de que los da\u00f1os materiales fueron totales, no se reportaron personas lesionadas como resultado de los siniestros. Las autoridades exhortaron a la poblaci\u00f3n a reportar de inmediato cualquier incidente al n\u00famero de emergencia 911, para prevenir riesgos y proteger la seguridad comunitaria.<\/p>\n\n\n\n<figure class=\"wp-block-image\"><img loading=\"lazy\" decoding=\"async\" width=\"768\" height=\"1024\" src=\"https:\/\/diarioavanzada.com.mx\/wp-content\/uploads\/2025\/05\/745b60d6-3610-4413-a0f5-0241bfae3cd3-27103-00002786dfd2cce7_file-768x1024.jpg\" alt=\"\" class=\"wp-image-87477\" srcset=\"https:\/\/diarioavanzada.com.mx\/wp-content\/uploads\/2025\/05\/745b60d6-3610-4413-a0f5-0241bfae3cd3-27103-00002786dfd2cce7_file-768x1024.jpg 768w, https:\/\/diarioavanzada.com.mx\/wp-content\/uploads\/2025\/05\/745b60d6-3610-4413-a0f5-0241bfae3cd3-27103-00002786dfd2cce7_file-225x300.jpg 225w, https:\/\/diarioavanzada.com.mx\/wp-content\/uploads\/2025\/05\/745b60d6-3610-4413-a0f5-0241bfae3cd3-27103-00002786dfd2cce7_file.jpg 960w\" sizes=\"auto, (max-width: 768px) 100vw, 768px\" \/><\/figure>\n\n\n\n<figure class=\"wp-block-image\"><img loading=\"lazy\" decoding=\"async\" width=\"768\" height=\"1024\" src=\"https:\/\/diarioavanzada.com.mx\/wp-content\/uploads\/2025\/05\/ba3fcfeb-b43d-4f81-995f-41c8077eebcb-27103-00002786dfd8d959_file-768x1024.jpg\" alt=\"\" class=\"wp-image-87478\" srcset=\"https:\/\/diarioavanzada.com.mx\/wp-content\/uploads\/2025\/05\/ba3fcfeb-b43d-4f81-995f-41c8077eebcb-27103-00002786dfd8d959_file-768x1024.jpg 768w, https:\/\/diarioavanzada.com.mx\/wp-content\/uploads\/2025\/05\/ba3fcfeb-b43d-4f81-995f-41c8077eebcb-27103-00002786dfd8d959_file-225x300.jpg 225w, https:\/\/diarioavanzada.com.mx\/wp-content\/uploads\/2025\/05\/ba3fcfeb-b43d-4f81-995f-41c8077eebcb-27103-00002786dfd8d959_file.jpg 960w\" sizes=\"auto, (max-width: 768px) 100vw, 768px\" \/><\/figure>\n\n\n\n<figure class=\"wp-block-image\"><img loading=\"lazy\" decoding=\"async\" width=\"768\" height=\"1024\" src=\"https:\/\/diarioavanzada.com.mx\/wp-content\/uploads\/2025\/05\/128637bc-3b03-40ea-b858-e46a37e2d318-27103-00002786dfddbdef_file-768x1024.jpg\" alt=\"\" class=\"wp-image-87480\" srcset=\"https:\/\/diarioavanzada.com.mx\/wp-content\/uploads\/2025\/05\/128637bc-3b03-40ea-b858-e46a37e2d318-27103-00002786dfddbdef_file-768x1024.jpg 768w, https:\/\/diarioavanzada.com.mx\/wp-content\/uploads\/2025\/05\/128637bc-3b03-40ea-b858-e46a37e2d318-27103-00002786dfddbdef_file-225x300.jpg 225w, https:\/\/diarioavanzada.com.mx\/wp-content\/uploads\/2025\/05\/128637bc-3b03-40ea-b858-e46a37e2d318-27103-00002786dfddbdef_file-1152x1536.jpg 1152w, https:\/\/diarioavanzada.com.mx\/wp-content\/uploads\/2025\/05\/128637bc-3b03-40ea-b858-e46a37e2d318-27103-00002786dfddbdef_file.jpg 1200w\" sizes=\"auto, (max-width: 768px) 100vw, 768px\" \/><\/figure>\n\n\n\n<figure class=\"wp-block-image\"><img loading=\"lazy\" decoding=\"async\" width=\"768\" height=\"1024\" src=\"https:\/\/diarioavanzada.com.mx\/wp-content\/uploads\/2025\/05\/76a5534b-0498-4b7f-8406-1ee08a0171cc-27103-00002786dfe50790_file-768x1024.jpg\" alt=\"\" class=\"wp-image-87479\" srcset=\"https:\/\/diarioavanzada.com.mx\/wp-content\/uploads\/2025\/05\/76a5534b-0498-4b7f-8406-1ee08a0171cc-27103-00002786dfe50790_file-768x1024.jpg 768w, https:\/\/diarioavanzada.com.mx\/wp-content\/uploads\/2025\/05\/76a5534b-0498-4b7f-8406-1ee08a0171cc-27103-00002786dfe50790_file-225x300.jpg 225w, https:\/\/diarioavanzada.com.mx\/wp-content\/uploads\/2025\/05\/76a5534b-0498-4b7f-8406-1ee08a0171cc-27103-00002786dfe50790_file.jpg 960w\" sizes=\"auto, (max-width: 768px) 100vw, 768px\" \/><\/figure>\n\n\n\n<p class=\"p1 wp-block-paragraph\"><\/p>\n<div class=\"fb-background-color\">\n\t\t\t  <div \n\t\t\t  \tclass = \"fb-comments\" \n\t\t\t  \tdata-href = \"https:\/\/diarioavanzada.com.mx\/?p=87482\"\n\t\t\t  \tdata-numposts = \"10\"\n\t\t\t  \tdata-lazy = \"true\"\n\t\t\t\tdata-colorscheme = \"light\"\n\t\t\t\tdata-order-by = \"social\"\n\t\t\t\tdata-mobile=true>\n\t\t\t  <\/div><\/div>\n\t\t  <style>\n\t\t    .fb-background-color {\n\t\t\t\tbackground:  !important;\n\t\t\t}\n\t\t\t.fb_iframe_widget_fluid_desktop iframe {\n\t\t\t    width: 100% !important;\n\t\t\t}\n\t\t  <\/style>\n\t\t  ","protected":false},"excerpt":{"rendered":"<p>Colima, M\u00e9xico, Avanzada (24\/05\/2025).- La madrugada de este s\u00e1bado, elementos del Cuerpo de Bomberos de la unidad municipal de Protecci\u00f3n Civil de Villa de \u00c1lvarez respondieron a un llamado de emergencia por dos incendios de veh\u00edculos registrados en las calles Tekuan y Xochitl\u00e1n, en la colonia Villa Izcalli. Gracias a la r\u00e1pida intervenci\u00f3n del personal, [&hellip;]<\/p>\n","protected":false},"author":7,"featured_media":87481,"comment_status":"closed","ping_status":"closed","sticky":false,"template":"","format":"standard","meta":{"_coblocks_attr":"","_coblocks_dimensions":"","_coblocks_responsive_height":"","_coblocks_accordion_ie_support":"","_crdt_document":"","advanced_seo_description":"","jetpack_seo_html_title":"","jetpack_seo_noindex":false,"_jetpack_memberships_contains_paid_content":false,"footnotes":""},"categories":[19,209,7,231],"tags":[210],"class_list":["post-87482","post","type-post","status-publish","format-standard","has-post-thumbnail","hentry","category-colima","category-importantes","category-noticias","category-seguridad","tag-portada"],"jetpack_featured_media_url":"https:\/\/diarioavanzada.com.mx\/wp-content\/uploads\/2025\/05\/img_3094-1.jpg","jetpack-related-posts":[],"jetpack_sharing_enabled":true,"amp_enabled":true,"_links":{"self":[{"href":"https:\/\/diarioavanzada.com.mx\/index.php?rest_route=\/wp\/v2\/posts\/87482","targetHints":{"allow":["GET"]}}],"collection":[{"href":"https:\/\/diarioavanzada.com.mx\/index.php?rest_route=\/wp\/v2\/posts"}],"about":[{"href":"https:\/\/diarioavanzada.com.mx\/index.php?rest_route=\/wp\/v2\/types\/post"}],"author":[{"embeddable":true,"href":"https:\/\/diarioavanzada.com.mx\/index.php?rest_route=\/wp\/v2\/users\/7"}],"replies":[{"embeddable":true,"href":"https:\/\/diarioavanzada.com.mx\/index.php?rest_route=%2Fwp%2Fv2%2Fcomments&post=87482"}],"version-history":[{"count":1,"href":"https:\/\/diarioavanzada.com.mx\/index.php?rest_route=\/wp\/v2\/posts\/87482\/revisions"}],"predecessor-version":[{"id":87494,"href":"https:\/\/diarioavanzada.com.mx\/index.php?rest_route=\/wp\/v2\/posts\/87482\/revisions\/87494"}],"wp:featuredmedia":[{"embeddable":true,"href":"https:\/\/diarioavanzada.com.mx\/index.php?rest_route=\/wp\/v2\/media\/87481"}],"wp:attachment":[{"href":"https:\/\/diarioavanzada.com.mx\/index.php?rest_route=%2Fwp%2Fv2%2Fmedia&parent=87482"}],"wp:term":[{"taxonomy":"category","embeddable":true,"href":"https:\/\/diarioavanzada.com.mx\/index.php?rest_route=%2Fwp%2Fv2%2Fcategories&post=87482"},{"taxonomy":"post_tag","embeddable":true,"href":"https:\/\/diarioavanzada.com.mx\/index.php?rest_route=%2Fwp%2Fv2%2Ftags&post=87482"}],"curies":[{"name":"wp","href":"https:\/\/api.w.org\/{rel}","templated":true}]}}