{"id":87437,"date":"2025-05-23T20:46:10","date_gmt":"2025-05-24T02:46:10","guid":{"rendered":"https:\/\/diarioavanzada.com.mx\/?p=87437"},"modified":"2025-05-23T20:46:10","modified_gmt":"2025-05-24T02:46:10","slug":"foro-udec-coparmex-conecto-a-jovenes-con-lideres-que-transforman","status":"publish","type":"post","link":"https:\/\/diarioavanzada.com.mx\/?p=87437","title":{"rendered":"Foro UdeC-Coparmex conect\u00f3 a j\u00f3venes con l\u00edderes que transforman"},"content":{"rendered":"\n<p class=\"wp-block-paragraph\"><em>Este intercambio brind\u00f3 a las y los estudiantes una perspectiva realista y motivadora sobre lo que implica emprender, sostener y hacer crecer una empresa.<\/em><\/p>\n\n\n\n<p class=\"wp-block-paragraph\">Colima, M\u00e9xico, Comunicado (23\/05\/2025).- Con el objetivo de fomentar el esp\u00edritu emprendedor y fortalecer los lazos entre el sector acad\u00e9mico y empresarial, la Universidad de Colima, en coordinaci\u00f3n con Coparmex Colima, llev\u00f3 a cabo el foro \u201cL\u00edderes del ma\u00f1ana: emprender con visi\u00f3n, crecer con prop\u00f3sito\u201d, dirigido a estudiantes de las facultades de Turismo y Econom\u00eda.<\/p>\n\n\n\n<p class=\"wp-block-paragraph\">Durante el foro, los panelistas compartieron sus trayectorias personales, as\u00ed como los retos y aprendizajes que enfrentaron al iniciar sus propios negocios. Este intercambio brind\u00f3 a las y los estudiantes una perspectiva realista y motivadora sobre lo que implica emprender, sostener y hacer crecer una empresa.<\/p>\n\n\n\n<p class=\"wp-block-paragraph\">En entrevista, Armando Casta\u00f1o, expresidente de Coparmex Jalisco, destac\u00f3 el papel fundamental de las universidades como semilleros de futuros l\u00edderes. \u201cNo basta con escuchar; hay que actuar. Celebro que la UdeC abra estos espacios donde los estudiantes pueden conocer historias reales de emprendimiento. Es importante que sepan que nosotros tambi\u00e9n fuimos estudiantes y que no es tan dif\u00edcil convertirse en empresarios o personas de acci\u00f3n. Estos ejemplos pueden inspirarlos a contribuir positivamente en sus comunidades\u201d.<\/p>\n\n\n\n<p class=\"wp-block-paragraph\">Casta\u00f1o subray\u00f3 adem\u00e1s que este tipo de foros no solo motivan, sino que despiertan preguntas e iniciativas. La alta participaci\u00f3n del alumnado, con preguntas sobre gesti\u00f3n del tiempo y consejos para emprender, fue un reflejo del inter\u00e9s y compromiso de los j\u00f3venes con su desarrollo profesional.<\/p>\n\n\n\n<p class=\"wp-block-paragraph\">Por su parte, H\u00e9ctor Beas Amezcua, presidente de J\u00f3venes Coparmex Colima, reconoci\u00f3 la disposici\u00f3n de la Universidad para generar espacios de vinculaci\u00f3n m\u00e1s all\u00e1 del aula. \u201cEmprender es hoy, m\u00e1s que una alternativa laboral, una forma de vida. Este foro es solo el primero de muchos que seguir\u00e1n fortaleciendo la visi\u00f3n y car\u00e1cter de las nuevas generaciones\u201d.<\/p>\n\n\n\n<p class=\"wp-block-paragraph\">Explic\u00f3 tambi\u00e9n que Coparmex, como organismo empresarial comprometido con el desarrollo del pa\u00eds, busca inspirar a las juventudes a construir un M\u00e9xico m\u00e1s fuerte desde la libre empresa y la responsabilidad social.<\/p>\n\n\n\n<p class=\"wp-block-paragraph\">En representaci\u00f3n del rector de la Universidad de Colima, Dr. Christian Torres Ortiz Zerme\u00f1o, Carlos Alberto Montes Carbajal, delegado de Villa de \u00c1lvarez, comparti\u00f3 un mensaje de cierre en el que enfatiz\u00f3 la importancia de alinear talento con prop\u00f3sito. \u201cVivimos tiempos que exigen una nueva forma de mirar el futuro. El talento sin sentido se dispersa, y el prop\u00f3sito sin acci\u00f3n se queda en el papel. Este evento es una invitaci\u00f3n a unir ambos elementos: tener una meta clara y la voluntad de impactar positivamente en nuestra comunidad, en Colima y el pa\u00eds\u201d.<\/p>\n\n\n\n<p class=\"wp-block-paragraph\">Montes Carbajal tambi\u00e9n destac\u00f3 los frutos de la colaboraci\u00f3n entre la Universidad y Coparmex, como la creaci\u00f3n conjunta de una incubadora de empresas, el Diplomado en Alta Direcci\u00f3n y el programa Acelera UCOL, orientado a impulsar la innovaci\u00f3n en negocios con alto potencial de crecimiento. \u201cAdem\u00e1s, hemos fortalecido el di\u00e1logo sobre c\u00f3mo nuestra instituci\u00f3n puede contribuir a formar l\u00edderes j\u00f3venes, resolver problem\u00e1ticas laborales y promover el desarrollo econ\u00f3mico del estado, siempre con una visi\u00f3n centrada en el bien com\u00fan\u201d, concluy\u00f3.<\/p>\n\n\n\n<figure class=\"wp-block-image size-large\"><img loading=\"lazy\" decoding=\"async\" width=\"1024\" height=\"683\" src=\"https:\/\/diarioavanzada.com.mx\/wp-content\/uploads\/2025\/05\/Foro-UdeC-Coparmex_Carlos-1024x683.jpg\" alt=\"\" class=\"wp-image-87440\" srcset=\"https:\/\/diarioavanzada.com.mx\/wp-content\/uploads\/2025\/05\/Foro-UdeC-Coparmex_Carlos-1024x683.jpg 1024w, https:\/\/diarioavanzada.com.mx\/wp-content\/uploads\/2025\/05\/Foro-UdeC-Coparmex_Carlos-300x200.jpg 300w, https:\/\/diarioavanzada.com.mx\/wp-content\/uploads\/2025\/05\/Foro-UdeC-Coparmex_Carlos-768x512.jpg 768w, https:\/\/diarioavanzada.com.mx\/wp-content\/uploads\/2025\/05\/Foro-UdeC-Coparmex_Carlos-1200x800.jpg 1200w, https:\/\/diarioavanzada.com.mx\/wp-content\/uploads\/2025\/05\/Foro-UdeC-Coparmex_Carlos.jpg 1224w\" sizes=\"auto, (max-width: 1024px) 100vw, 1024px\" \/><\/figure>\n\n\n\n<figure class=\"wp-block-image size-large\"><img loading=\"lazy\" decoding=\"async\" width=\"1024\" height=\"683\" src=\"https:\/\/diarioavanzada.com.mx\/wp-content\/uploads\/2025\/05\/Foro-UdeC-Coparmex_d-1024x683.jpg\" alt=\"\" class=\"wp-image-87441\" srcset=\"https:\/\/diarioavanzada.com.mx\/wp-content\/uploads\/2025\/05\/Foro-UdeC-Coparmex_d-1024x683.jpg 1024w, https:\/\/diarioavanzada.com.mx\/wp-content\/uploads\/2025\/05\/Foro-UdeC-Coparmex_d-300x200.jpg 300w, https:\/\/diarioavanzada.com.mx\/wp-content\/uploads\/2025\/05\/Foro-UdeC-Coparmex_d-768x512.jpg 768w, https:\/\/diarioavanzada.com.mx\/wp-content\/uploads\/2025\/05\/Foro-UdeC-Coparmex_d-1200x800.jpg 1200w, https:\/\/diarioavanzada.com.mx\/wp-content\/uploads\/2025\/05\/Foro-UdeC-Coparmex_d.jpg 1224w\" sizes=\"auto, (max-width: 1024px) 100vw, 1024px\" \/><\/figure>\n\n\n\n<figure class=\"wp-block-image size-large\"><img loading=\"lazy\" decoding=\"async\" width=\"1024\" height=\"683\" src=\"https:\/\/diarioavanzada.com.mx\/wp-content\/uploads\/2025\/05\/Foro-UdeC-Coparmex_a-1024x683.jpg\" alt=\"\" class=\"wp-image-87442\" srcset=\"https:\/\/diarioavanzada.com.mx\/wp-content\/uploads\/2025\/05\/Foro-UdeC-Coparmex_a-1024x683.jpg 1024w, https:\/\/diarioavanzada.com.mx\/wp-content\/uploads\/2025\/05\/Foro-UdeC-Coparmex_a-300x200.jpg 300w, https:\/\/diarioavanzada.com.mx\/wp-content\/uploads\/2025\/05\/Foro-UdeC-Coparmex_a-768x512.jpg 768w, https:\/\/diarioavanzada.com.mx\/wp-content\/uploads\/2025\/05\/Foro-UdeC-Coparmex_a-1200x800.jpg 1200w, https:\/\/diarioavanzada.com.mx\/wp-content\/uploads\/2025\/05\/Foro-UdeC-Coparmex_a.jpg 1224w\" sizes=\"auto, (max-width: 1024px) 100vw, 1024px\" \/><\/figure>\n\n\n\n<p class=\"wp-block-paragraph\"><\/p>\n<div class=\"fb-background-color\">\n\t\t\t  <div \n\t\t\t  \tclass = \"fb-comments\" \n\t\t\t  \tdata-href = \"https:\/\/diarioavanzada.com.mx\/?p=87437\"\n\t\t\t  \tdata-numposts = \"10\"\n\t\t\t  \tdata-lazy = \"true\"\n\t\t\t\tdata-colorscheme = \"light\"\n\t\t\t\tdata-order-by = \"social\"\n\t\t\t\tdata-mobile=true>\n\t\t\t  <\/div><\/div>\n\t\t  <style>\n\t\t    .fb-background-color {\n\t\t\t\tbackground:  !important;\n\t\t\t}\n\t\t\t.fb_iframe_widget_fluid_desktop iframe {\n\t\t\t    width: 100% !important;\n\t\t\t}\n\t\t  <\/style>\n\t\t  ","protected":false},"excerpt":{"rendered":"<p>Este intercambio brind\u00f3 a las y los estudiantes una perspectiva realista y motivadora sobre lo que implica emprender, sostener y hacer crecer una empresa. Colima, M\u00e9xico, Comunicado (23\/05\/2025).- Con el objetivo de fomentar el esp\u00edritu emprendedor y fortalecer los lazos entre el sector acad\u00e9mico y empresarial, la Universidad de Colima, en coordinaci\u00f3n con Coparmex Colima, [&hellip;]<\/p>\n","protected":false},"author":7,"featured_media":87446,"comment_status":"closed","ping_status":"closed","sticky":false,"template":"","format":"standard","meta":{"_coblocks_attr":"","_coblocks_dimensions":"","_coblocks_responsive_height":"","_coblocks_accordion_ie_support":"","_crdt_document":"","advanced_seo_description":"","jetpack_seo_html_title":"","jetpack_seo_noindex":false,"_jetpack_memberships_contains_paid_content":false,"footnotes":""},"categories":[19,209,7],"tags":[],"class_list":["post-87437","post","type-post","status-publish","format-standard","has-post-thumbnail","hentry","category-colima","category-importantes","category-noticias"],"jetpack_featured_media_url":"https:\/\/diarioavanzada.com.mx\/wp-content\/uploads\/2025\/05\/703d59f8-67e8-4a71-82f1-af26f92ec896-1.jpg","jetpack-related-posts":[],"jetpack_sharing_enabled":true,"amp_enabled":true,"_links":{"self":[{"href":"https:\/\/diarioavanzada.com.mx\/index.php?rest_route=\/wp\/v2\/posts\/87437","targetHints":{"allow":["GET"]}}],"collection":[{"href":"https:\/\/diarioavanzada.com.mx\/index.php?rest_route=\/wp\/v2\/posts"}],"about":[{"href":"https:\/\/diarioavanzada.com.mx\/index.php?rest_route=\/wp\/v2\/types\/post"}],"author":[{"embeddable":true,"href":"https:\/\/diarioavanzada.com.mx\/index.php?rest_route=\/wp\/v2\/users\/7"}],"replies":[{"embeddable":true,"href":"https:\/\/diarioavanzada.com.mx\/index.php?rest_route=%2Fwp%2Fv2%2Fcomments&post=87437"}],"version-history":[{"count":4,"href":"https:\/\/diarioavanzada.com.mx\/index.php?rest_route=\/wp\/v2\/posts\/87437\/revisions"}],"predecessor-version":[{"id":87447,"href":"https:\/\/diarioavanzada.com.mx\/index.php?rest_route=\/wp\/v2\/posts\/87437\/revisions\/87447"}],"wp:featuredmedia":[{"embeddable":true,"href":"https:\/\/diarioavanzada.com.mx\/index.php?rest_route=\/wp\/v2\/media\/87446"}],"wp:attachment":[{"href":"https:\/\/diarioavanzada.com.mx\/index.php?rest_route=%2Fwp%2Fv2%2Fmedia&parent=87437"}],"wp:term":[{"taxonomy":"category","embeddable":true,"href":"https:\/\/diarioavanzada.com.mx\/index.php?rest_route=%2Fwp%2Fv2%2Fcategories&post=87437"},{"taxonomy":"post_tag","embeddable":true,"href":"https:\/\/diarioavanzada.com.mx\/index.php?rest_route=%2Fwp%2Fv2%2Ftags&post=87437"}],"curies":[{"name":"wp","href":"https:\/\/api.w.org\/{rel}","templated":true}]}}