{"id":87367,"date":"2025-05-23T13:48:35","date_gmt":"2025-05-23T19:48:35","guid":{"rendered":"https:\/\/diarioavanzada.com.mx\/?p=87367"},"modified":"2025-05-23T13:48:35","modified_gmt":"2025-05-23T19:48:35","slug":"sheinbaum-se-deslinda-de-reunion-con-la-cnte-el-dialogo-sigue-pero-no-conmigo","status":"publish","type":"post","link":"https:\/\/diarioavanzada.com.mx\/?p=87367","title":{"rendered":"Sheinbaum se deslinda de reuni\u00f3n con la CNTE: El di\u00e1logo sigue, pero no conmigo"},"content":{"rendered":"\n<p class=\"p1 wp-block-paragraph\">M\u00e9xico, Avanzada (23\/05\/2025).- La presidenta de M\u00e9xico, Claudia Sheinbaum Pardo, descart\u00f3 este viernes sostener una reuni\u00f3n directa con la Coordinadora Nacional de Trabajadores de la Educaci\u00f3n (CNTE), pese a que estaba previsto un encuentro a las 12:30 horas. En su conferencia matutina, explic\u00f3 que el di\u00e1logo permanece abierto, pero ser\u00e1 encabezado por la secretaria de Gobernaci\u00f3n y el secretario de Educaci\u00f3n P\u00fablica.<\/p>\n\n\n\n<p class=\"p1 wp-block-paragraph\">\u201cEl di\u00e1logo sigue abierto, al nivel m\u00e1s alto\u2026 pero en estas condiciones, \u00bfpara qu\u00e9 se re\u00fanen conmigo si ya sab\u00edan que se iban a reunir el viernes?\u201d, se\u00f1al\u00f3, al tiempo que critic\u00f3 las protestas recientes de la CNTE en la capital, que incluyeron agresiones a reporteros y afectaciones a la ciudadan\u00eda.<\/p>\n\n\n\n<p class=\"p1 wp-block-paragraph\">Sheinbaum reproch\u00f3 que la movilizaci\u00f3n se haya realizado pese a que el encuentro ya estaba acordado. \u201cNosotros estamos de acuerdo con la libertad de manifestaci\u00f3n, eso siempre, pero hay cosas que no est\u00e1n bien\u201d, apunt\u00f3.<\/p>\n\n\n\n<p class=\"p1 wp-block-paragraph\">La mandataria defendi\u00f3 las acciones del gobierno en materia educativa, como el incremento salarial del 9 por ciento \u2014m\u00e1s un punto adicional en septiembre\u2014, el congelamiento de la edad de jubilaci\u00f3n y el nuevo Fondo de Pensiones para el Bienestar. Subray\u00f3 que el presupuesto p\u00fablico est\u00e1 comprometido principalmente con los programas sociales, por lo que no es viable un aumento del 100 por ciento, como ha demandado el magisterio disidente.<\/p>\n\n\n\n<p class=\"p1 wp-block-paragraph\">Sobre el sistema de evaluaci\u00f3n Usicamm, asegur\u00f3 que su gobierno propone eliminarlo y dejar en manos de los propios maestros el dise\u00f1o de un nuevo mecanismo. \u201cRenuncio como presidenta a imponer una forma de evaluaci\u00f3n\u2026 que las y los maestros decidan\u201d, dijo.<\/p>\n\n\n\n<p class=\"p1 wp-block-paragraph\">Reiter\u00f3 su disposici\u00f3n al di\u00e1logo, pero insisti\u00f3 en que no se prestar\u00e1 a presiones. \u201cSi hay provocadores, tambi\u00e9n que haya denuncias. Est\u00e1 la mesa de di\u00e1logo, pero yo no me reunir\u00e9 con ellos\u201d, concluy\u00f3.<\/p>\n\n\n\n<p class=\"p1 wp-block-paragraph\"><\/p>\n<div class=\"fb-background-color\">\n\t\t\t  <div \n\t\t\t  \tclass = \"fb-comments\" \n\t\t\t  \tdata-href = \"https:\/\/diarioavanzada.com.mx\/?p=87367\"\n\t\t\t  \tdata-numposts = \"10\"\n\t\t\t  \tdata-lazy = \"true\"\n\t\t\t\tdata-colorscheme = \"light\"\n\t\t\t\tdata-order-by = \"social\"\n\t\t\t\tdata-mobile=true>\n\t\t\t  <\/div><\/div>\n\t\t  <style>\n\t\t    .fb-background-color {\n\t\t\t\tbackground:  !important;\n\t\t\t}\n\t\t\t.fb_iframe_widget_fluid_desktop iframe {\n\t\t\t    width: 100% !important;\n\t\t\t}\n\t\t  <\/style>\n\t\t  ","protected":false},"excerpt":{"rendered":"<p>M\u00e9xico, Avanzada (23\/05\/2025).- La presidenta de M\u00e9xico, Claudia Sheinbaum Pardo, descart\u00f3 este viernes sostener una reuni\u00f3n directa con la Coordinadora Nacional de Trabajadores de la Educaci\u00f3n (CNTE), pese a que estaba previsto un encuentro a las 12:30 horas. En su conferencia matutina, explic\u00f3 que el di\u00e1logo permanece abierto, pero ser\u00e1 encabezado por la secretaria de [&hellip;]<\/p>\n","protected":false},"author":7,"featured_media":87366,"comment_status":"closed","ping_status":"closed","sticky":false,"template":"","format":"standard","meta":{"_coblocks_attr":"","_coblocks_dimensions":"","_coblocks_responsive_height":"","_coblocks_accordion_ie_support":"","_crdt_document":"","advanced_seo_description":"","jetpack_seo_html_title":"","jetpack_seo_noindex":false,"_jetpack_memberships_contains_paid_content":false,"footnotes":""},"categories":[209,22,7],"tags":[210],"class_list":["post-87367","post","type-post","status-publish","format-standard","has-post-thumbnail","hentry","category-importantes","category-nacion","category-noticias","tag-portada"],"jetpack_featured_media_url":"https:\/\/diarioavanzada.com.mx\/wp-content\/uploads\/2025\/05\/img_3053-1.png","jetpack-related-posts":[],"jetpack_sharing_enabled":true,"amp_enabled":true,"_links":{"self":[{"href":"https:\/\/diarioavanzada.com.mx\/index.php?rest_route=\/wp\/v2\/posts\/87367","targetHints":{"allow":["GET"]}}],"collection":[{"href":"https:\/\/diarioavanzada.com.mx\/index.php?rest_route=\/wp\/v2\/posts"}],"about":[{"href":"https:\/\/diarioavanzada.com.mx\/index.php?rest_route=\/wp\/v2\/types\/post"}],"author":[{"embeddable":true,"href":"https:\/\/diarioavanzada.com.mx\/index.php?rest_route=\/wp\/v2\/users\/7"}],"replies":[{"embeddable":true,"href":"https:\/\/diarioavanzada.com.mx\/index.php?rest_route=%2Fwp%2Fv2%2Fcomments&post=87367"}],"version-history":[{"count":0,"href":"https:\/\/diarioavanzada.com.mx\/index.php?rest_route=\/wp\/v2\/posts\/87367\/revisions"}],"wp:featuredmedia":[{"embeddable":true,"href":"https:\/\/diarioavanzada.com.mx\/index.php?rest_route=\/wp\/v2\/media\/87366"}],"wp:attachment":[{"href":"https:\/\/diarioavanzada.com.mx\/index.php?rest_route=%2Fwp%2Fv2%2Fmedia&parent=87367"}],"wp:term":[{"taxonomy":"category","embeddable":true,"href":"https:\/\/diarioavanzada.com.mx\/index.php?rest_route=%2Fwp%2Fv2%2Fcategories&post=87367"},{"taxonomy":"post_tag","embeddable":true,"href":"https:\/\/diarioavanzada.com.mx\/index.php?rest_route=%2Fwp%2Fv2%2Ftags&post=87367"}],"curies":[{"name":"wp","href":"https:\/\/api.w.org\/{rel}","templated":true}]}}