{"id":87340,"date":"2025-05-23T09:35:56","date_gmt":"2025-05-23T15:35:56","guid":{"rendered":"https:\/\/diarioavanzada.com.mx\/?p=87340"},"modified":"2025-05-23T09:35:56","modified_gmt":"2025-05-23T15:35:56","slug":"pronostican-10-huracanes-en-el-atlantico-en-2025-cinco-de-gran-intensidad","status":"publish","type":"post","link":"https:\/\/diarioavanzada.com.mx\/?p=87340","title":{"rendered":"Pronostican 10 huracanes en el Atl\u00e1ntico en 2025, cinco de gran intensidad"},"content":{"rendered":"\n<p class=\"p1 wp-block-paragraph\">Avanzada (23\/05\/2025).- Expertos del gobierno estadounidense emitieron un pron\u00f3stico que anticipa una temporada de huracanes con una actividad superior al promedio en la cuenca del Atl\u00e1ntico durante 2025, con un aumento significativo en la cantidad y fuerza de los ciclones tropicales.<\/p>\n\n\n\n<p class=\"p1 wp-block-paragraph\">De acuerdo con estimaciones del Servicio Meteorol\u00f3gico Nacional y de la Administraci\u00f3n Nacional Oce\u00e1nica y Atmosf\u00e9rica (NOAA, por sus siglas en ingl\u00e9s), se espera la formaci\u00f3n de entre 13 y 19 tormentas tropicales con nombre, de las cuales entre seis y diez podr\u00edan evolucionar hasta alcanzar la categor\u00eda de hurac\u00e1n \u2014es decir, con vientos sostenidos superiores a los 119 kil\u00f3metros por hora.<\/p>\n\n\n\n<p class=\"p1 wp-block-paragraph\">Adem\u00e1s, se prev\u00e9 la aparici\u00f3n de entre tres y cinco huracanes de gran intensidad, con vientos iguales o superiores a los 179 km\/h, lo que los clasifica como huracanes mayores de categor\u00eda tres o superior en la escala Saffir-Simpson.<\/p>\n\n\n\n<p class=\"p1 wp-block-paragraph\">La NOAA calcula que hay un 60% de probabilidades de que esta temporada sea m\u00e1s activa de lo normal, mientras que el 30% de los escenarios contemplan una actividad promedio y solo un 10% apunta a una temporada por debajo del promedio.<\/p>\n\n\n\n<p class=\"p1 wp-block-paragraph\">\u201cLas condiciones actuales son propicias para un periodo particularmente activo\u201d, se\u00f1al\u00f3 la agencia en su comunicado oficial. Estas condiciones incluyen temperaturas oce\u00e1nicas elevadas y patrones atmosf\u00e9ricos favorables para la formaci\u00f3n de tormentas intensas.<\/p>\n\n\n\n<p class=\"p1 wp-block-paragraph\">La temporada de huracanes del Atl\u00e1ntico inicia formalmente el 1 de junio y se extiende hasta el 30 de noviembre. Las autoridades meteorol\u00f3gicas subrayan que, aunque los huracanes suelen asociarse con da\u00f1os en zonas costeras, sus efectos pueden sentirse tierra adentro, como lo evidenciaron las severas inundaciones registradas en 2024 a causa de los huracanes Helene y Debby.<\/p>\n\n\n\n<p class=\"p1 wp-block-paragraph\">Desde mediados de la d\u00e9cada de 1990, la mayor\u00eda de las temporadas cicl\u00f3nicas en el Atl\u00e1ntico han superado los niveles habituales, y casi la mitad de ellas han sido clasificadas como \u201chiperactivas\u201d, seg\u00fan datos hist\u00f3ricos de la NOAA.<\/p>\n\n\n\n<p class=\"p1 wp-block-paragraph\">Ante este panorama, las autoridades recomiendan a la poblaci\u00f3n mantenerse informada y tomar medidas preventivas, especialmente en las regiones m\u00e1s vulnerables del litoral atl\u00e1ntico.<\/p>\n<div class=\"fb-background-color\">\n\t\t\t  <div \n\t\t\t  \tclass = \"fb-comments\" \n\t\t\t  \tdata-href = \"https:\/\/diarioavanzada.com.mx\/?p=87340\"\n\t\t\t  \tdata-numposts = \"10\"\n\t\t\t  \tdata-lazy = \"true\"\n\t\t\t\tdata-colorscheme = \"light\"\n\t\t\t\tdata-order-by = \"social\"\n\t\t\t\tdata-mobile=true>\n\t\t\t  <\/div><\/div>\n\t\t  <style>\n\t\t    .fb-background-color {\n\t\t\t\tbackground:  !important;\n\t\t\t}\n\t\t\t.fb_iframe_widget_fluid_desktop iframe {\n\t\t\t    width: 100% !important;\n\t\t\t}\n\t\t  <\/style>\n\t\t  ","protected":false},"excerpt":{"rendered":"<p>Avanzada (23\/05\/2025).- Expertos del gobierno estadounidense emitieron un pron\u00f3stico que anticipa una temporada de huracanes con una actividad superior al promedio en la cuenca del Atl\u00e1ntico durante 2025, con un aumento significativo en la cantidad y fuerza de los ciclones tropicales. De acuerdo con estimaciones del Servicio Meteorol\u00f3gico Nacional y de la Administraci\u00f3n Nacional Oce\u00e1nica [&hellip;]<\/p>\n","protected":false},"author":7,"featured_media":87341,"comment_status":"closed","ping_status":"closed","sticky":false,"template":"","format":"standard","meta":{"_coblocks_attr":"","_coblocks_dimensions":"","_coblocks_responsive_height":"","_coblocks_accordion_ie_support":"","_crdt_document":"","advanced_seo_description":"","jetpack_seo_html_title":"","jetpack_seo_noindex":false,"_jetpack_memberships_contains_paid_content":false,"footnotes":""},"categories":[22,7,29],"tags":[],"class_list":["post-87340","post","type-post","status-publish","format-standard","has-post-thumbnail","hentry","category-nacion","category-noticias","category-sociedad"],"jetpack_featured_media_url":"https:\/\/diarioavanzada.com.mx\/wp-content\/uploads\/2025\/05\/c936f4a8-e30d-409a-bee4-64a111efdd0e-1.jpg","jetpack-related-posts":[],"jetpack_sharing_enabled":true,"amp_enabled":true,"_links":{"self":[{"href":"https:\/\/diarioavanzada.com.mx\/index.php?rest_route=\/wp\/v2\/posts\/87340","targetHints":{"allow":["GET"]}}],"collection":[{"href":"https:\/\/diarioavanzada.com.mx\/index.php?rest_route=\/wp\/v2\/posts"}],"about":[{"href":"https:\/\/diarioavanzada.com.mx\/index.php?rest_route=\/wp\/v2\/types\/post"}],"author":[{"embeddable":true,"href":"https:\/\/diarioavanzada.com.mx\/index.php?rest_route=\/wp\/v2\/users\/7"}],"replies":[{"embeddable":true,"href":"https:\/\/diarioavanzada.com.mx\/index.php?rest_route=%2Fwp%2Fv2%2Fcomments&post=87340"}],"version-history":[{"count":2,"href":"https:\/\/diarioavanzada.com.mx\/index.php?rest_route=\/wp\/v2\/posts\/87340\/revisions"}],"predecessor-version":[{"id":87343,"href":"https:\/\/diarioavanzada.com.mx\/index.php?rest_route=\/wp\/v2\/posts\/87340\/revisions\/87343"}],"wp:featuredmedia":[{"embeddable":true,"href":"https:\/\/diarioavanzada.com.mx\/index.php?rest_route=\/wp\/v2\/media\/87341"}],"wp:attachment":[{"href":"https:\/\/diarioavanzada.com.mx\/index.php?rest_route=%2Fwp%2Fv2%2Fmedia&parent=87340"}],"wp:term":[{"taxonomy":"category","embeddable":true,"href":"https:\/\/diarioavanzada.com.mx\/index.php?rest_route=%2Fwp%2Fv2%2Fcategories&post=87340"},{"taxonomy":"post_tag","embeddable":true,"href":"https:\/\/diarioavanzada.com.mx\/index.php?rest_route=%2Fwp%2Fv2%2Ftags&post=87340"}],"curies":[{"name":"wp","href":"https:\/\/api.w.org\/{rel}","templated":true}]}}