{"id":87335,"date":"2025-05-23T08:10:11","date_gmt":"2025-05-23T14:10:11","guid":{"rendered":"https:\/\/diarioavanzada.com.mx\/?p=87335"},"modified":"2025-05-23T08:13:31","modified_gmt":"2025-05-23T14:13:31","slug":"abuchean-a-gobernadora-de-bc-fuera-marina-gracias-por-tanto-carino-responde","status":"publish","type":"post","link":"https:\/\/diarioavanzada.com.mx\/?p=87335","title":{"rendered":"Abuchean a gobernadora de BC: \u201c\u00a1Fuera Marina!\u201d; \u201cGracias por tanto cari\u00f1o\u201d, responde"},"content":{"rendered":"\n<p class=\"p1 wp-block-paragraph\">Colima, M\u00e9xico, Avanzada (23\/05\/2025).- Durante la entrega de un programa de apoyo para el pago de servicios como agua y luz en Mexicali, Baja California, la gobernadora Marina del Pilar \u00c1vila fue recibida con abucheos y gritos de protesta por parte de ciudadanos que exig\u00edan su salida del cargo. Sin embargo, horas despu\u00e9s, la mandataria public\u00f3 en su red social un mensaje en el que agradec\u00eda por \u201ctanto cari\u00f1o\u201d, generando un marcado contraste entre lo ocurrido en el evento y su narrativa en l\u00ednea.<\/p>\n\n\n\n<p class=\"p1 wp-block-paragraph\">El hecho se registr\u00f3 el mi\u00e9rcoles 21 de mayo, cuando un grupo de habitantes se present\u00f3 en el acto p\u00fablico con pancartas y consignas de rechazo a su administraci\u00f3n. Los manifestantes interrumpieron la intervenci\u00f3n de la gobernadora al grito de \u201c\u00a1fuera Marina!\u201d, mientras ella intentaba presentar el programa social como un acto de apoyo y justicia para las familias de la entidad.<\/p>\n\n\n\n<figure class=\"wp-block-embed is-type-rich is-provider-twitter wp-block-embed-twitter\"><div class=\"wp-block-embed__wrapper\">\n<div class=\"embed-twitter\"><blockquote class=\"twitter-tweet\" data-width=\"550\" data-dnt=\"true\"><p lang=\"es\" dir=\"ltr\">\ud83d\uddf3\ufe0f\ud83d\udccc \u201cFUERA MARINA\u201d, LE GRITAN A LA GOBERNADORA EN MEXICALI<br><br>Otra vez, abucheos. La gobernadora Marina del Pilar fue recibida con gritos de \u201c\u00a1Fuera Marina!\u201d durante un evento en Mexicali.<br><br>El descontento crece justo cuando ella y su esposo enfrentan se\u00f1alamientos de corrupci\u00f3n y\u2026 <a href=\"https:\/\/t.co\/IDRh6HnETC\">pic.twitter.com\/IDRh6HnETC<\/a><\/p>&mdash; Juan Ortiz \ud83d\uddf3\ufe0f\ud83d\udc41\u200d\ud83d\udde8 (@Juan_OrtizMX) <a href=\"https:\/\/twitter.com\/Juan_OrtizMX\/status\/1925625835483955382?ref_src=twsrc%5Etfw\">May 22, 2025<\/a><\/blockquote><script async src=\"https:\/\/platform.twitter.com\/widgets.js\" charset=\"utf-8\"><\/script><\/div>\n<\/div><\/figure>\n\n\n\n<p class=\"p1 wp-block-paragraph\">A pesar del ambiente hostil y la evidente inconformidad ciudadana, Marina del Pilar public\u00f3 m\u00e1s tarde un mensaje en tono emotivo: \u201cGracias por tanto cari\u00f1o\u2026 No vamos a dejar de trabajar para seguir apoy\u00e1ndolos en los gastos del hogar, devolverles su tranquilidad y asegurar su bienestar. Porque en cada apoyo hay un acto de justicia, un compromiso, y porque amor con amor se paga\u201d.<\/p>\n\n\n\n<figure class=\"wp-block-embed is-type-rich is-provider-twitter wp-block-embed-twitter\"><div class=\"wp-block-embed__wrapper\">\n<div class=\"embed-twitter\"><blockquote class=\"twitter-tweet\" data-width=\"550\" data-dnt=\"true\"><p lang=\"es\" dir=\"ltr\">Gracias por tanto cari\u00f1o\u2026 No vamos a dejar de trabajar para seguir apoy\u00e1ndolos en los gastos del hogar, devolverles su tranquilidad y asegurar su bienestar.<br><br>Porque en cada apoyo hay un acto de justicia, un compromiso, y porque amor con amor se paga. <a href=\"https:\/\/t.co\/iWzpoqpRvM\">pic.twitter.com\/iWzpoqpRvM<\/a><\/p>&mdash; Marina del Pilar (@MarinadelPilar) <a href=\"https:\/\/twitter.com\/MarinadelPilar\/status\/1925659726190145741?ref_src=twsrc%5Etfw\">May 22, 2025<\/a><\/blockquote><script async src=\"https:\/\/platform.twitter.com\/widgets.js\" charset=\"utf-8\"><\/script><\/div>\n<\/div><\/figure>\n\n\n\n<p class=\"wp-block-paragraph\"><\/p>\n\n\n\n<p class=\"p1 wp-block-paragraph\">El contraste entre la protesta vivida en el evento y el mensaje difundido en redes sociales ha generado comentarios entre usuarios que acusan a la mandataria de ignorar el malestar social y de promover una versi\u00f3n edulcorada de la realidad. La tensi\u00f3n entre el discurso institucional y el sentir ciudadano vuelve a ponerse en evidencia en Baja California.<\/p>\n\n\n\n<p class=\"wp-block-paragraph\"><\/p>\n\n\n\n<p class=\"p1 wp-block-paragraph\"><\/p>\n<div class=\"fb-background-color\">\n\t\t\t  <div \n\t\t\t  \tclass = \"fb-comments\" \n\t\t\t  \tdata-href = \"https:\/\/diarioavanzada.com.mx\/?p=87335\"\n\t\t\t  \tdata-numposts = \"10\"\n\t\t\t  \tdata-lazy = \"true\"\n\t\t\t\tdata-colorscheme = \"light\"\n\t\t\t\tdata-order-by = \"social\"\n\t\t\t\tdata-mobile=true>\n\t\t\t  <\/div><\/div>\n\t\t  <style>\n\t\t    .fb-background-color {\n\t\t\t\tbackground:  !important;\n\t\t\t}\n\t\t\t.fb_iframe_widget_fluid_desktop iframe {\n\t\t\t    width: 100% !important;\n\t\t\t}\n\t\t  <\/style>\n\t\t  ","protected":false},"excerpt":{"rendered":"<p>Colima, M\u00e9xico, Avanzada (23\/05\/2025).- Durante la entrega de un programa de apoyo para el pago de servicios como agua y luz en Mexicali, Baja California, la gobernadora Marina del Pilar \u00c1vila fue recibida con abucheos y gritos de protesta por parte de ciudadanos que exig\u00edan su salida del cargo. Sin embargo, horas despu\u00e9s, la mandataria [&hellip;]<\/p>\n","protected":false},"author":7,"featured_media":87334,"comment_status":"closed","ping_status":"closed","sticky":false,"template":"","format":"standard","meta":{"_coblocks_attr":"","_coblocks_dimensions":"","_coblocks_responsive_height":"","_coblocks_accordion_ie_support":"","_crdt_document":"","advanced_seo_description":"","jetpack_seo_html_title":"","jetpack_seo_noindex":false,"_jetpack_memberships_contains_paid_content":false,"footnotes":""},"categories":[209,22,7],"tags":[210],"class_list":["post-87335","post","type-post","status-publish","format-standard","has-post-thumbnail","hentry","category-importantes","category-nacion","category-noticias","tag-portada"],"jetpack_featured_media_url":"https:\/\/diarioavanzada.com.mx\/wp-content\/uploads\/2025\/05\/img_3032-1.jpg","jetpack-related-posts":[],"jetpack_sharing_enabled":true,"amp_enabled":true,"_links":{"self":[{"href":"https:\/\/diarioavanzada.com.mx\/index.php?rest_route=\/wp\/v2\/posts\/87335","targetHints":{"allow":["GET"]}}],"collection":[{"href":"https:\/\/diarioavanzada.com.mx\/index.php?rest_route=\/wp\/v2\/posts"}],"about":[{"href":"https:\/\/diarioavanzada.com.mx\/index.php?rest_route=\/wp\/v2\/types\/post"}],"author":[{"embeddable":true,"href":"https:\/\/diarioavanzada.com.mx\/index.php?rest_route=\/wp\/v2\/users\/7"}],"replies":[{"embeddable":true,"href":"https:\/\/diarioavanzada.com.mx\/index.php?rest_route=%2Fwp%2Fv2%2Fcomments&post=87335"}],"version-history":[{"count":1,"href":"https:\/\/diarioavanzada.com.mx\/index.php?rest_route=\/wp\/v2\/posts\/87335\/revisions"}],"predecessor-version":[{"id":87336,"href":"https:\/\/diarioavanzada.com.mx\/index.php?rest_route=\/wp\/v2\/posts\/87335\/revisions\/87336"}],"wp:featuredmedia":[{"embeddable":true,"href":"https:\/\/diarioavanzada.com.mx\/index.php?rest_route=\/wp\/v2\/media\/87334"}],"wp:attachment":[{"href":"https:\/\/diarioavanzada.com.mx\/index.php?rest_route=%2Fwp%2Fv2%2Fmedia&parent=87335"}],"wp:term":[{"taxonomy":"category","embeddable":true,"href":"https:\/\/diarioavanzada.com.mx\/index.php?rest_route=%2Fwp%2Fv2%2Fcategories&post=87335"},{"taxonomy":"post_tag","embeddable":true,"href":"https:\/\/diarioavanzada.com.mx\/index.php?rest_route=%2Fwp%2Fv2%2Ftags&post=87335"}],"curies":[{"name":"wp","href":"https:\/\/api.w.org\/{rel}","templated":true}]}}