{"id":87331,"date":"2025-05-23T07:25:47","date_gmt":"2025-05-23T13:25:47","guid":{"rendered":"https:\/\/diarioavanzada.com.mx\/?p=87331"},"modified":"2025-05-23T07:25:47","modified_gmt":"2025-05-23T13:25:47","slug":"pobladores-increpan-a-norona-por-talamontes-ponte-gallito-con-ellos-les-responde","status":"publish","type":"post","link":"https:\/\/diarioavanzada.com.mx\/?p=87331","title":{"rendered":"Pobladores increpan a Noro\u00f1a por talamontes; ponte \u201cgallito\u201d con ellos, les responde"},"content":{"rendered":"\n<p class=\"p1 wp-block-paragraph\">Colima, M\u00e9xico, Avanzada (23\/05\/2025).- En medio de una visita al municipio de Ocuilan, Estado de M\u00e9xico, el presidente del Senado, Gerardo Fern\u00e1ndez Noro\u00f1a, fue confrontado por habitantes que exigieron su intervenci\u00f3n para detener la tala ilegal de \u00e1rboles en la regi\u00f3n. Durante su discurso, el senador prometi\u00f3 gestionar apoyo del gobierno federal, pero la reuni\u00f3n deriv\u00f3 en un tenso intercambio de se\u00f1alamientos.<\/p>\n\n\n\n<p class=\"p1 wp-block-paragraph\">Vecinos le recriminaron su falta de acciones concretas, a lo que Noro\u00f1a respondi\u00f3 acusando a algunos asistentes de estar en complicidad con los taladores. \u201cUstedes saben qui\u00e9nes son los taladores. Y m\u00e1s de uno de ustedes est\u00e1 en complicidad\u201d, dijo en tono molesto, luego de varios intentos de interrumpir las cr\u00edticas.<\/p>\n\n\n\n<p class=\"p1 wp-block-paragraph\">El legislador justific\u00f3 que el problema de la deforestaci\u00f3n est\u00e1 ligado a la pobreza y a la presi\u00f3n de grupos criminales. \u201cHay personas que por necesidad est\u00e1n participando en la tala. Por supuesto que tenemos que salvar los bosques, es una prioridad absoluta\u201d, afirm\u00f3.<\/p>\n\n\n\n<p class=\"p1 wp-block-paragraph\">El intercambio subi\u00f3 de tono cuando Noro\u00f1a pidi\u00f3 a los inconformes \u201cponerse de gallitos\u201d contra los responsables de la tala, no contra \u00e9l. \u201cAs\u00ed como te me pones de gallito aqu\u00ed, deber\u00edas ponerte contra los taladores\u201d, solt\u00f3, visiblemente irritado.<\/p>\n\n\n\n<p class=\"p1 wp-block-paragraph\">El episodio se suma a otros enfrentamientos verbales que el senador ha tenido en actos p\u00fablicos, reflejando su estilo frontal y poco tolerante ante las cr\u00edticas.<\/p>\n\n\n\n<figure class=\"wp-block-embed is-type-rich is-provider-twitter wp-block-embed-twitter\"><div class=\"wp-block-embed__wrapper\">\n<div class=\"embed-twitter\"><blockquote class=\"twitter-tweet\" data-width=\"550\" data-dnt=\"true\"><p lang=\"es\" dir=\"ltr\">Borracho de poder, Noro\u00f1a sigue estirando y estirando la liga y escupi\u00e9ndole a la gente en su cara.<br><br>De seguir as\u00ed, llegar\u00e1 el d\u00eda en que diga una barbaridad peor de las que ya ha dicho, en un escenario inestable y poco controlado, y nadie le va a salvar.<a href=\"https:\/\/t.co\/biOQgNm8PZ\">pic.twitter.com\/biOQgNm8PZ<\/a><\/p>&mdash; Alejandro Ju\u00e1rez #YoDefiendoAlCIDE (@AleJuarezA) <a href=\"https:\/\/twitter.com\/AleJuarezA\/status\/1925750875127005587?ref_src=twsrc%5Etfw\">May 23, 2025<\/a><\/blockquote><script async src=\"https:\/\/platform.twitter.com\/widgets.js\" charset=\"utf-8\"><\/script><\/div>\n<\/div><\/figure>\n\n\n\n<p class=\"p1 wp-block-paragraph\"><em>Fotograf\u00eda tomada de un video publicado por Alejandro Ju\u00e1rez en la red social X.<\/em><\/p>\n\n\n\n<p class=\"p1 wp-block-paragraph\"><\/p>\n\n\n\n<p class=\"wp-block-paragraph\"><\/p>\n<div class=\"fb-background-color\">\n\t\t\t  <div \n\t\t\t  \tclass = \"fb-comments\" \n\t\t\t  \tdata-href = \"https:\/\/diarioavanzada.com.mx\/?p=87331\"\n\t\t\t  \tdata-numposts = \"10\"\n\t\t\t  \tdata-lazy = \"true\"\n\t\t\t\tdata-colorscheme = \"light\"\n\t\t\t\tdata-order-by = \"social\"\n\t\t\t\tdata-mobile=true>\n\t\t\t  <\/div><\/div>\n\t\t  <style>\n\t\t    .fb-background-color {\n\t\t\t\tbackground:  !important;\n\t\t\t}\n\t\t\t.fb_iframe_widget_fluid_desktop iframe {\n\t\t\t    width: 100% !important;\n\t\t\t}\n\t\t  <\/style>\n\t\t  ","protected":false},"excerpt":{"rendered":"<p>Colima, M\u00e9xico, Avanzada (23\/05\/2025).- En medio de una visita al municipio de Ocuilan, Estado de M\u00e9xico, el presidente del Senado, Gerardo Fern\u00e1ndez Noro\u00f1a, fue confrontado por habitantes que exigieron su intervenci\u00f3n para detener la tala ilegal de \u00e1rboles en la regi\u00f3n. Durante su discurso, el senador prometi\u00f3 gestionar apoyo del gobierno federal, pero la reuni\u00f3n [&hellip;]<\/p>\n","protected":false},"author":7,"featured_media":87330,"comment_status":"closed","ping_status":"closed","sticky":false,"template":"","format":"standard","meta":{"_coblocks_attr":"","_coblocks_dimensions":"","_coblocks_responsive_height":"","_coblocks_accordion_ie_support":"","_crdt_document":"","advanced_seo_description":"","jetpack_seo_html_title":"","jetpack_seo_noindex":false,"_jetpack_memberships_contains_paid_content":false,"footnotes":""},"categories":[209,22,7],"tags":[210],"class_list":["post-87331","post","type-post","status-publish","format-standard","has-post-thumbnail","hentry","category-importantes","category-nacion","category-noticias","tag-portada"],"jetpack_featured_media_url":"https:\/\/diarioavanzada.com.mx\/wp-content\/uploads\/2025\/05\/img_3022-1.jpg","jetpack-related-posts":[],"jetpack_sharing_enabled":true,"amp_enabled":true,"_links":{"self":[{"href":"https:\/\/diarioavanzada.com.mx\/index.php?rest_route=\/wp\/v2\/posts\/87331","targetHints":{"allow":["GET"]}}],"collection":[{"href":"https:\/\/diarioavanzada.com.mx\/index.php?rest_route=\/wp\/v2\/posts"}],"about":[{"href":"https:\/\/diarioavanzada.com.mx\/index.php?rest_route=\/wp\/v2\/types\/post"}],"author":[{"embeddable":true,"href":"https:\/\/diarioavanzada.com.mx\/index.php?rest_route=\/wp\/v2\/users\/7"}],"replies":[{"embeddable":true,"href":"https:\/\/diarioavanzada.com.mx\/index.php?rest_route=%2Fwp%2Fv2%2Fcomments&post=87331"}],"version-history":[{"count":0,"href":"https:\/\/diarioavanzada.com.mx\/index.php?rest_route=\/wp\/v2\/posts\/87331\/revisions"}],"wp:featuredmedia":[{"embeddable":true,"href":"https:\/\/diarioavanzada.com.mx\/index.php?rest_route=\/wp\/v2\/media\/87330"}],"wp:attachment":[{"href":"https:\/\/diarioavanzada.com.mx\/index.php?rest_route=%2Fwp%2Fv2%2Fmedia&parent=87331"}],"wp:term":[{"taxonomy":"category","embeddable":true,"href":"https:\/\/diarioavanzada.com.mx\/index.php?rest_route=%2Fwp%2Fv2%2Fcategories&post=87331"},{"taxonomy":"post_tag","embeddable":true,"href":"https:\/\/diarioavanzada.com.mx\/index.php?rest_route=%2Fwp%2Fv2%2Ftags&post=87331"}],"curies":[{"name":"wp","href":"https:\/\/api.w.org\/{rel}","templated":true}]}}