{"id":87301,"date":"2025-05-22T19:47:22","date_gmt":"2025-05-23T01:47:22","guid":{"rendered":"https:\/\/diarioavanzada.com.mx\/?p=87301"},"modified":"2025-05-22T19:48:48","modified_gmt":"2025-05-23T01:48:48","slug":"rinde-udec-homenaje-a-carlos-eduardo-monroy","status":"publish","type":"post","link":"https:\/\/diarioavanzada.com.mx\/?p=87301","title":{"rendered":"Rinde UdeC homenaje a Carlos Eduardo Monroy"},"content":{"rendered":"\n<p class=\"wp-block-paragraph\"><em>\u201cNo llegu\u00e9 a la universidad pensando para cu\u00e1ndo me iba a ir o c\u00f3mo me iba a ir. Llegu\u00e9 a la universidad pensando en qu\u00e9 iba a hacer, en qu\u00e9 pod\u00eda contribuir\u201d, dijo el homenajeado en el auditorio de la Facultad de Psicolog\u00eda, que ahora lleva su nombre.<\/em><\/p>\n\n\n\n<p class=\"wp-block-paragraph\">Colima, M\u00e9xico, Comunicado (22\/05\/2025).- Este jueves, Carlos Eduardo Monroy Galindo recibi\u00f3 un reconocimiento de manos de Christian Torres Ortiz Zerme\u00f1o, rector de la Universidad de Colima, por su contribuci\u00f3n al crecimiento de la Facultad de Psicolog\u00eda y al desarrollo de la UdeC. Como parte de la ceremonia, realizada en el marco de la 26 Semana de Psicolog\u00eda, se impuso el nombre del homenajeado al auditorio del plantel.<\/p>\n\n\n\n<p class=\"wp-block-paragraph\">Monroy Galindo es jubilado de la UdeC y actualmente contin\u00faa impartiendo clases en la Facultad de Psicolog\u00eda de esta instituci\u00f3n educativa.<\/p>\n\n\n\n<p class=\"wp-block-paragraph\">El rector Christian Torres Ortiz dijo que el Dr. Monroy es un hombre con claridad y capacidad para organizar, estructurar ideas y con facilidad para transmitir conocimientos. Adem\u00e1s, cuenta con una gran vocaci\u00f3n para la docencia. \u201cCelebro este homenaje porque tiene que ver con su trayectoria en la Facultad de Psicolog\u00eda y como directivo de la casa de estudios\u201d, dijo.<\/p>\n\n\n\n<p class=\"wp-block-paragraph\">Destac\u00f3 que los m\u00e9ritos de Carlos Eduardo son indiscutibles, especialmente en el \u00e1mbito acad\u00e9mico, donde aport\u00f3 conocimiento, experiencia y una visi\u00f3n estrat\u00e9gica para transitar del modelo tradicional hacia m\u00e9todos m\u00e1s innovadores y flexibles en los planes de estudio. \u201cBajo su coordinaci\u00f3n, se renov\u00f3 el proceso de planeaci\u00f3n institucional, alineando funciones y actividades al enfoque de planeaci\u00f3n estrat\u00e9gica. Adem\u00e1s, encabez\u00f3 la configuraci\u00f3n del modelo educativo vigente y los trabajos de adecuaci\u00f3n normativa\u201d.<\/p>\n\n\n\n<p class=\"wp-block-paragraph\">Adem\u00e1s, dijo por \u00faltimo, fue responsable de establecer los lineamientos acad\u00e9micos que permitieron dar continuidad a las actividades durante la pandemia, logrando as\u00ed superar con \u00e9xito una de las transiciones m\u00e1s complejas en la historia reciente de la instituci\u00f3n.<\/p>\n\n\n\n<p class=\"wp-block-paragraph\">Por su parte, Nancy Molina Rodr\u00edguez, directora de la Facultad de Psicolog\u00eda, destac\u00f3 que el homenaje a Carlos Eduardo Monroy Galindo fue una iniciativa surgida desde la propia comunidad de Psicolog\u00eda, tanto de docentes como de estudiantes, y que cont\u00f3 con la aprobaci\u00f3n del rector. Al recordar la etapa de Monroy como director de este plantel, resalt\u00f3 su apertura al di\u00e1logo y su cercan\u00eda con estudiantes y profesorado.<\/p>\n\n\n\n<p class=\"wp-block-paragraph\">\u201cAhora que nos acompa\u00f1a como profesor e integrante del comit\u00e9 curricular, podemos afirmar que con \u00e9l hemos tenido algunas de las discusiones m\u00e1s enriquecedoras sobre las mejores estrategias did\u00e1cticas, los ejes curriculares y su fundamentaci\u00f3n te\u00f3rica, epistemol\u00f3gica y filos\u00f3fica. Siempre con la mirada puesta en la complejidad social, hist\u00f3rica y cultural que debemos considerar en la elaboraci\u00f3n e implementaci\u00f3n de nuestro plan de estudios, aportando ese toque innovador y visionario que lo caracteriza\u201d, expres\u00f3.<\/p>\n\n\n\n<p class=\"wp-block-paragraph\">Al tomar la palabra, Carlos Eduardo Monroy agradeci\u00f3 profundamente el homenaje y comparti\u00f3 sus primeros acercamientos con la Universidad de Colima. Originario de un pueblo del Estado de M\u00e9xico, El Oro, relat\u00f3 que, tras terminar la carrera de Medicina, lleg\u00f3 a Colima con la intenci\u00f3n de estudiar o al menos asistir como oyente a la licenciatura en Psicolog\u00eda. Poco despu\u00e9s, comenz\u00f3 a colaborar en la organizaci\u00f3n de la Semana de Psicolog\u00eda y eventualmente se incorpor\u00f3 como docente en la entonces Escuela de Psicolog\u00eda, iniciando as\u00ed su larga trayectoria en la instituci\u00f3n.<\/p>\n\n\n\n<p class=\"wp-block-paragraph\">\u201cNo llegu\u00e9 a la Universidad pensando en cu\u00e1ndo me ir\u00eda o c\u00f3mo lo har\u00eda; llegu\u00e9 pensando en qu\u00e9 pod\u00eda aportar. Hoy, al mirar hacia atr\u00e1s, siento que lo que ten\u00eda que hacer, ya lo hice. Lo que se logr\u00f3, fue lo que se pudo hacer\u2026 pero ha llegado el momento de decir adi\u00f3s. Y no sab\u00eda qu\u00e9 tan dif\u00edcil ser\u00eda. Dejar algo que ha estado en tu coraz\u00f3n tantos a\u00f1os, cuesta\u201d, comparti\u00f3 con emoci\u00f3n.<\/p>\n\n\n\n<p class=\"wp-block-paragraph\">Para finalizar, record\u00f3 entre risas: \u201cCuando estudi\u00e9 Medicina, jur\u00e9 que jam\u00e1s ser\u00eda profesor\u2026 y resulta que dos tercios de mi vida los he pasado dando clases. Aprend\u00ed de los mejores: mi pap\u00e1 y mis hermanos, siempre fueron excelentes docentes, reconocidos en las escuelas donde trabajaron\u201d.<\/p>\n\n\n\n<p class=\"wp-block-paragraph\">Como parte del homenaje, se proyect\u00f3 un video que retrata su historia de vida y su trayectoria profesional. En el pres\u00eddium estuvieron presentes Joel Nino, secretario general; Susana Aurelia Preciado, coordinadora general de Docencia, y Mario de Anda Ch\u00e1vez, director general de Educaci\u00f3n Superior.<\/p>\n\n\n\n<p class=\"wp-block-paragraph\">Como parte del homenaje, Sergio Alberto L\u00f3pez Molina y Gloria Isabel Tapia L\u00e1zaro escribieron el libro \u201cUna trayectoria instituyente: Carlos Eduardo Monroy Galindo\u201d, editado por la UdeC y que las personas interesadas pueden descardad de manera gratuita en la liga: <a href=\"https:\/\/www.libros.ucol.mx\/index.php\/dgp\/catalog\/view\/91\/331\/339\">https:\/\/www.libros.ucol.mx\/index.php\/dgp\/catalog\/view\/91\/331\/339<\/a>.<\/p>\n\n\n\n<figure class=\"wp-block-image size-large\"><img loading=\"lazy\" decoding=\"async\" width=\"1024\" height=\"682\" src=\"https:\/\/diarioavanzada.com.mx\/wp-content\/uploads\/2025\/05\/Reconocimiento-a-Carlos-Eduardo-Monroy_d-1024x682.jpg\" alt=\"\" class=\"wp-image-87305\" srcset=\"https:\/\/diarioavanzada.com.mx\/wp-content\/uploads\/2025\/05\/Reconocimiento-a-Carlos-Eduardo-Monroy_d-1024x682.jpg 1024w, https:\/\/diarioavanzada.com.mx\/wp-content\/uploads\/2025\/05\/Reconocimiento-a-Carlos-Eduardo-Monroy_d-300x200.jpg 300w, https:\/\/diarioavanzada.com.mx\/wp-content\/uploads\/2025\/05\/Reconocimiento-a-Carlos-Eduardo-Monroy_d-768x512.jpg 768w, https:\/\/diarioavanzada.com.mx\/wp-content\/uploads\/2025\/05\/Reconocimiento-a-Carlos-Eduardo-Monroy_d-1200x799.jpg 1200w, https:\/\/diarioavanzada.com.mx\/wp-content\/uploads\/2025\/05\/Reconocimiento-a-Carlos-Eduardo-Monroy_d.jpg 1225w\" sizes=\"auto, (max-width: 1024px) 100vw, 1024px\" \/><\/figure>\n\n\n\n<figure class=\"wp-block-image size-large\"><img loading=\"lazy\" decoding=\"async\" width=\"1024\" height=\"682\" src=\"https:\/\/diarioavanzada.com.mx\/wp-content\/uploads\/2025\/05\/Reconocimiento-a-Carlos-Eduardo-Monroy_b-1024x682.jpg\" alt=\"\" class=\"wp-image-87306\" srcset=\"https:\/\/diarioavanzada.com.mx\/wp-content\/uploads\/2025\/05\/Reconocimiento-a-Carlos-Eduardo-Monroy_b-1024x682.jpg 1024w, https:\/\/diarioavanzada.com.mx\/wp-content\/uploads\/2025\/05\/Reconocimiento-a-Carlos-Eduardo-Monroy_b-300x200.jpg 300w, https:\/\/diarioavanzada.com.mx\/wp-content\/uploads\/2025\/05\/Reconocimiento-a-Carlos-Eduardo-Monroy_b-768x512.jpg 768w, https:\/\/diarioavanzada.com.mx\/wp-content\/uploads\/2025\/05\/Reconocimiento-a-Carlos-Eduardo-Monroy_b-1200x799.jpg 1200w, https:\/\/diarioavanzada.com.mx\/wp-content\/uploads\/2025\/05\/Reconocimiento-a-Carlos-Eduardo-Monroy_b.jpg 1225w\" sizes=\"auto, (max-width: 1024px) 100vw, 1024px\" \/><\/figure>\n\n\n\n<figure class=\"wp-block-image size-large\"><img loading=\"lazy\" decoding=\"async\" width=\"1024\" height=\"682\" src=\"https:\/\/diarioavanzada.com.mx\/wp-content\/uploads\/2025\/05\/Reconocimiento-a-Carlos-Eduardo-Monroy_a-1024x682.jpg\" alt=\"\" class=\"wp-image-87308\" srcset=\"https:\/\/diarioavanzada.com.mx\/wp-content\/uploads\/2025\/05\/Reconocimiento-a-Carlos-Eduardo-Monroy_a-1024x682.jpg 1024w, https:\/\/diarioavanzada.com.mx\/wp-content\/uploads\/2025\/05\/Reconocimiento-a-Carlos-Eduardo-Monroy_a-300x200.jpg 300w, https:\/\/diarioavanzada.com.mx\/wp-content\/uploads\/2025\/05\/Reconocimiento-a-Carlos-Eduardo-Monroy_a-768x512.jpg 768w, https:\/\/diarioavanzada.com.mx\/wp-content\/uploads\/2025\/05\/Reconocimiento-a-Carlos-Eduardo-Monroy_a-1200x799.jpg 1200w, https:\/\/diarioavanzada.com.mx\/wp-content\/uploads\/2025\/05\/Reconocimiento-a-Carlos-Eduardo-Monroy_a.jpg 1225w\" sizes=\"auto, (max-width: 1024px) 100vw, 1024px\" \/><\/figure>\n\n\n\n<figure class=\"wp-block-image size-large\"><img loading=\"lazy\" decoding=\"async\" width=\"1024\" height=\"675\" src=\"https:\/\/diarioavanzada.com.mx\/wp-content\/uploads\/2025\/05\/Reconocimiento-a-Carlos-Eduardo-Monroy-1024x675.jpg\" alt=\"\" class=\"wp-image-87309\" srcset=\"https:\/\/diarioavanzada.com.mx\/wp-content\/uploads\/2025\/05\/Reconocimiento-a-Carlos-Eduardo-Monroy-1024x675.jpg 1024w, https:\/\/diarioavanzada.com.mx\/wp-content\/uploads\/2025\/05\/Reconocimiento-a-Carlos-Eduardo-Monroy-300x198.jpg 300w, https:\/\/diarioavanzada.com.mx\/wp-content\/uploads\/2025\/05\/Reconocimiento-a-Carlos-Eduardo-Monroy-768x506.jpg 768w, https:\/\/diarioavanzada.com.mx\/wp-content\/uploads\/2025\/05\/Reconocimiento-a-Carlos-Eduardo-Monroy-1200x791.jpg 1200w, https:\/\/diarioavanzada.com.mx\/wp-content\/uploads\/2025\/05\/Reconocimiento-a-Carlos-Eduardo-Monroy.jpg 1231w\" sizes=\"auto, (max-width: 1024px) 100vw, 1024px\" \/><\/figure>\n\n\n\n<p class=\"wp-block-paragraph\"><\/p>\n<div class=\"fb-background-color\">\n\t\t\t  <div \n\t\t\t  \tclass = \"fb-comments\" \n\t\t\t  \tdata-href = \"https:\/\/diarioavanzada.com.mx\/?p=87301\"\n\t\t\t  \tdata-numposts = \"10\"\n\t\t\t  \tdata-lazy = \"true\"\n\t\t\t\tdata-colorscheme = \"light\"\n\t\t\t\tdata-order-by = \"social\"\n\t\t\t\tdata-mobile=true>\n\t\t\t  <\/div><\/div>\n\t\t  <style>\n\t\t    .fb-background-color {\n\t\t\t\tbackground:  !important;\n\t\t\t}\n\t\t\t.fb_iframe_widget_fluid_desktop iframe {\n\t\t\t    width: 100% !important;\n\t\t\t}\n\t\t  <\/style>\n\t\t  ","protected":false},"excerpt":{"rendered":"<p>\u201cNo llegu\u00e9 a la universidad pensando para cu\u00e1ndo me iba a ir o c\u00f3mo me iba a ir. Llegu\u00e9 a la universidad pensando en qu\u00e9 iba a hacer, en qu\u00e9 pod\u00eda contribuir\u201d, dijo el homenajeado en el auditorio de la Facultad de Psicolog\u00eda, que ahora lleva su nombre. Colima, M\u00e9xico, Comunicado (22\/05\/2025).- Este jueves, Carlos [&hellip;]<\/p>\n","protected":false},"author":7,"featured_media":87313,"comment_status":"closed","ping_status":"closed","sticky":false,"template":"","format":"standard","meta":{"_coblocks_attr":"","_coblocks_dimensions":"","_coblocks_responsive_height":"","_coblocks_accordion_ie_support":"","_crdt_document":"","advanced_seo_description":"","jetpack_seo_html_title":"","jetpack_seo_noindex":false,"_jetpack_memberships_contains_paid_content":false,"footnotes":""},"categories":[19,209,7],"tags":[210],"class_list":["post-87301","post","type-post","status-publish","format-standard","has-post-thumbnail","hentry","category-colima","category-importantes","category-noticias","tag-portada"],"jetpack_featured_media_url":"https:\/\/diarioavanzada.com.mx\/wp-content\/uploads\/2025\/05\/1b5279a3-d516-4188-b7bb-55c6657176f7-1.jpg","jetpack-related-posts":[],"jetpack_sharing_enabled":true,"amp_enabled":true,"_links":{"self":[{"href":"https:\/\/diarioavanzada.com.mx\/index.php?rest_route=\/wp\/v2\/posts\/87301","targetHints":{"allow":["GET"]}}],"collection":[{"href":"https:\/\/diarioavanzada.com.mx\/index.php?rest_route=\/wp\/v2\/posts"}],"about":[{"href":"https:\/\/diarioavanzada.com.mx\/index.php?rest_route=\/wp\/v2\/types\/post"}],"author":[{"embeddable":true,"href":"https:\/\/diarioavanzada.com.mx\/index.php?rest_route=\/wp\/v2\/users\/7"}],"replies":[{"embeddable":true,"href":"https:\/\/diarioavanzada.com.mx\/index.php?rest_route=%2Fwp%2Fv2%2Fcomments&post=87301"}],"version-history":[{"count":4,"href":"https:\/\/diarioavanzada.com.mx\/index.php?rest_route=\/wp\/v2\/posts\/87301\/revisions"}],"predecessor-version":[{"id":87311,"href":"https:\/\/diarioavanzada.com.mx\/index.php?rest_route=\/wp\/v2\/posts\/87301\/revisions\/87311"}],"wp:featuredmedia":[{"embeddable":true,"href":"https:\/\/diarioavanzada.com.mx\/index.php?rest_route=\/wp\/v2\/media\/87313"}],"wp:attachment":[{"href":"https:\/\/diarioavanzada.com.mx\/index.php?rest_route=%2Fwp%2Fv2%2Fmedia&parent=87301"}],"wp:term":[{"taxonomy":"category","embeddable":true,"href":"https:\/\/diarioavanzada.com.mx\/index.php?rest_route=%2Fwp%2Fv2%2Fcategories&post=87301"},{"taxonomy":"post_tag","embeddable":true,"href":"https:\/\/diarioavanzada.com.mx\/index.php?rest_route=%2Fwp%2Fv2%2Ftags&post=87301"}],"curies":[{"name":"wp","href":"https:\/\/api.w.org\/{rel}","templated":true}]}}