{"id":87296,"date":"2025-05-22T19:41:10","date_gmt":"2025-05-23T01:41:10","guid":{"rendered":"https:\/\/diarioavanzada.com.mx\/?p=87296"},"modified":"2025-05-22T19:42:42","modified_gmt":"2025-05-23T01:42:42","slug":"literatura-un-acto-de-resistencia-ante-la-injusticia-mora-witt","status":"publish","type":"post","link":"https:\/\/diarioavanzada.com.mx\/?p=87296","title":{"rendered":"Literatura, un acto de resistencia ante la injusticia: Mora Witt"},"content":{"rendered":"\n<p class=\"wp-block-paragraph\"><em>El escritor, pol\u00edtico y ex secretario personal del ex presidente ecuatoriano Rafael Correa ofreci\u00f3 una charla sobre la importancia de la literatura para la vida y la memoria, como parte de las actividades de Altexto 2025.<\/em><\/p>\n\n\n\n<p class=\"wp-block-paragraph\">Colima, M\u00e9xico, Comunicado (22\/05\/2025).- En el marco de las actividades de la Feria del Libro Altexto 2025, el escritor, pol\u00edtico y ex secretario personal del ex presidente ecuatoriano Rafael Correa, adem\u00e1s de embajador ante la UNESCO, Galo Mora Witt, comparti\u00f3 una reflexi\u00f3n sobre el valor esencial de la literatura, destac\u00e1ndola como un acto de memoria, sensibilidad y resistencia frente a la injusticia. Esto ocurri\u00f3 en enriquecedor encuentro con estudiantes del Bachillerato 4 de la Universidad de Colima, en el campus Villa de \u00c1lvarez.<\/p>\n\n\n\n<p class=\"wp-block-paragraph\">Durante su intervenci\u00f3n, Mora Witt abord\u00f3 la literatura no solo como una disciplina acad\u00e9mica, sino como \u201cuna herramienta viva que conecta emociones, historia y sue\u00f1os colectivos. La literatura no es recitar de memoria una cita que alguien pide\u201d, afirm\u00f3, sino que \u201cse trata de una expresi\u00f3n de sensibilidad, de amor a la patria, a la familia, y de testimonio de los acontecimientos que marcan a los pueblos\u201d.<\/p>\n\n\n\n<p class=\"wp-block-paragraph\">Con referencias a figuras clave como Jorge Luis Borges, Luis Alberto S\u00e1nchez, Mariano Azuela y Antonio Gramsci, Mora destac\u00f3 c\u00f3mo la palabra escrita ha servido para denunciar la opresi\u00f3n, conservar la memoria de los migrantes, y resistir ideolog\u00edas violentas como el fascismo. A trav\u00e9s de su voz, los estudiantes recorrieron los senderos de la historia latinoamericana, reflexionaron sobre los horrores de la guerra, y valoraron la literatura como espacio para la cr\u00edtica y la esperanza.<\/p>\n\n\n\n<p class=\"wp-block-paragraph\">\u201cLa literatura puede ser todo\u201d, expres\u00f3, incluyendo el cine, la m\u00fasica, y los testimonios de vida como formas v\u00e1lidas y necesarias de escritura. Cit\u00f3 el ejemplo de la novela \u201cLos de Abajo\u201d, de Mariano Azuela, como testimonio de la Revoluci\u00f3n Mexicana, recordando que \u201csolo los testimonios que quedan de esos eventos son los que la literatura rescata\u201d.<\/p>\n\n\n\n<p class=\"wp-block-paragraph\">El encuentro cerr\u00f3 con una invitaci\u00f3n a no temerle a la clase de literatura, a verla como un campo f\u00e9rtil para explorar lo humano, lo cotidiano y lo trascendente. Con la calidez de sus palabras, Galo Mora Witt dej\u00f3 en los estudiantes este mensaje: \u201cla literatura es resistencia, es memoria y es posibilidad de un mundo mejor\u201d.<\/p>\n\n\n\n<figure class=\"wp-block-image size-large\"><img loading=\"lazy\" decoding=\"async\" width=\"1024\" height=\"683\" src=\"https:\/\/diarioavanzada.com.mx\/wp-content\/uploads\/2025\/05\/Literatura-un-acto-de-resistencia-ante-la-injusticia_Mora-Witt_b-1024x683.jpg\" alt=\"\" class=\"wp-image-87299\" srcset=\"https:\/\/diarioavanzada.com.mx\/wp-content\/uploads\/2025\/05\/Literatura-un-acto-de-resistencia-ante-la-injusticia_Mora-Witt_b-1024x683.jpg 1024w, https:\/\/diarioavanzada.com.mx\/wp-content\/uploads\/2025\/05\/Literatura-un-acto-de-resistencia-ante-la-injusticia_Mora-Witt_b-300x200.jpg 300w, https:\/\/diarioavanzada.com.mx\/wp-content\/uploads\/2025\/05\/Literatura-un-acto-de-resistencia-ante-la-injusticia_Mora-Witt_b-768x512.jpg 768w, https:\/\/diarioavanzada.com.mx\/wp-content\/uploads\/2025\/05\/Literatura-un-acto-de-resistencia-ante-la-injusticia_Mora-Witt_b-1536x1024.jpg 1536w, https:\/\/diarioavanzada.com.mx\/wp-content\/uploads\/2025\/05\/Literatura-un-acto-de-resistencia-ante-la-injusticia_Mora-Witt_b-2048x1365.jpg 2048w, https:\/\/diarioavanzada.com.mx\/wp-content\/uploads\/2025\/05\/Literatura-un-acto-de-resistencia-ante-la-injusticia_Mora-Witt_b-1200x800.jpg 1200w\" sizes=\"auto, (max-width: 1024px) 100vw, 1024px\" \/><\/figure>\n<div class=\"fb-background-color\">\n\t\t\t  <div \n\t\t\t  \tclass = \"fb-comments\" \n\t\t\t  \tdata-href = \"https:\/\/diarioavanzada.com.mx\/?p=87296\"\n\t\t\t  \tdata-numposts = \"10\"\n\t\t\t  \tdata-lazy = \"true\"\n\t\t\t\tdata-colorscheme = \"light\"\n\t\t\t\tdata-order-by = \"social\"\n\t\t\t\tdata-mobile=true>\n\t\t\t  <\/div><\/div>\n\t\t  <style>\n\t\t    .fb-background-color {\n\t\t\t\tbackground:  !important;\n\t\t\t}\n\t\t\t.fb_iframe_widget_fluid_desktop iframe {\n\t\t\t    width: 100% !important;\n\t\t\t}\n\t\t  <\/style>\n\t\t  ","protected":false},"excerpt":{"rendered":"<p>El escritor, pol\u00edtico y ex secretario personal del ex presidente ecuatoriano Rafael Correa ofreci\u00f3 una charla sobre la importancia de la literatura para la vida y la memoria, como parte de las actividades de Altexto 2025. Colima, M\u00e9xico, Comunicado (22\/05\/2025).- En el marco de las actividades de la Feria del Libro Altexto 2025, el escritor, [&hellip;]<\/p>\n","protected":false},"author":7,"featured_media":87302,"comment_status":"closed","ping_status":"closed","sticky":false,"template":"","format":"standard","meta":{"_coblocks_attr":"","_coblocks_dimensions":"","_coblocks_responsive_height":"","_coblocks_accordion_ie_support":"","_crdt_document":"","advanced_seo_description":"","jetpack_seo_html_title":"","jetpack_seo_noindex":false,"_jetpack_memberships_contains_paid_content":false,"footnotes":""},"categories":[19,209,7],"tags":[],"class_list":["post-87296","post","type-post","status-publish","format-standard","has-post-thumbnail","hentry","category-colima","category-importantes","category-noticias"],"jetpack_featured_media_url":"https:\/\/diarioavanzada.com.mx\/wp-content\/uploads\/2025\/05\/68c28f35-2dab-4544-b922-b25799021963-1.jpg","jetpack-related-posts":[],"jetpack_sharing_enabled":true,"amp_enabled":true,"_links":{"self":[{"href":"https:\/\/diarioavanzada.com.mx\/index.php?rest_route=\/wp\/v2\/posts\/87296","targetHints":{"allow":["GET"]}}],"collection":[{"href":"https:\/\/diarioavanzada.com.mx\/index.php?rest_route=\/wp\/v2\/posts"}],"about":[{"href":"https:\/\/diarioavanzada.com.mx\/index.php?rest_route=\/wp\/v2\/types\/post"}],"author":[{"embeddable":true,"href":"https:\/\/diarioavanzada.com.mx\/index.php?rest_route=\/wp\/v2\/users\/7"}],"replies":[{"embeddable":true,"href":"https:\/\/diarioavanzada.com.mx\/index.php?rest_route=%2Fwp%2Fv2%2Fcomments&post=87296"}],"version-history":[{"count":3,"href":"https:\/\/diarioavanzada.com.mx\/index.php?rest_route=\/wp\/v2\/posts\/87296\/revisions"}],"predecessor-version":[{"id":87303,"href":"https:\/\/diarioavanzada.com.mx\/index.php?rest_route=\/wp\/v2\/posts\/87296\/revisions\/87303"}],"wp:featuredmedia":[{"embeddable":true,"href":"https:\/\/diarioavanzada.com.mx\/index.php?rest_route=\/wp\/v2\/media\/87302"}],"wp:attachment":[{"href":"https:\/\/diarioavanzada.com.mx\/index.php?rest_route=%2Fwp%2Fv2%2Fmedia&parent=87296"}],"wp:term":[{"taxonomy":"category","embeddable":true,"href":"https:\/\/diarioavanzada.com.mx\/index.php?rest_route=%2Fwp%2Fv2%2Fcategories&post=87296"},{"taxonomy":"post_tag","embeddable":true,"href":"https:\/\/diarioavanzada.com.mx\/index.php?rest_route=%2Fwp%2Fv2%2Ftags&post=87296"}],"curies":[{"name":"wp","href":"https:\/\/api.w.org\/{rel}","templated":true}]}}