{"id":87280,"date":"2025-05-22T19:29:53","date_gmt":"2025-05-23T01:29:53","guid":{"rendered":"https:\/\/diarioavanzada.com.mx\/?p=87280"},"modified":"2025-05-22T19:29:53","modified_gmt":"2025-05-23T01:29:53","slug":"inauguran-seminario-internacional-de-energias-alternativas-fime-2025","status":"publish","type":"post","link":"https:\/\/diarioavanzada.com.mx\/?p=87280","title":{"rendered":"Inauguran Seminario Internacional de Energ\u00edas Alternativas FIME 2025"},"content":{"rendered":"\n<p class=\"wp-block-paragraph\" id=\"block-aa40b46a-4aa9-4266-9fdc-cd26a9540bb9\"><em>\u201cEste tipo de eventos nos invitan a ser conscientes de problemas que son apremiantes para nosotros como especie y nos ayuda a vislumbrar soluciones\u201d: V\u00edctor Topete, director del plantel.<\/em><\/p>\n\n\n\n<p class=\"wp-block-paragraph\">Colima, M\u00e9xico, Comunicado (22\/05\/2025).- El rector de la Universidad de Colima, Christian Torres Ortiz Zerme\u00f1o, inaugur\u00f3 este jueves, en el auditorio del SUTERM, el Seminario Internacional de Energ\u00edas Alternativas 2025, organizado por estudiantes de sexto semestre la Facultad de Ingenier\u00eda Mec\u00e1nica y El\u00e9ctrica (FIME). Este evento, en el que convergen universidades de M\u00e9xico, Espa\u00f1a y Colombia, se realizar\u00e1 los d\u00edas 22 y 23 de mayo de manera h\u00edbrida.<\/p>\n\n\n\n<p class=\"wp-block-paragraph\">Este seminario tiene un doble prop\u00f3sito: por una parte, conocer lo que hacen las y los expertos mundiales en materia de energ\u00edas alternativas e intercambiar puntos de vista entre investigadores y estudiantes; por otra, que los j\u00f3venes presenten sus proyectos, sus investigaciones y creaciones.<\/p>\n\n\n\n<p class=\"wp-block-paragraph\">El director del plantel, V\u00edctor Hugo Castillo Topete, agradeci\u00f3 la participaci\u00f3n del comit\u00e9 organizador. \u201cDesde hace varios a\u00f1os lo integran estudiantes de nuestro programa educativo de Ingeniero Mec\u00e1nico Electricista, coordinados por Eric V\u00e1zquez\u201d, coment\u00f3.<\/p>\n\n\n\n<p class=\"wp-block-paragraph\">Un seminario como \u00e9ste, dijo, ayuda a concientizar sobre la problem\u00e1tica mundial en temas energ\u00e9ticos y aporta a la vida institucional, pues se alinea con los programas de gobierno y los ejes transversales de la UdeC. \u201cNos invita a ser conscientes de problemas que son apremiantes para nosotros como especie y nos ayuda a vislumbrar soluciones\u201d.<\/p>\n\n\n\n<p class=\"wp-block-paragraph\">En su turno, el rector Christian Torres Ortiz coment\u00f3 que esta iniciativa, impulsada por estudiantes, \u201cno s\u00f3lo demuestra su compromiso con temas cruciales para el futuro de nuestro planeta, como son las energ\u00edas limpias y sostenibles, sino que tambi\u00e9n evidencia su capacidad de liderazgo, gesti\u00f3n y visi\u00f3n\u201d.<\/p>\n\n\n\n<p class=\"wp-block-paragraph\">Para la UdeC, continu\u00f3, \u201crepresenta una invaluable oportunidad para identificar \u00e1reas de oportunidad y fortalezas que nos permitan una mejora constante en nuestros planes de estudio, adem\u00e1s de su compromiso con temas cruciales para el futuro de nuestro planeta, como son las energ\u00edas limpias y sostenibles; este evento ejemplifica c\u00f3mo la inquietud y el talento estudiantil pueden trascender las aulas y generar espacios de conocimiento y colaboraci\u00f3n de alto nivel, pues las y los estudiantes, con ayuda de sus, maestros crean este espacio internacional\u201d.<\/p>\n\n\n\n<p class=\"wp-block-paragraph\">En la inauguraci\u00f3n tambi\u00e9n estuvieron Omar Brizuela Padilla, delegado universitario de Coquimatl\u00e1n; Humberto Jim\u00e9nez Gonz\u00e1lez, coordinador general del Programa Delf\u00edn; Heladio Rivera Am\u00e9zquita, superintendente Zona Colima de la CFE, y Rodolfo Ponce Sandoval, secretario general del SUTERM-Secci\u00f3n 25, Zona Colima.<\/p>\n\n\n\n<p class=\"wp-block-paragraph\">El Seminario Internacional de Energ\u00edas Alternativas de la FIME surgi\u00f3 en 2014 como un compromiso que la Mesa 6 Energ\u00edas Alternativas del Programa Delf\u00edn, para dar a conocer los trabajos realizados por los investigadores estudiantes.<\/p>\n\n\n\n<p class=\"wp-block-paragraph\">Durante el primer d\u00eda del seminario se impartieron conferencias sobre la importancia de la seguridad en los sistemas fotovoltaicos, sobre el programa de Verano de Investigaci\u00f3n, sobre microrredes, interfaces electr\u00f3nicas, controles y tendencias, y aplicaciones de la mecatr\u00f3nica para desarrollo de tecnolog\u00edas ambientales, entre otras.<\/p>\n\n\n\n<p class=\"wp-block-paragraph\">Para este viernes, la jornada iniciar\u00e1 a las 8 de la ma\u00f1ana en el auditorio del SUTERM con la conferencia \u201cDise\u00f1o de una estaci\u00f3n de carga solar\u201d; a las 8:50 se impartir\u00e1: \u201cPuntos cu\u00e1nticos en celdas solares sensibles\u201d; a las 10:00, \u201cInvestigaci\u00f3n aplicada a microgrids y redes de distribuci\u00f3n en la Escuela Polit\u00e9cnica Superior de Sevilla\u201d; a las 10:50, \u201cTransici\u00f3n energ\u00e9tica sostenible: Eficiencia, ahorro y desarrollo de talento\u201d, y la jornada terminar\u00e1 con una mesa de debate a las 11:50 horas.<\/p>\n\n\n\n<figure class=\"wp-block-image size-large\"><img loading=\"lazy\" decoding=\"async\" width=\"1024\" height=\"683\" src=\"https:\/\/diarioavanzada.com.mx\/wp-content\/uploads\/2025\/05\/Inauguran-Seminario-Internacional-de-Energias-Alternativas-FIME-2025_Rector-1024x683.jpg\" alt=\"\" class=\"wp-image-87282\" srcset=\"https:\/\/diarioavanzada.com.mx\/wp-content\/uploads\/2025\/05\/Inauguran-Seminario-Internacional-de-Energias-Alternativas-FIME-2025_Rector-1024x683.jpg 1024w, https:\/\/diarioavanzada.com.mx\/wp-content\/uploads\/2025\/05\/Inauguran-Seminario-Internacional-de-Energias-Alternativas-FIME-2025_Rector-300x200.jpg 300w, https:\/\/diarioavanzada.com.mx\/wp-content\/uploads\/2025\/05\/Inauguran-Seminario-Internacional-de-Energias-Alternativas-FIME-2025_Rector-768x512.jpg 768w, https:\/\/diarioavanzada.com.mx\/wp-content\/uploads\/2025\/05\/Inauguran-Seminario-Internacional-de-Energias-Alternativas-FIME-2025_Rector-1536x1024.jpg 1536w, https:\/\/diarioavanzada.com.mx\/wp-content\/uploads\/2025\/05\/Inauguran-Seminario-Internacional-de-Energias-Alternativas-FIME-2025_Rector-2048x1365.jpg 2048w, https:\/\/diarioavanzada.com.mx\/wp-content\/uploads\/2025\/05\/Inauguran-Seminario-Internacional-de-Energias-Alternativas-FIME-2025_Rector-1200x800.jpg 1200w\" sizes=\"auto, (max-width: 1024px) 100vw, 1024px\" \/><\/figure>\n\n\n\n<figure class=\"wp-block-image size-large\"><img loading=\"lazy\" decoding=\"async\" width=\"1024\" height=\"683\" src=\"https:\/\/diarioavanzada.com.mx\/wp-content\/uploads\/2025\/05\/Inauguran-Seminario-Internacional-de-Energias-Alternativas-FIME-2025_b-1024x683.jpg\" alt=\"\" class=\"wp-image-87284\" srcset=\"https:\/\/diarioavanzada.com.mx\/wp-content\/uploads\/2025\/05\/Inauguran-Seminario-Internacional-de-Energias-Alternativas-FIME-2025_b-1024x683.jpg 1024w, https:\/\/diarioavanzada.com.mx\/wp-content\/uploads\/2025\/05\/Inauguran-Seminario-Internacional-de-Energias-Alternativas-FIME-2025_b-300x200.jpg 300w, https:\/\/diarioavanzada.com.mx\/wp-content\/uploads\/2025\/05\/Inauguran-Seminario-Internacional-de-Energias-Alternativas-FIME-2025_b-768x512.jpg 768w, https:\/\/diarioavanzada.com.mx\/wp-content\/uploads\/2025\/05\/Inauguran-Seminario-Internacional-de-Energias-Alternativas-FIME-2025_b-1536x1024.jpg 1536w, https:\/\/diarioavanzada.com.mx\/wp-content\/uploads\/2025\/05\/Inauguran-Seminario-Internacional-de-Energias-Alternativas-FIME-2025_b-2048x1365.jpg 2048w, https:\/\/diarioavanzada.com.mx\/wp-content\/uploads\/2025\/05\/Inauguran-Seminario-Internacional-de-Energias-Alternativas-FIME-2025_b-1200x800.jpg 1200w\" sizes=\"auto, (max-width: 1024px) 100vw, 1024px\" \/><\/figure>\n\n\n\n<figure class=\"wp-block-image size-large\"><img loading=\"lazy\" decoding=\"async\" width=\"1024\" height=\"683\" src=\"https:\/\/diarioavanzada.com.mx\/wp-content\/uploads\/2025\/05\/Inauguran-Seminario-Internacional-de-Energias-Alternativas-FIME-2025_a-1024x683.jpg\" alt=\"\" class=\"wp-image-87285\" srcset=\"https:\/\/diarioavanzada.com.mx\/wp-content\/uploads\/2025\/05\/Inauguran-Seminario-Internacional-de-Energias-Alternativas-FIME-2025_a-1024x683.jpg 1024w, https:\/\/diarioavanzada.com.mx\/wp-content\/uploads\/2025\/05\/Inauguran-Seminario-Internacional-de-Energias-Alternativas-FIME-2025_a-300x200.jpg 300w, https:\/\/diarioavanzada.com.mx\/wp-content\/uploads\/2025\/05\/Inauguran-Seminario-Internacional-de-Energias-Alternativas-FIME-2025_a-768x512.jpg 768w, https:\/\/diarioavanzada.com.mx\/wp-content\/uploads\/2025\/05\/Inauguran-Seminario-Internacional-de-Energias-Alternativas-FIME-2025_a-1536x1024.jpg 1536w, https:\/\/diarioavanzada.com.mx\/wp-content\/uploads\/2025\/05\/Inauguran-Seminario-Internacional-de-Energias-Alternativas-FIME-2025_a-2048x1365.jpg 2048w, https:\/\/diarioavanzada.com.mx\/wp-content\/uploads\/2025\/05\/Inauguran-Seminario-Internacional-de-Energias-Alternativas-FIME-2025_a-1200x800.jpg 1200w\" sizes=\"auto, (max-width: 1024px) 100vw, 1024px\" \/><\/figure>\n\n\n\n<p class=\"wp-block-paragraph\"><\/p>\n<div class=\"fb-background-color\">\n\t\t\t  <div \n\t\t\t  \tclass = \"fb-comments\" \n\t\t\t  \tdata-href = \"https:\/\/diarioavanzada.com.mx\/?p=87280\"\n\t\t\t  \tdata-numposts = \"10\"\n\t\t\t  \tdata-lazy = \"true\"\n\t\t\t\tdata-colorscheme = \"light\"\n\t\t\t\tdata-order-by = \"social\"\n\t\t\t\tdata-mobile=true>\n\t\t\t  <\/div><\/div>\n\t\t  <style>\n\t\t    .fb-background-color {\n\t\t\t\tbackground:  !important;\n\t\t\t}\n\t\t\t.fb_iframe_widget_fluid_desktop iframe {\n\t\t\t    width: 100% !important;\n\t\t\t}\n\t\t  <\/style>\n\t\t  ","protected":false},"excerpt":{"rendered":"<p>\u201cEste tipo de eventos nos invitan a ser conscientes de problemas que son apremiantes para nosotros como especie y nos ayuda a vislumbrar soluciones\u201d: V\u00edctor Topete, director del plantel. Colima, M\u00e9xico, Comunicado (22\/05\/2025).- El rector de la Universidad de Colima, Christian Torres Ortiz Zerme\u00f1o, inaugur\u00f3 este jueves, en el auditorio del SUTERM, el Seminario Internacional [&hellip;]<\/p>\n","protected":false},"author":7,"featured_media":87289,"comment_status":"closed","ping_status":"closed","sticky":false,"template":"","format":"standard","meta":{"_coblocks_attr":"","_coblocks_dimensions":"","_coblocks_responsive_height":"","_coblocks_accordion_ie_support":"","_crdt_document":"","advanced_seo_description":"","jetpack_seo_html_title":"","jetpack_seo_noindex":false,"_jetpack_memberships_contains_paid_content":false,"footnotes":""},"categories":[19,209,7],"tags":[],"class_list":["post-87280","post","type-post","status-publish","format-standard","has-post-thumbnail","hentry","category-colima","category-importantes","category-noticias"],"jetpack_featured_media_url":"https:\/\/diarioavanzada.com.mx\/wp-content\/uploads\/2025\/05\/a919cceb-239b-4ba1-a564-cc8c1d1ec9dc-1.jpg","jetpack-related-posts":[],"jetpack_sharing_enabled":true,"amp_enabled":true,"_links":{"self":[{"href":"https:\/\/diarioavanzada.com.mx\/index.php?rest_route=\/wp\/v2\/posts\/87280","targetHints":{"allow":["GET"]}}],"collection":[{"href":"https:\/\/diarioavanzada.com.mx\/index.php?rest_route=\/wp\/v2\/posts"}],"about":[{"href":"https:\/\/diarioavanzada.com.mx\/index.php?rest_route=\/wp\/v2\/types\/post"}],"author":[{"embeddable":true,"href":"https:\/\/diarioavanzada.com.mx\/index.php?rest_route=\/wp\/v2\/users\/7"}],"replies":[{"embeddable":true,"href":"https:\/\/diarioavanzada.com.mx\/index.php?rest_route=%2Fwp%2Fv2%2Fcomments&post=87280"}],"version-history":[{"count":4,"href":"https:\/\/diarioavanzada.com.mx\/index.php?rest_route=\/wp\/v2\/posts\/87280\/revisions"}],"predecessor-version":[{"id":87287,"href":"https:\/\/diarioavanzada.com.mx\/index.php?rest_route=\/wp\/v2\/posts\/87280\/revisions\/87287"}],"wp:featuredmedia":[{"embeddable":true,"href":"https:\/\/diarioavanzada.com.mx\/index.php?rest_route=\/wp\/v2\/media\/87289"}],"wp:attachment":[{"href":"https:\/\/diarioavanzada.com.mx\/index.php?rest_route=%2Fwp%2Fv2%2Fmedia&parent=87280"}],"wp:term":[{"taxonomy":"category","embeddable":true,"href":"https:\/\/diarioavanzada.com.mx\/index.php?rest_route=%2Fwp%2Fv2%2Fcategories&post=87280"},{"taxonomy":"post_tag","embeddable":true,"href":"https:\/\/diarioavanzada.com.mx\/index.php?rest_route=%2Fwp%2Fv2%2Ftags&post=87280"}],"curies":[{"name":"wp","href":"https:\/\/api.w.org\/{rel}","templated":true}]}}