{"id":87123,"date":"2025-05-21T20:44:07","date_gmt":"2025-05-22T02:44:07","guid":{"rendered":"https:\/\/diarioavanzada.com.mx\/?p=87123"},"modified":"2025-05-21T20:44:07","modified_gmt":"2025-05-22T02:44:07","slug":"mas-de-5500-aspirantes-presentan-el-exani-ii-en-la-universidad-de-colima","status":"publish","type":"post","link":"https:\/\/diarioavanzada.com.mx\/?p=87123","title":{"rendered":"M\u00e1s de 5,500 aspirantes presentan el EXANI-II en la Universidad de Colima"},"content":{"rendered":"\n<p class=\"wp-block-paragraph\" id=\"block-8f622f2c-cd3c-48e0-a928-13b87af9e067\"><em>La jornada transcurri\u00f3 con normalidad y sin incidentes relevantes en todas las sedes universitarias. El examen requiere de cerca de 4 horas para contestarlo.<\/em><\/p>\n\n\n\n<p class=\"wp-block-paragraph\">Colima, M\u00e9xico, Comunicado (21\/05\/2025).- Este mi\u00e9rcoles 21 de mayo, desde las 8 de la ma\u00f1ana, cerca de 5 mil 590 aspirantes a licenciatura presentaron el Examen Nacional de Ingreso a la Educaci\u00f3n Superior (EXANI-II) en los distintos campus de la Universidad de Colima, en los turnos matutino y vespertino.<\/p>\n\n\n\n<p class=\"wp-block-paragraph\">El EXANI-II, elaborado por el CENEVAL, eval\u00faa integralmente las habilidades acad\u00e9micas y conocimientos espec\u00edficos adquiridos durante la formaci\u00f3n media superior, tales como comprensi\u00f3n lectora, redacci\u00f3n, pensamiento matem\u00e1tico y conocimientos relacionados con el \u00e1rea de estudio elegida.<\/p>\n\n\n\n<p class=\"wp-block-paragraph\">Adem\u00e1s, mide competencias en ingl\u00e9s, as\u00ed como variables personales, escolares y sociales, incluyendo, como parte de sus innovaciones, habilidades socioemocionales.<\/p>\n\n\n\n<p class=\"wp-block-paragraph\">La jornada transcurri\u00f3 con normalidad y sin incidentes relevantes en todas las sedes universitarias. El examen requiere de cerca de 4 horas para contestarlo.<\/p>\n\n\n\n<figure class=\"wp-block-image size-large\"><img loading=\"lazy\" decoding=\"async\" width=\"1024\" height=\"683\" src=\"https:\/\/diarioavanzada.com.mx\/wp-content\/uploads\/2025\/05\/Mas-de-5500-aspirantes-presentan-el-EXANI-II_b-1024x683.jpg\" alt=\"\" class=\"wp-image-87126\" srcset=\"https:\/\/diarioavanzada.com.mx\/wp-content\/uploads\/2025\/05\/Mas-de-5500-aspirantes-presentan-el-EXANI-II_b-1024x683.jpg 1024w, https:\/\/diarioavanzada.com.mx\/wp-content\/uploads\/2025\/05\/Mas-de-5500-aspirantes-presentan-el-EXANI-II_b-300x200.jpg 300w, https:\/\/diarioavanzada.com.mx\/wp-content\/uploads\/2025\/05\/Mas-de-5500-aspirantes-presentan-el-EXANI-II_b-768x512.jpg 768w, https:\/\/diarioavanzada.com.mx\/wp-content\/uploads\/2025\/05\/Mas-de-5500-aspirantes-presentan-el-EXANI-II_b-1200x800.jpg 1200w, https:\/\/diarioavanzada.com.mx\/wp-content\/uploads\/2025\/05\/Mas-de-5500-aspirantes-presentan-el-EXANI-II_b.jpg 1224w\" sizes=\"auto, (max-width: 1024px) 100vw, 1024px\" \/><\/figure>\n\n\n\n<figure class=\"wp-block-image size-large\"><img loading=\"lazy\" decoding=\"async\" width=\"1024\" height=\"683\" src=\"https:\/\/diarioavanzada.com.mx\/wp-content\/uploads\/2025\/05\/Mas-de-5500-aspirantes-presentan-el-EXANI-II_e-1024x683.jpg\" alt=\"\" class=\"wp-image-87128\" srcset=\"https:\/\/diarioavanzada.com.mx\/wp-content\/uploads\/2025\/05\/Mas-de-5500-aspirantes-presentan-el-EXANI-II_e-1024x683.jpg 1024w, https:\/\/diarioavanzada.com.mx\/wp-content\/uploads\/2025\/05\/Mas-de-5500-aspirantes-presentan-el-EXANI-II_e-300x200.jpg 300w, https:\/\/diarioavanzada.com.mx\/wp-content\/uploads\/2025\/05\/Mas-de-5500-aspirantes-presentan-el-EXANI-II_e-768x512.jpg 768w, https:\/\/diarioavanzada.com.mx\/wp-content\/uploads\/2025\/05\/Mas-de-5500-aspirantes-presentan-el-EXANI-II_e-1200x800.jpg 1200w, https:\/\/diarioavanzada.com.mx\/wp-content\/uploads\/2025\/05\/Mas-de-5500-aspirantes-presentan-el-EXANI-II_e.jpg 1224w\" sizes=\"auto, (max-width: 1024px) 100vw, 1024px\" \/><\/figure>\n<div class=\"fb-background-color\">\n\t\t\t  <div \n\t\t\t  \tclass = \"fb-comments\" \n\t\t\t  \tdata-href = \"https:\/\/diarioavanzada.com.mx\/?p=87123\"\n\t\t\t  \tdata-numposts = \"10\"\n\t\t\t  \tdata-lazy = \"true\"\n\t\t\t\tdata-colorscheme = \"light\"\n\t\t\t\tdata-order-by = \"social\"\n\t\t\t\tdata-mobile=true>\n\t\t\t  <\/div><\/div>\n\t\t  <style>\n\t\t    .fb-background-color {\n\t\t\t\tbackground:  !important;\n\t\t\t}\n\t\t\t.fb_iframe_widget_fluid_desktop iframe {\n\t\t\t    width: 100% !important;\n\t\t\t}\n\t\t  <\/style>\n\t\t  ","protected":false},"excerpt":{"rendered":"<p>La jornada transcurri\u00f3 con normalidad y sin incidentes relevantes en todas las sedes universitarias. El examen requiere de cerca de 4 horas para contestarlo. Colima, M\u00e9xico, Comunicado (21\/05\/2025).- Este mi\u00e9rcoles 21 de mayo, desde las 8 de la ma\u00f1ana, cerca de 5 mil 590 aspirantes a licenciatura presentaron el Examen Nacional de Ingreso a la [&hellip;]<\/p>\n","protected":false},"author":7,"featured_media":87131,"comment_status":"closed","ping_status":"closed","sticky":false,"template":"","format":"standard","meta":{"_coblocks_attr":"","_coblocks_dimensions":"","_coblocks_responsive_height":"","_coblocks_accordion_ie_support":"","_crdt_document":"","advanced_seo_description":"","jetpack_seo_html_title":"","jetpack_seo_noindex":false,"_jetpack_memberships_contains_paid_content":false,"footnotes":""},"categories":[19,209,7],"tags":[],"class_list":["post-87123","post","type-post","status-publish","format-standard","has-post-thumbnail","hentry","category-colima","category-importantes","category-noticias"],"jetpack_featured_media_url":"https:\/\/diarioavanzada.com.mx\/wp-content\/uploads\/2025\/05\/29fa8e61-c92f-4c03-b5b0-80eac3b35ba3-1.jpg","jetpack-related-posts":[],"jetpack_sharing_enabled":true,"amp_enabled":true,"_links":{"self":[{"href":"https:\/\/diarioavanzada.com.mx\/index.php?rest_route=\/wp\/v2\/posts\/87123","targetHints":{"allow":["GET"]}}],"collection":[{"href":"https:\/\/diarioavanzada.com.mx\/index.php?rest_route=\/wp\/v2\/posts"}],"about":[{"href":"https:\/\/diarioavanzada.com.mx\/index.php?rest_route=\/wp\/v2\/types\/post"}],"author":[{"embeddable":true,"href":"https:\/\/diarioavanzada.com.mx\/index.php?rest_route=\/wp\/v2\/users\/7"}],"replies":[{"embeddable":true,"href":"https:\/\/diarioavanzada.com.mx\/index.php?rest_route=%2Fwp%2Fv2%2Fcomments&post=87123"}],"version-history":[{"count":3,"href":"https:\/\/diarioavanzada.com.mx\/index.php?rest_route=\/wp\/v2\/posts\/87123\/revisions"}],"predecessor-version":[{"id":87129,"href":"https:\/\/diarioavanzada.com.mx\/index.php?rest_route=\/wp\/v2\/posts\/87123\/revisions\/87129"}],"wp:featuredmedia":[{"embeddable":true,"href":"https:\/\/diarioavanzada.com.mx\/index.php?rest_route=\/wp\/v2\/media\/87131"}],"wp:attachment":[{"href":"https:\/\/diarioavanzada.com.mx\/index.php?rest_route=%2Fwp%2Fv2%2Fmedia&parent=87123"}],"wp:term":[{"taxonomy":"category","embeddable":true,"href":"https:\/\/diarioavanzada.com.mx\/index.php?rest_route=%2Fwp%2Fv2%2Fcategories&post=87123"},{"taxonomy":"post_tag","embeddable":true,"href":"https:\/\/diarioavanzada.com.mx\/index.php?rest_route=%2Fwp%2Fv2%2Ftags&post=87123"}],"curies":[{"name":"wp","href":"https:\/\/api.w.org\/{rel}","templated":true}]}}