{"id":87110,"date":"2025-05-21T20:30:11","date_gmt":"2025-05-22T02:30:11","guid":{"rendered":"https:\/\/diarioavanzada.com.mx\/?p=87110"},"modified":"2025-05-21T20:30:11","modified_gmt":"2025-05-22T02:30:11","slug":"lucina-jimenez-comparte-su-vision-sobre-arte-cultura-de-paz-y-educacion","status":"publish","type":"post","link":"https:\/\/diarioavanzada.com.mx\/?p=87110","title":{"rendered":"Lucina Jim\u00e9nez comparte su visi\u00f3n sobre arte, cultura de paz y educaci\u00f3n"},"content":{"rendered":"\n<p class=\"wp-block-paragraph\" id=\"block-cb1885a2-c46f-4245-a122-a140aa3aab5b\"><em>La distinguida antrop\u00f3loga y gestora cultural imparti\u00f3 la conferencia \u201cCultura de paz, arte y escuela\u201d, en el marco de la Feria del Libro Universitario Altexto 2025, en el campus Villa de \u00c1lvarez.<\/em><\/p>\n\n\n\n<p class=\"wp-block-paragraph\">Colima, M\u00e9xico, Comunicado (21\/05\/2025).- Con una visi\u00f3n integradora y acorde a los desaf\u00edos contempor\u00e1neos de la educaci\u00f3n, la Facultad de Pedagog\u00eda de la Universidad de Colima, campus Villa de \u00c1lvarez, recibi\u00f3 a la destacada antrop\u00f3loga mexicana y Maestra Universitaria Distinguida, Lucina Jim\u00e9nez L\u00f3pez, quien imparti\u00f3 la conferencia \u201cCultura de paz, arte y escuela\u201d, en el marco de la Feria del Libro Universitario Altexto 2025.<\/p>\n\n\n\n<p class=\"wp-block-paragraph\">Durante su intervenci\u00f3n, Jim\u00e9nez L\u00f3pez subray\u00f3 la necesidad de repensar el v\u00ednculo entre arte, cultura y educaci\u00f3n, destacando que las pr\u00e1cticas art\u00edsticas deben reconocerse como \u201cformas leg\u00edtimas de construcci\u00f3n del conocimiento\u201d. Apoyada en avances recientes de la neurociencia, explic\u00f3 que las artes contribuyen de manera decisiva al desarrollo emocional, imaginativo y cognitivo del estudiantado.<\/p>\n\n\n\n<p class=\"wp-block-paragraph\">\u201cLa educaci\u00f3n en artes debe asumirse como un lenguaje y un eje transversal que articula escuela, comunidad y territorio. La escuela, como micromundo, puede reproducir desigualdades o convertirse en un espacio de transformaci\u00f3n a trav\u00e9s de la cocreaci\u00f3n\u201d, afirm\u00f3.<\/p>\n\n\n\n<p class=\"wp-block-paragraph\">Asimismo, se\u00f1al\u00f3 que una cultura de paz no implica la ausencia de conflicto, sino un proceso din\u00e1mico de construcci\u00f3n social en contextos de diversidad. En ese sentido, invit\u00f3 a las y los futuros pedagogos a dise\u00f1ar propuestas educativas que integren pr\u00e1cticas art\u00edsticas y ciudadanas como herramientas para combatir desigualdades y fomentar el di\u00e1logo intercultural.<\/p>\n\n\n\n<p class=\"wp-block-paragraph\">Antes de concluir, hizo \u00e9nfasis en el nuevo marco legal que orienta a las universidades mexicanas a promover una cultura de paz, lo cual requiere una formaci\u00f3n docente capaz de dialogar con los territorios, las comunidades y sus realidades espec\u00edficas.<\/p>\n\n\n\n<p class=\"wp-block-paragraph\">En el evento tambi\u00e9n estuvieron Carlos Ram\u00edrez, coordinador general de Extensi\u00f3n; Guillermina Ch\u00e1vez, directora general para el Desarrollo Integral; Arianna S\u00e1nchez, directora general de Posgrado; Mario Guillermo de Anda, director general de Educaci\u00f3n Superior, y Carmen Silvia Pe\u00f1a, directora de la Facultad de Pedagog\u00eda.<\/p>\n\n\n\n<figure class=\"wp-block-image size-large\"><img loading=\"lazy\" decoding=\"async\" width=\"1024\" height=\"683\" src=\"https:\/\/diarioavanzada.com.mx\/wp-content\/uploads\/2025\/05\/Lucina-Jimenez_Conferencia-sobre-arte-cultura-de-paz-y-educacion_a-1024x683.jpg\" alt=\"\" class=\"wp-image-87113\" srcset=\"https:\/\/diarioavanzada.com.mx\/wp-content\/uploads\/2025\/05\/Lucina-Jimenez_Conferencia-sobre-arte-cultura-de-paz-y-educacion_a-1024x683.jpg 1024w, https:\/\/diarioavanzada.com.mx\/wp-content\/uploads\/2025\/05\/Lucina-Jimenez_Conferencia-sobre-arte-cultura-de-paz-y-educacion_a-300x200.jpg 300w, https:\/\/diarioavanzada.com.mx\/wp-content\/uploads\/2025\/05\/Lucina-Jimenez_Conferencia-sobre-arte-cultura-de-paz-y-educacion_a-768x512.jpg 768w, https:\/\/diarioavanzada.com.mx\/wp-content\/uploads\/2025\/05\/Lucina-Jimenez_Conferencia-sobre-arte-cultura-de-paz-y-educacion_a-1536x1024.jpg 1536w, https:\/\/diarioavanzada.com.mx\/wp-content\/uploads\/2025\/05\/Lucina-Jimenez_Conferencia-sobre-arte-cultura-de-paz-y-educacion_a-2048x1366.jpg 2048w, https:\/\/diarioavanzada.com.mx\/wp-content\/uploads\/2025\/05\/Lucina-Jimenez_Conferencia-sobre-arte-cultura-de-paz-y-educacion_a-1200x800.jpg 1200w\" sizes=\"auto, (max-width: 1024px) 100vw, 1024px\" \/><\/figure>\n\n\n\n<p class=\"wp-block-paragraph\"><\/p>\n<div class=\"fb-background-color\">\n\t\t\t  <div \n\t\t\t  \tclass = \"fb-comments\" \n\t\t\t  \tdata-href = \"https:\/\/diarioavanzada.com.mx\/?p=87110\"\n\t\t\t  \tdata-numposts = \"10\"\n\t\t\t  \tdata-lazy = \"true\"\n\t\t\t\tdata-colorscheme = \"light\"\n\t\t\t\tdata-order-by = \"social\"\n\t\t\t\tdata-mobile=true>\n\t\t\t  <\/div><\/div>\n\t\t  <style>\n\t\t    .fb-background-color {\n\t\t\t\tbackground:  !important;\n\t\t\t}\n\t\t\t.fb_iframe_widget_fluid_desktop iframe {\n\t\t\t    width: 100% !important;\n\t\t\t}\n\t\t  <\/style>\n\t\t  ","protected":false},"excerpt":{"rendered":"<p>La distinguida antrop\u00f3loga y gestora cultural imparti\u00f3 la conferencia \u201cCultura de paz, arte y escuela\u201d, en el marco de la Feria del Libro Universitario Altexto 2025, en el campus Villa de \u00c1lvarez. Colima, M\u00e9xico, Comunicado (21\/05\/2025).- Con una visi\u00f3n integradora y acorde a los desaf\u00edos contempor\u00e1neos de la educaci\u00f3n, la Facultad de Pedagog\u00eda de la [&hellip;]<\/p>\n","protected":false},"author":7,"featured_media":87117,"comment_status":"closed","ping_status":"closed","sticky":false,"template":"","format":"standard","meta":{"_coblocks_attr":"","_coblocks_dimensions":"","_coblocks_responsive_height":"","_coblocks_accordion_ie_support":"","_crdt_document":"","advanced_seo_description":"","jetpack_seo_html_title":"","jetpack_seo_noindex":false,"_jetpack_memberships_contains_paid_content":false,"footnotes":""},"categories":[19,209,7],"tags":[],"class_list":["post-87110","post","type-post","status-publish","format-standard","has-post-thumbnail","hentry","category-colima","category-importantes","category-noticias"],"jetpack_featured_media_url":"https:\/\/diarioavanzada.com.mx\/wp-content\/uploads\/2025\/05\/31ecdd75-861e-4f16-a943-cedb25768c86-1.jpg","jetpack-related-posts":[],"jetpack_sharing_enabled":true,"amp_enabled":true,"_links":{"self":[{"href":"https:\/\/diarioavanzada.com.mx\/index.php?rest_route=\/wp\/v2\/posts\/87110","targetHints":{"allow":["GET"]}}],"collection":[{"href":"https:\/\/diarioavanzada.com.mx\/index.php?rest_route=\/wp\/v2\/posts"}],"about":[{"href":"https:\/\/diarioavanzada.com.mx\/index.php?rest_route=\/wp\/v2\/types\/post"}],"author":[{"embeddable":true,"href":"https:\/\/diarioavanzada.com.mx\/index.php?rest_route=\/wp\/v2\/users\/7"}],"replies":[{"embeddable":true,"href":"https:\/\/diarioavanzada.com.mx\/index.php?rest_route=%2Fwp%2Fv2%2Fcomments&post=87110"}],"version-history":[{"count":3,"href":"https:\/\/diarioavanzada.com.mx\/index.php?rest_route=\/wp\/v2\/posts\/87110\/revisions"}],"predecessor-version":[{"id":87115,"href":"https:\/\/diarioavanzada.com.mx\/index.php?rest_route=\/wp\/v2\/posts\/87110\/revisions\/87115"}],"wp:featuredmedia":[{"embeddable":true,"href":"https:\/\/diarioavanzada.com.mx\/index.php?rest_route=\/wp\/v2\/media\/87117"}],"wp:attachment":[{"href":"https:\/\/diarioavanzada.com.mx\/index.php?rest_route=%2Fwp%2Fv2%2Fmedia&parent=87110"}],"wp:term":[{"taxonomy":"category","embeddable":true,"href":"https:\/\/diarioavanzada.com.mx\/index.php?rest_route=%2Fwp%2Fv2%2Fcategories&post=87110"},{"taxonomy":"post_tag","embeddable":true,"href":"https:\/\/diarioavanzada.com.mx\/index.php?rest_route=%2Fwp%2Fv2%2Ftags&post=87110"}],"curies":[{"name":"wp","href":"https:\/\/api.w.org\/{rel}","templated":true}]}}