{"id":8710,"date":"2019-11-21T13:32:55","date_gmt":"2019-11-21T18:32:55","guid":{"rendered":"https:\/\/diarioavanzada.com.mx\/?p=8710"},"modified":"2019-11-21T13:32:58","modified_gmt":"2019-11-21T18:32:58","slug":"aumenta-el-desempleo-y-la-informalidad-en-colima-en-el-tercer-trimestre","status":"publish","type":"post","link":"https:\/\/diarioavanzada.com.mx\/?p=8710","title":{"rendered":"Aumenta el desempleo y la informalidad en Colima en el tercer trimestre"},"content":{"rendered":"\n<p class=\"wp-block-paragraph\">Colima, M\u00e9xico, Avanzada (21\/11\/2019).- La tasa de desempleo en Colima increment\u00f3 entre los meses de julio a septiembre, correspondientes al tercer trimestre del a\u00f1o.<\/p>\n\n\n\n<p class=\"wp-block-paragraph\">Los resultados de la Encuesta Nacional de Ocupaci\u00f3n y Empleo (ENOE) muestran que en Colima se est\u00e1n perdiendo fuentes de empleo y por el contrario ha crecido la informalidad como una forma de conseguir recursos econ\u00f3micos.<\/p>\n\n\n\n<p class=\"wp-block-paragraph\">Durante el tercer trimestre la tasa de desocupaci\u00f3n alcanz\u00f3 un 3.8 por ciento de la entre la Poblaci\u00f3n Econ\u00f3micamente Activa (PEA), cuando en el segundo trimestre fue de 3.5 por ciento.<\/p>\n\n\n\n<p class=\"wp-block-paragraph\">As\u00ed tambi\u00e9n, la encuesta se\u00f1ala que la poblaci\u00f3n en la informalidad creci\u00f3, pues en el segundo trimestre se ubicaba en el 51.3 por ciento de la poblaci\u00f3n ocupada, mientras que para el tercero se estableci\u00f3 en el 51.9 por ciento.<\/p>\n\n\n\n<p class=\"wp-block-paragraph\">En cuanto a municipios, el INEGI expone que la desocupaci\u00f3n, en la ciudad de Colima, es del 4.3 por ciento, es decir por encima de la media estatal que se ubica en el 3.8 por ciento; sin embargo, la informalidad laboral es menor al resto del estado, con un 45.2 por ciento.<\/p>\n\n\n\n<p class=\"wp-block-paragraph\">En el municipio de Colima, la poblaci\u00f3n ocupada asciende a 150 mil 154 personas, poco m\u00e1s del 40 por ciento del total en todo el estado.<\/p>\n\n\n\n<p class=\"wp-block-paragraph\">Los datos sobre el crecimiento del desempleo y el aumento en la informalidad pr\u00e1cticamente se han sostenido en lo que va de este 2019.<\/p>\n\n\n\n<p class=\"wp-block-paragraph\">En Colima, desde el 2015 no se han concretizado inversiones importantes que detonen la generaci\u00f3n de empleos y por el contrario, han cerrado negocios como Sanborns o McDonald\u00b4s.<\/p>\n<div class=\"fb-background-color\">\n\t\t\t  <div \n\t\t\t  \tclass = \"fb-comments\" \n\t\t\t  \tdata-href = \"https:\/\/diarioavanzada.com.mx\/?p=8710\"\n\t\t\t  \tdata-numposts = \"10\"\n\t\t\t  \tdata-lazy = \"true\"\n\t\t\t\tdata-colorscheme = \"light\"\n\t\t\t\tdata-order-by = \"social\"\n\t\t\t\tdata-mobile=true>\n\t\t\t  <\/div><\/div>\n\t\t  <style>\n\t\t    .fb-background-color {\n\t\t\t\tbackground:  !important;\n\t\t\t}\n\t\t\t.fb_iframe_widget_fluid_desktop iframe {\n\t\t\t    width: 100% !important;\n\t\t\t}\n\t\t  <\/style>\n\t\t  ","protected":false},"excerpt":{"rendered":"<p>Colima, M\u00e9xico, Avanzada (21\/11\/2019).- La tasa de desempleo en Colima increment\u00f3 entre los meses de julio a septiembre, correspondientes al tercer trimestre del a\u00f1o. Los resultados de la Encuesta Nacional de Ocupaci\u00f3n y Empleo (ENOE) muestran que en Colima se est\u00e1n perdiendo fuentes de empleo y por el contrario ha crecido la informalidad como una [&hellip;]<\/p>\n","protected":false},"author":5,"featured_media":8711,"comment_status":"closed","ping_status":"closed","sticky":false,"template":"","format":"standard","meta":{"_coblocks_attr":"","_coblocks_dimensions":"","_coblocks_responsive_height":"","_coblocks_accordion_ie_support":"","_crdt_document":"","advanced_seo_description":"","jetpack_seo_html_title":"","jetpack_seo_noindex":false,"_jetpack_memberships_contains_paid_content":false,"footnotes":""},"categories":[19],"tags":[210],"class_list":["post-8710","post","type-post","status-publish","format-standard","has-post-thumbnail","hentry","category-colima","tag-portada"],"jetpack_featured_media_url":"https:\/\/diarioavanzada.com.mx\/wp-content\/uploads\/2019\/11\/E7A7F6F2-7D20-4077-BDF9-958F1412657B.jpeg","jetpack-related-posts":[],"jetpack_sharing_enabled":true,"amp_enabled":true,"_links":{"self":[{"href":"https:\/\/diarioavanzada.com.mx\/index.php?rest_route=\/wp\/v2\/posts\/8710","targetHints":{"allow":["GET"]}}],"collection":[{"href":"https:\/\/diarioavanzada.com.mx\/index.php?rest_route=\/wp\/v2\/posts"}],"about":[{"href":"https:\/\/diarioavanzada.com.mx\/index.php?rest_route=\/wp\/v2\/types\/post"}],"author":[{"embeddable":true,"href":"https:\/\/diarioavanzada.com.mx\/index.php?rest_route=\/wp\/v2\/users\/5"}],"replies":[{"embeddable":true,"href":"https:\/\/diarioavanzada.com.mx\/index.php?rest_route=%2Fwp%2Fv2%2Fcomments&post=8710"}],"version-history":[{"count":0,"href":"https:\/\/diarioavanzada.com.mx\/index.php?rest_route=\/wp\/v2\/posts\/8710\/revisions"}],"wp:featuredmedia":[{"embeddable":true,"href":"https:\/\/diarioavanzada.com.mx\/index.php?rest_route=\/wp\/v2\/media\/8711"}],"wp:attachment":[{"href":"https:\/\/diarioavanzada.com.mx\/index.php?rest_route=%2Fwp%2Fv2%2Fmedia&parent=8710"}],"wp:term":[{"taxonomy":"category","embeddable":true,"href":"https:\/\/diarioavanzada.com.mx\/index.php?rest_route=%2Fwp%2Fv2%2Fcategories&post=8710"},{"taxonomy":"post_tag","embeddable":true,"href":"https:\/\/diarioavanzada.com.mx\/index.php?rest_route=%2Fwp%2Fv2%2Ftags&post=8710"}],"curies":[{"name":"wp","href":"https:\/\/api.w.org\/{rel}","templated":true}]}}