{"id":87082,"date":"2025-05-21T14:57:21","date_gmt":"2025-05-21T20:57:21","guid":{"rendered":"https:\/\/diarioavanzada.com.mx\/?p=87082"},"modified":"2025-05-21T14:58:59","modified_gmt":"2025-05-21T20:58:59","slug":"bomberos-sofocan-incendio-de-vehiculo-en-la-carretera-de-el-cobano-a-cuauhtemoc","status":"publish","type":"post","link":"https:\/\/diarioavanzada.com.mx\/?p=87082","title":{"rendered":"Bomberos sofocan incendio de veh\u00edculo en la carretera de El Cobano a Cuauht\u00e9moc"},"content":{"rendered":"\n<p class=\"p1 wp-block-paragraph\">Colima, M\u00e9xico, Avanzada (21-05-2025).- Personal de Protecci\u00f3n Civil y Bomberos del municipio de Cuauht\u00e9moc atendi\u00f3 esta ma\u00f1ana el reporte de un veh\u00edculo en llamas a la orilla de la carretera libre, a la altura del kil\u00f3metro 12, en el tramo que conecta El Cobano con la cabecera municipal.<\/p>\n\n\n\n<p class=\"p1 wp-block-paragraph\">La unidad siniestrada es una camioneta Mercury Villager color blanco con placas del estado de Jalisco, que qued\u00f3 parcialmente envuelta en fuego mientras se encontraba detenida a un costado de la vialidad.<\/p>\n\n\n\n<p class=\"p1 wp-block-paragraph\">Las autoridades exhortaron a la ciudadan\u00eda a extremar precauciones al circular por la zona, ya que la presencia de equipos de emergencia provoc\u00f3 una reducci\u00f3n en la velocidad del tr\u00e1nsito, con circulaci\u00f3n lenta en ambos sentidos.<\/p>\n\n\n\n<p class=\"p1 wp-block-paragraph\">Hasta el momento no se han reportado personas lesionadas. Se investigan las posibles causas del incendio.<\/p>\n\n\n\n<figure class=\"wp-block-image size-large\"><img loading=\"lazy\" decoding=\"async\" width=\"1024\" height=\"768\" src=\"https:\/\/diarioavanzada.com.mx\/wp-content\/uploads\/2025\/05\/img_2934-1-1024x768.jpg\" alt=\"\" class=\"wp-image-87080\" srcset=\"https:\/\/diarioavanzada.com.mx\/wp-content\/uploads\/2025\/05\/img_2934-1-1024x768.jpg 1024w, https:\/\/diarioavanzada.com.mx\/wp-content\/uploads\/2025\/05\/img_2934-1-300x225.jpg 300w, https:\/\/diarioavanzada.com.mx\/wp-content\/uploads\/2025\/05\/img_2934-1-768x576.jpg 768w, https:\/\/diarioavanzada.com.mx\/wp-content\/uploads\/2025\/05\/img_2934-1-1536x1152.jpg 1536w, https:\/\/diarioavanzada.com.mx\/wp-content\/uploads\/2025\/05\/img_2934-1.jpg 1600w\" sizes=\"auto, (max-width: 1024px) 100vw, 1024px\" \/><\/figure>\n\n\n\n<figure class=\"wp-block-image size-large\"><img loading=\"lazy\" decoding=\"async\" width=\"1024\" height=\"768\" src=\"https:\/\/diarioavanzada.com.mx\/wp-content\/uploads\/2025\/05\/img_2933-1-1024x768.jpg\" alt=\"\" class=\"wp-image-87081\" srcset=\"https:\/\/diarioavanzada.com.mx\/wp-content\/uploads\/2025\/05\/img_2933-1-1024x768.jpg 1024w, https:\/\/diarioavanzada.com.mx\/wp-content\/uploads\/2025\/05\/img_2933-1-300x225.jpg 300w, https:\/\/diarioavanzada.com.mx\/wp-content\/uploads\/2025\/05\/img_2933-1-768x576.jpg 768w, https:\/\/diarioavanzada.com.mx\/wp-content\/uploads\/2025\/05\/img_2933-1-1536x1152.jpg 1536w, https:\/\/diarioavanzada.com.mx\/wp-content\/uploads\/2025\/05\/img_2933-1.jpg 1600w\" sizes=\"auto, (max-width: 1024px) 100vw, 1024px\" \/><\/figure>\n<div class=\"fb-background-color\">\n\t\t\t  <div \n\t\t\t  \tclass = \"fb-comments\" \n\t\t\t  \tdata-href = \"https:\/\/diarioavanzada.com.mx\/?p=87082\"\n\t\t\t  \tdata-numposts = \"10\"\n\t\t\t  \tdata-lazy = \"true\"\n\t\t\t\tdata-colorscheme = \"light\"\n\t\t\t\tdata-order-by = \"social\"\n\t\t\t\tdata-mobile=true>\n\t\t\t  <\/div><\/div>\n\t\t  <style>\n\t\t    .fb-background-color {\n\t\t\t\tbackground:  !important;\n\t\t\t}\n\t\t\t.fb_iframe_widget_fluid_desktop iframe {\n\t\t\t    width: 100% !important;\n\t\t\t}\n\t\t  <\/style>\n\t\t  ","protected":false},"excerpt":{"rendered":"<p>Colima, M\u00e9xico, Avanzada (21-05-2025).- Personal de Protecci\u00f3n Civil y Bomberos del municipio de Cuauht\u00e9moc atendi\u00f3 esta ma\u00f1ana el reporte de un veh\u00edculo en llamas a la orilla de la carretera libre, a la altura del kil\u00f3metro 12, en el tramo que conecta El Cobano con la cabecera municipal. La unidad siniestrada es una camioneta Mercury [&hellip;]<\/p>\n","protected":false},"author":7,"featured_media":87079,"comment_status":"closed","ping_status":"closed","sticky":false,"template":"","format":"standard","meta":{"_coblocks_attr":"","_coblocks_dimensions":"","_coblocks_responsive_height":"","_coblocks_accordion_ie_support":"","_crdt_document":"","advanced_seo_description":"","jetpack_seo_html_title":"","jetpack_seo_noindex":false,"_jetpack_memberships_contains_paid_content":false,"footnotes":""},"categories":[209,21,7,231],"tags":[210],"class_list":["post-87082","post","type-post","status-publish","format-standard","has-post-thumbnail","hentry","category-importantes","category-municipios","category-noticias","category-seguridad","tag-portada"],"jetpack_featured_media_url":"https:\/\/diarioavanzada.com.mx\/wp-content\/uploads\/2025\/05\/img_2935-1.jpg","jetpack-related-posts":[],"jetpack_sharing_enabled":true,"amp_enabled":true,"_links":{"self":[{"href":"https:\/\/diarioavanzada.com.mx\/index.php?rest_route=\/wp\/v2\/posts\/87082","targetHints":{"allow":["GET"]}}],"collection":[{"href":"https:\/\/diarioavanzada.com.mx\/index.php?rest_route=\/wp\/v2\/posts"}],"about":[{"href":"https:\/\/diarioavanzada.com.mx\/index.php?rest_route=\/wp\/v2\/types\/post"}],"author":[{"embeddable":true,"href":"https:\/\/diarioavanzada.com.mx\/index.php?rest_route=\/wp\/v2\/users\/7"}],"replies":[{"embeddable":true,"href":"https:\/\/diarioavanzada.com.mx\/index.php?rest_route=%2Fwp%2Fv2%2Fcomments&post=87082"}],"version-history":[{"count":1,"href":"https:\/\/diarioavanzada.com.mx\/index.php?rest_route=\/wp\/v2\/posts\/87082\/revisions"}],"predecessor-version":[{"id":87083,"href":"https:\/\/diarioavanzada.com.mx\/index.php?rest_route=\/wp\/v2\/posts\/87082\/revisions\/87083"}],"wp:featuredmedia":[{"embeddable":true,"href":"https:\/\/diarioavanzada.com.mx\/index.php?rest_route=\/wp\/v2\/media\/87079"}],"wp:attachment":[{"href":"https:\/\/diarioavanzada.com.mx\/index.php?rest_route=%2Fwp%2Fv2%2Fmedia&parent=87082"}],"wp:term":[{"taxonomy":"category","embeddable":true,"href":"https:\/\/diarioavanzada.com.mx\/index.php?rest_route=%2Fwp%2Fv2%2Fcategories&post=87082"},{"taxonomy":"post_tag","embeddable":true,"href":"https:\/\/diarioavanzada.com.mx\/index.php?rest_route=%2Fwp%2Fv2%2Ftags&post=87082"}],"curies":[{"name":"wp","href":"https:\/\/api.w.org\/{rel}","templated":true}]}}