{"id":87067,"date":"2025-05-21T12:00:58","date_gmt":"2025-05-21T18:00:58","guid":{"rendered":"https:\/\/diarioavanzada.com.mx\/?p=87067"},"modified":"2025-05-21T12:00:58","modified_gmt":"2025-05-21T18:00:58","slug":"se-busca-georgina-olivier-cuevas-garcia-desaparecio-en-manzanillo","status":"publish","type":"post","link":"https:\/\/diarioavanzada.com.mx\/?p=87067","title":{"rendered":"Se busca: Georgina Olivier Cuevas Garc\u00eda desapareci\u00f3 en Manzanillo"},"content":{"rendered":"\n<p class=\"p1 wp-block-paragraph\">Colima, M\u00e9xico, Avanzada (21\/05\/2025).- La Comisi\u00f3n de B\u00fasqueda de Personas del Estado de Colima emiti\u00f3 una ficha de b\u00fasqueda para localizar a Georgina Olivier Cuevas Garc\u00eda, quien fue vista por \u00faltima vez en Manzanillo, Colima, el 4 de julio de 2018. Su desaparici\u00f3n fue reportada formalmente el pasado 20 de mayo de 2025, luego de casi siete a\u00f1os sin conocerse su paradero.<\/p>\n\n\n\n<p class=\"p1 wp-block-paragraph\">Georgina, de 35 a\u00f1os de edad, mide 1.55 metros y tiene el rostro ovalado, tez blanca, ojos grandes color caf\u00e9 oscuro, y nariz chica. Su cabello es lacio, corto y te\u00f1ido de color rojizo.<\/p>\n\n\n\n<p class=\"p1 wp-block-paragraph\">Entre sus se\u00f1as particulares destacan varios tatuajes: una rosa color negro en el pecho, una pluma con p\u00e1jaros volando en el antebrazo derecho, un rosario en el tobillo derecho, y una herradura con la letra \u201cG\u201d en el gl\u00fateo derecho. Adem\u00e1s, cuenta con una pieza dental de porcelana en el incisivo lateral y la ausencia de una muela.<\/p>\n\n\n\n<p class=\"p1 wp-block-paragraph\">La \u00faltima vez que se le vio, vest\u00eda short blanco con azul, playera color blanca, tenis marca Converse color tinto talla 24 y portaba una bolsa de cuero blanca con rayas negras tipo cebra.<\/p>\n\n\n\n<p class=\"p1 wp-block-paragraph\">Las autoridades hacen un llamado a la ciudadan\u00eda para que cualquier informaci\u00f3n que pueda ayudar a dar con su paradero sea comunicada a trav\u00e9s del n\u00famero 312 131 3809 o mediante las redes sociales oficiales de la Comisi\u00f3n de B\u00fasqueda de Personas del Estado de Colima. La colaboraci\u00f3n ciudadana es crucial en este tipo de casos.<\/p>\n\n\n\n<figure class=\"wp-block-image size-large\"><img loading=\"lazy\" decoding=\"async\" width=\"940\" height=\"788\" src=\"https:\/\/diarioavanzada.com.mx\/wp-content\/uploads\/2025\/05\/img_2924-1.jpg\" class=\"wp-image-87063\" srcset=\"https:\/\/diarioavanzada.com.mx\/wp-content\/uploads\/2025\/05\/img_2924-1.jpg 940w, https:\/\/diarioavanzada.com.mx\/wp-content\/uploads\/2025\/05\/img_2924-1-300x251.jpg 300w, https:\/\/diarioavanzada.com.mx\/wp-content\/uploads\/2025\/05\/img_2924-1-768x644.jpg 768w\" sizes=\"auto, (max-width: 940px) 100vw, 940px\" \/><\/figure>\n<div class=\"fb-background-color\">\n\t\t\t  <div \n\t\t\t  \tclass = \"fb-comments\" \n\t\t\t  \tdata-href = \"https:\/\/diarioavanzada.com.mx\/?p=87067\"\n\t\t\t  \tdata-numposts = \"10\"\n\t\t\t  \tdata-lazy = \"true\"\n\t\t\t\tdata-colorscheme = \"light\"\n\t\t\t\tdata-order-by = \"social\"\n\t\t\t\tdata-mobile=true>\n\t\t\t  <\/div><\/div>\n\t\t  <style>\n\t\t    .fb-background-color {\n\t\t\t\tbackground:  !important;\n\t\t\t}\n\t\t\t.fb_iframe_widget_fluid_desktop iframe {\n\t\t\t    width: 100% !important;\n\t\t\t}\n\t\t  <\/style>\n\t\t  ","protected":false},"excerpt":{"rendered":"<p>Colima, M\u00e9xico, Avanzada (21\/05\/2025).- La Comisi\u00f3n de B\u00fasqueda de Personas del Estado de Colima emiti\u00f3 una ficha de b\u00fasqueda para localizar a Georgina Olivier Cuevas Garc\u00eda, quien fue vista por \u00faltima vez en Manzanillo, Colima, el 4 de julio de 2018. Su desaparici\u00f3n fue reportada formalmente el pasado 20 de mayo de 2025, luego de [&hellip;]<\/p>\n","protected":false},"author":7,"featured_media":87066,"comment_status":"closed","ping_status":"closed","sticky":false,"template":"","format":"standard","meta":{"_coblocks_attr":"","_coblocks_dimensions":"","_coblocks_responsive_height":"","_coblocks_accordion_ie_support":"","_crdt_document":"","advanced_seo_description":"","jetpack_seo_html_title":"","jetpack_seo_noindex":false,"_jetpack_memberships_contains_paid_content":false,"footnotes":""},"categories":[19,209,7,231],"tags":[210],"class_list":["post-87067","post","type-post","status-publish","format-standard","has-post-thumbnail","hentry","category-colima","category-importantes","category-noticias","category-seguridad","tag-portada"],"jetpack_featured_media_url":"https:\/\/diarioavanzada.com.mx\/wp-content\/uploads\/2025\/05\/img_2927-1.png","jetpack-related-posts":[],"jetpack_sharing_enabled":true,"amp_enabled":true,"_links":{"self":[{"href":"https:\/\/diarioavanzada.com.mx\/index.php?rest_route=\/wp\/v2\/posts\/87067","targetHints":{"allow":["GET"]}}],"collection":[{"href":"https:\/\/diarioavanzada.com.mx\/index.php?rest_route=\/wp\/v2\/posts"}],"about":[{"href":"https:\/\/diarioavanzada.com.mx\/index.php?rest_route=\/wp\/v2\/types\/post"}],"author":[{"embeddable":true,"href":"https:\/\/diarioavanzada.com.mx\/index.php?rest_route=\/wp\/v2\/users\/7"}],"replies":[{"embeddable":true,"href":"https:\/\/diarioavanzada.com.mx\/index.php?rest_route=%2Fwp%2Fv2%2Fcomments&post=87067"}],"version-history":[{"count":0,"href":"https:\/\/diarioavanzada.com.mx\/index.php?rest_route=\/wp\/v2\/posts\/87067\/revisions"}],"wp:featuredmedia":[{"embeddable":true,"href":"https:\/\/diarioavanzada.com.mx\/index.php?rest_route=\/wp\/v2\/media\/87066"}],"wp:attachment":[{"href":"https:\/\/diarioavanzada.com.mx\/index.php?rest_route=%2Fwp%2Fv2%2Fmedia&parent=87067"}],"wp:term":[{"taxonomy":"category","embeddable":true,"href":"https:\/\/diarioavanzada.com.mx\/index.php?rest_route=%2Fwp%2Fv2%2Fcategories&post=87067"},{"taxonomy":"post_tag","embeddable":true,"href":"https:\/\/diarioavanzada.com.mx\/index.php?rest_route=%2Fwp%2Fv2%2Ftags&post=87067"}],"curies":[{"name":"wp","href":"https:\/\/api.w.org\/{rel}","templated":true}]}}