{"id":87048,"date":"2025-05-21T08:57:26","date_gmt":"2025-05-21T14:57:26","guid":{"rendered":"https:\/\/diarioavanzada.com.mx\/?p=87048"},"modified":"2025-05-21T09:04:31","modified_gmt":"2025-05-21T15:04:31","slug":"el-negacionismo-basico-como-metodo","status":"publish","type":"post","link":"https:\/\/diarioavanzada.com.mx\/?p=87048","title":{"rendered":"El negacionismo b\u00e1sico como m\u00e9todo"},"content":{"rendered":"\n<p class=\"p1 wp-block-paragraph\"><strong>Editorial<\/strong><\/p>\n\n\n\n<p class=\"p1 wp-block-paragraph\">El subsecretario de Cultura, Emiliano Zizumbo Quintanilla, trat\u00f3 de desmentir la nota de Avanzada relativa al cierre de seis museos en Colima, haciendo circular en sus redes sociales una captura de pantalla de la publicaci\u00f3n, atravesada con una leyenda en grandes caracteres color naranja: \u201cFalso\u201d.&nbsp;<\/p>\n\n\n\n<p class=\"p1 wp-block-paragraph\">La imagen fue acompa\u00f1ada de un texto en el que no logr\u00f3 desmentir lo fundamental: hay seis museos que permanecen cerrados, a pesar de que el funcionario lleva m\u00e1s de tres a\u00f1os y medio en el puesto.<\/p>\n\n\n\n<p class=\"p1 wp-block-paragraph\">No es inter\u00e9s de Avanzada responderle a Zizumbo Quintanilla, quien maneja un discurso construido con la f\u00f3rmula f\u00e1cil que ha practicado la 4T durante casi siete a\u00f1os para evadir cualquier conflicto: culpar a la oposici\u00f3n de todos los cuestionamientos, atribuir a motivos pol\u00edticos la cr\u00edtica y as\u00ed no se puede debatir con seriedad.<\/p>\n\n\n\n<p class=\"p1 wp-block-paragraph\">Si estamos abordando el tema es por el respeto que nos merece nuestro p\u00fablico lector y es hacia \u00e9l a quien va dirigido este texto.<\/p>\n\n\n\n<p class=\"p1 wp-block-paragraph\">En su escrito, Emiliano Zizumbo reconoce t\u00e1cita o expresamente que cinco de los seis museos se encuentran cerrados. En los casos del \u201cGriselda \u00c1lvarez\u201d y el \u201cJorge Ch\u00e1vez Carrillo\u201d culpa de su cierre y desmantelamiento al gobierno de Jos\u00e9 Ignacio Peralta S\u00e1nchez. Afirma que ya hay proyectos de remodelaci\u00f3n y reconceptualizaci\u00f3n de ambos, pero no se ha visto ning\u00fan avance y ya pas\u00f3 la mayor parte del sexenio, por lo que no existe certeza de que realmente se logre concretar su reapertura.<\/p>\n\n\n\n<p class=\"p1 wp-block-paragraph\">Respecto del Museo de las Culturas de Occidente \u201cMar\u00eda Ahumada de G\u00f3mez\u201d, el funcionario acepta que est\u00e1 cerrado y las piezas se encuentran embodegadas, pero culpa de ello a los da\u00f1os sufridos como consecuencia del temblor ocurrido hace casi tres a\u00f1os, en 2022, lapso en el que apenas se encuentra en tr\u00e1mite la asignaci\u00f3n de recursos federales para su restauraci\u00f3n.<\/p>\n\n\n\n<p class=\"p1 wp-block-paragraph\">Sobre la Sala de Patrimonio de Artes Gr\u00e1ficas de Comala se\u00f1ala que ahora es parte de la Universidad Intercultural de Colima, en tanto que su patrimonio gr\u00e1fico est\u00e1 embodegado bajo resguardo de la Subsecretar\u00eda de Cultura en el Centro de Formaci\u00f3n de Artes Gr\u00e1ficas &#8220;La Parota&#8221;. &nbsp;<\/p>\n\n\n\n<p class=\"p1 wp-block-paragraph\">Y en torno a la Sala Ricardo Rocha tambi\u00e9n fue absorbida por las instalaciones de la Universidad Intercultural, donde se imparte la Licenciatura en Arte y Gesti\u00f3n Cultural, pero tambi\u00e9n toda la colecci\u00f3n est\u00e1 embodegada en resguardo.<\/p>\n\n\n\n<p class=\"p1 wp-block-paragraph\">En relaci\u00f3n con el museo Xoloitzcuintle fue el \u00fanico sobre el que dijo de manera expresa que actualmente \u201csigue operando con distintas actividades enfocadas a infancias, administrado por el Cecytcol, por su enfoque en materia de ciencia y tecnolog\u00eda.<\/p>\n\n\n\n<p class=\"p1 wp-block-paragraph\">Al respecto, uno de los lectores del texto de Zizumbo en la red social Facebook, Joaqu\u00edn Alvarez, se encarg\u00f3 de responderle lo siguiente:<\/p>\n\n\n\n<p class=\"p1 wp-block-paragraph\">\u201cEl s\u00e1bado pasado hicimos un recorrido por los museos del centro, excelente organizaci\u00f3n.<\/p>\n\n\n\n<p class=\"p1 wp-block-paragraph\">Pero s\u00ed precisar que el MUSEO XOLOESCUINCLE NO ESTA ABIERTO, solo est\u00e1 abierto cuando hay alg\u00fan evento como en las pasadas vacaciones de primavera o el a\u00f1o pasado cuando hicieron la feria de ciencias 2024. Yo lo s\u00e9 porque yo he ido a la piedra Lisa y luce abandonado el museo y como le digo solo lo abren en eventos especiales\u201d.<\/p>\n\n\n\n<p class=\"p1 wp-block-paragraph\">\u201cEsperemos que las autoridades del estado restauren TODO el PARQUE DE LA PIEDRA LISA y que est\u00e1 bastante deteriorado, desde Silverio Cavazos yo creo que lo se remodela y los sexenios anteriores brillaron por la falta de mantenimiento\u201d.<\/p>\n\n\n\n<p class=\"p1 wp-block-paragraph\">\u201cTambi\u00e9n el parque de EL RODEO est\u00e1 totalmente abandonado y antes estaba muy bonito todo, es una lastima porque ese parque podr\u00eda dar mucho servicio a las colonias nuevas como los jazmines que est\u00e1n al norte del Cereso y tambi\u00e9n a La Estancia, Moctezuma, Jardines del Sol, Infonavit, Fovissste, Camino Real que son las que est\u00e1n por el rumbo\u201d.<\/p>\n\n\n\n<p class=\"p1 wp-block-paragraph\">El artista \u00d3scar Robles tambi\u00e9n le contest\u00f3 al subsecretario de Cultura: \u201cComo funcionario p\u00fablico, es vital mostrar adelantos reales en los proyectos que platicas, por lo menos pon los v\u00ednculos para que esa informaci\u00f3n sea clara y precisa. Es verdad lo de los espacios desmantelados por Peralta, quien, definitivamente dejo el caldo de cultivo para degradar la Secretar\u00eda de Cultura a Subsecretar\u00eda, cosa que suponemos que lesion\u00f3 bastante a ciertas manifestaciones culturales en el Estado, debido a depender de la Secretar\u00eda de Educaci\u00f3n\u201d.<\/p>\n\n\n\n<p class=\"p1 wp-block-paragraph\">\u201cSe requieren pruebas contundentes de los proyectos que mencionas, oficios institucionales en los que se evidencie que los espacios se van a rehabilitar. Por cierto, el Teatro Hidalgo parece tener broncas serias con la humedad. Al principio de la gesti\u00f3n se le pidi\u00f3 amablemente detallar el presupuesto, cosa que parece que no ha sucedido claramente\u201d.<\/p>\n\n\n\n<p class=\"p1 wp-block-paragraph\">Por \u00faltimo, el internauta Sergio Adriano Morales tambi\u00e9n cuestion\u00f3 a Zizumbo Quintanilla:<\/p>\n\n\n\n<p class=\"p1 wp-block-paragraph\">\u201cY entonces por qu\u00e9 no remodelan la Casa de la Cultura, para qu\u00e9 arrejolarse en un Palacio de Gobierno, eso es enaltecer un ego como el expresidente con un ego tan grande. Emiliano Zizumbo por qu\u00e9 dejar caer m\u00e1s la Casa de la Cultura. Si bien sabemos que desde que Carlitos Vuelvas entr\u00f3 y no hizo nada, sigui\u00f3 otra chica que tampoco hizo nada, est\u00e1 usted como representante de la comunidad art\u00edstica estatal y no hemos visto nada, sin apoyos a los artistas, artesanos, m\u00fasicos, bailarines, teatreros poetas escritores, hace falta museos, rehabiliten saquen los programas, que el beneficio sea para todos no s\u00f3lo sus amigos. Extra\u00f1o las m\u00faltiples agendas culturales, obras por el estado. Un estado sin cultura es un estado sin identidad\u201d.<\/p>\n\n\n\n<p class=\"p1 wp-block-paragraph\">La gobernadora se equivoca al mantener a Zizumbo al frente de un \u00e1rea clave para la reconstrucci\u00f3n del tejido social: la cultura. M\u00e1s grave a\u00fan es el da\u00f1o que provoca su ineficiencia, pues si su labor tuviera alg\u00fan efecto, al menos funcionar\u00eda como un dique ante el avance de conductas antisociales entre los j\u00f3venes. En cambio, su gesti\u00f3n representa el acto m\u00e1s anticultural que ha conocido esa dependencia.<\/p>\n<div class=\"fb-background-color\">\n\t\t\t  <div \n\t\t\t  \tclass = \"fb-comments\" \n\t\t\t  \tdata-href = \"https:\/\/diarioavanzada.com.mx\/?p=87048\"\n\t\t\t  \tdata-numposts = \"10\"\n\t\t\t  \tdata-lazy = \"true\"\n\t\t\t\tdata-colorscheme = \"light\"\n\t\t\t\tdata-order-by = \"social\"\n\t\t\t\tdata-mobile=true>\n\t\t\t  <\/div><\/div>\n\t\t  <style>\n\t\t    .fb-background-color {\n\t\t\t\tbackground:  !important;\n\t\t\t}\n\t\t\t.fb_iframe_widget_fluid_desktop iframe {\n\t\t\t    width: 100% !important;\n\t\t\t}\n\t\t  <\/style>\n\t\t  ","protected":false},"excerpt":{"rendered":"<p>Editorial El subsecretario de Cultura, Emiliano Zizumbo Quintanilla, trat\u00f3 de desmentir la nota de Avanzada relativa al cierre de seis museos en Colima, haciendo circular en sus redes sociales una captura de pantalla de la publicaci\u00f3n, atravesada con una leyenda en grandes caracteres color naranja: \u201cFalso\u201d.&nbsp; La imagen fue acompa\u00f1ada de un texto en el [&hellip;]<\/p>\n","protected":false},"author":7,"featured_media":87047,"comment_status":"closed","ping_status":"closed","sticky":false,"template":"","format":"standard","meta":{"_coblocks_attr":"","_coblocks_dimensions":"","_coblocks_responsive_height":"","_coblocks_accordion_ie_support":"","_crdt_document":"","advanced_seo_description":"","jetpack_seo_html_title":"","jetpack_seo_noindex":false,"_jetpack_memberships_contains_paid_content":false,"footnotes":""},"categories":[19,209,7],"tags":[210],"class_list":["post-87048","post","type-post","status-publish","format-standard","has-post-thumbnail","hentry","category-colima","category-importantes","category-noticias","tag-portada"],"jetpack_featured_media_url":"https:\/\/diarioavanzada.com.mx\/wp-content\/uploads\/2025\/05\/img_2854-1.jpg","jetpack-related-posts":[],"jetpack_sharing_enabled":true,"amp_enabled":true,"_links":{"self":[{"href":"https:\/\/diarioavanzada.com.mx\/index.php?rest_route=\/wp\/v2\/posts\/87048","targetHints":{"allow":["GET"]}}],"collection":[{"href":"https:\/\/diarioavanzada.com.mx\/index.php?rest_route=\/wp\/v2\/posts"}],"about":[{"href":"https:\/\/diarioavanzada.com.mx\/index.php?rest_route=\/wp\/v2\/types\/post"}],"author":[{"embeddable":true,"href":"https:\/\/diarioavanzada.com.mx\/index.php?rest_route=\/wp\/v2\/users\/7"}],"replies":[{"embeddable":true,"href":"https:\/\/diarioavanzada.com.mx\/index.php?rest_route=%2Fwp%2Fv2%2Fcomments&post=87048"}],"version-history":[{"count":1,"href":"https:\/\/diarioavanzada.com.mx\/index.php?rest_route=\/wp\/v2\/posts\/87048\/revisions"}],"predecessor-version":[{"id":87049,"href":"https:\/\/diarioavanzada.com.mx\/index.php?rest_route=\/wp\/v2\/posts\/87048\/revisions\/87049"}],"wp:featuredmedia":[{"embeddable":true,"href":"https:\/\/diarioavanzada.com.mx\/index.php?rest_route=\/wp\/v2\/media\/87047"}],"wp:attachment":[{"href":"https:\/\/diarioavanzada.com.mx\/index.php?rest_route=%2Fwp%2Fv2%2Fmedia&parent=87048"}],"wp:term":[{"taxonomy":"category","embeddable":true,"href":"https:\/\/diarioavanzada.com.mx\/index.php?rest_route=%2Fwp%2Fv2%2Fcategories&post=87048"},{"taxonomy":"post_tag","embeddable":true,"href":"https:\/\/diarioavanzada.com.mx\/index.php?rest_route=%2Fwp%2Fv2%2Ftags&post=87048"}],"curies":[{"name":"wp","href":"https:\/\/api.w.org\/{rel}","templated":true}]}}