{"id":87043,"date":"2025-05-21T09:23:38","date_gmt":"2025-05-21T15:23:38","guid":{"rendered":"https:\/\/diarioavanzada.com.mx\/?p=87043"},"modified":"2025-05-21T09:23:38","modified_gmt":"2025-05-21T15:23:38","slug":"atacan-casa-de-campana-de-mc-en-veracruz-una-persona-muerta-y-varios-heridos","status":"publish","type":"post","link":"https:\/\/diarioavanzada.com.mx\/?p=87043","title":{"rendered":"Atacan casa de campa\u00f1a de MC en Veracruz: una persona muerta y varios heridos"},"content":{"rendered":"\n<p class=\"p1 wp-block-paragraph\">Veracruz, M\u00e9xico, Avanzada (21\/05\/2025).- La violencia electoral en Veracruz cobr\u00f3 una nueva v\u00edctima este martes, cuando un comando armado atac\u00f3 la casa de campa\u00f1a de X\u00f3chitl Tress Rodr\u00edguez, candidata de Movimiento Ciudadano a la alcald\u00eda de Juan Rodr\u00edguez Clara. El atentado dej\u00f3 como saldo la muerte de Avisack Douglas Coronado, fot\u00f3grafa y colaboradora cercana de la aspirante, as\u00ed como al menos dos personas m\u00e1s lesionadas.<\/p>\n\n\n\n<p class=\"p1 wp-block-paragraph\">El ataque se registr\u00f3 en el bulevar Salvador Navarrete, en pleno centro del municipio, donde sujetos armados abrieron fuego contra las instalaciones del equipo de campa\u00f1a. Douglas Coronado, de 47 a\u00f1os, recibi\u00f3 un impacto de bala que atraves\u00f3 su cuerpo, siendo trasladada de emergencia al Hospital Regional Oluta-Acayucan, donde finalmente perdi\u00f3 la vida horas m\u00e1s tarde.<\/p>\n\n\n\n<p class=\"p1 wp-block-paragraph\">Luis Carbonell de la Hoz, dirigente estatal de Movimiento Ciudadano, confirm\u00f3 el fallecimiento de la tambi\u00e9n periodista y expres\u00f3 sus condolencias a familiares y compa\u00f1eros de la v\u00edctima.<\/p>\n\n\n\n<p class=\"p1 wp-block-paragraph\">Aunque se manej\u00f3 inicialmente que la propia candidata podr\u00eda haber resultado herida, su estado de salud no fue confirmado de inmediato por las autoridades ni por el partido. No obstante, posteriormente se aclar\u00f3 que la candidata est\u00e1 bien y no result\u00f3 lesionada. La situaci\u00f3n gener\u00f3 incertidumbre entre simpatizantes y habitantes del municipio, en un contexto de creciente inseguridad en el sur del estado.<\/p>\n\n\n\n<p class=\"p1 wp-block-paragraph\">Regiones como Acayucan, Oluta y Juan Rodr\u00edguez Clara han sido escenario recurrente de hechos violentos durante el actual proceso electoral, con amenazas, atentados y asesinatos que ponen en riesgo la participaci\u00f3n pol\u00edtica en la zona.<\/p>\n\n\n\n<p class=\"p1 wp-block-paragraph\">El silencio institucional y la falta de medidas de protecci\u00f3n para candidaturas locales han generado cr\u00edticas por parte de organizaciones sociales y defensoras de derechos humanos, que se\u00f1alan un patr\u00f3n de impunidad y omisi\u00f3n ante la violencia pol\u00edtica.<\/p>\n\n\n\n<p class=\"p1 wp-block-paragraph\">La Fiscal\u00eda General del Estado no ha dado a conocer avances sobre la investigaci\u00f3n ni informaci\u00f3n sobre posibles responsables.<\/p>\n\n\n\n<figure class=\"wp-block-image size-large\"><img loading=\"lazy\" decoding=\"async\" width=\"741\" height=\"1024\" src=\"https:\/\/diarioavanzada.com.mx\/wp-content\/uploads\/2025\/05\/img_3460-1-741x1024.jpg\" alt=\"\" class=\"wp-image-87041\" srcset=\"https:\/\/diarioavanzada.com.mx\/wp-content\/uploads\/2025\/05\/img_3460-1-741x1024.jpg 741w, https:\/\/diarioavanzada.com.mx\/wp-content\/uploads\/2025\/05\/img_3460-1-217x300.jpg 217w, https:\/\/diarioavanzada.com.mx\/wp-content\/uploads\/2025\/05\/img_3460-1-768x1061.jpg 768w, https:\/\/diarioavanzada.com.mx\/wp-content\/uploads\/2025\/05\/img_3460-1-1112x1536.jpg 1112w, https:\/\/diarioavanzada.com.mx\/wp-content\/uploads\/2025\/05\/img_3460-1.jpg 1158w\" sizes=\"auto, (max-width: 741px) 100vw, 741px\" \/><\/figure>\n<div class=\"fb-background-color\">\n\t\t\t  <div \n\t\t\t  \tclass = \"fb-comments\" \n\t\t\t  \tdata-href = \"https:\/\/diarioavanzada.com.mx\/?p=87043\"\n\t\t\t  \tdata-numposts = \"10\"\n\t\t\t  \tdata-lazy = \"true\"\n\t\t\t\tdata-colorscheme = \"light\"\n\t\t\t\tdata-order-by = \"social\"\n\t\t\t\tdata-mobile=true>\n\t\t\t  <\/div><\/div>\n\t\t  <style>\n\t\t    .fb-background-color {\n\t\t\t\tbackground:  !important;\n\t\t\t}\n\t\t\t.fb_iframe_widget_fluid_desktop iframe {\n\t\t\t    width: 100% !important;\n\t\t\t}\n\t\t  <\/style>\n\t\t  ","protected":false},"excerpt":{"rendered":"<p>Veracruz, M\u00e9xico, Avanzada (21\/05\/2025).- La violencia electoral en Veracruz cobr\u00f3 una nueva v\u00edctima este martes, cuando un comando armado atac\u00f3 la casa de campa\u00f1a de X\u00f3chitl Tress Rodr\u00edguez, candidata de Movimiento Ciudadano a la alcald\u00eda de Juan Rodr\u00edguez Clara. El atentado dej\u00f3 como saldo la muerte de Avisack Douglas Coronado, fot\u00f3grafa y colaboradora cercana de [&hellip;]<\/p>\n","protected":false},"author":7,"featured_media":87057,"comment_status":"closed","ping_status":"closed","sticky":false,"template":"","format":"standard","meta":{"_coblocks_attr":"","_coblocks_dimensions":"","_coblocks_responsive_height":"","_coblocks_accordion_ie_support":"","_crdt_document":"","advanced_seo_description":"","jetpack_seo_html_title":"","jetpack_seo_noindex":false,"_jetpack_memberships_contains_paid_content":false,"footnotes":""},"categories":[22,7,231],"tags":[210],"class_list":["post-87043","post","type-post","status-publish","format-standard","has-post-thumbnail","hentry","category-nacion","category-noticias","category-seguridad","tag-portada"],"jetpack_featured_media_url":"https:\/\/diarioavanzada.com.mx\/wp-content\/uploads\/2025\/05\/img_3474-1.png","jetpack-related-posts":[],"jetpack_sharing_enabled":true,"amp_enabled":true,"_links":{"self":[{"href":"https:\/\/diarioavanzada.com.mx\/index.php?rest_route=\/wp\/v2\/posts\/87043","targetHints":{"allow":["GET"]}}],"collection":[{"href":"https:\/\/diarioavanzada.com.mx\/index.php?rest_route=\/wp\/v2\/posts"}],"about":[{"href":"https:\/\/diarioavanzada.com.mx\/index.php?rest_route=\/wp\/v2\/types\/post"}],"author":[{"embeddable":true,"href":"https:\/\/diarioavanzada.com.mx\/index.php?rest_route=\/wp\/v2\/users\/7"}],"replies":[{"embeddable":true,"href":"https:\/\/diarioavanzada.com.mx\/index.php?rest_route=%2Fwp%2Fv2%2Fcomments&post=87043"}],"version-history":[{"count":2,"href":"https:\/\/diarioavanzada.com.mx\/index.php?rest_route=\/wp\/v2\/posts\/87043\/revisions"}],"predecessor-version":[{"id":87055,"href":"https:\/\/diarioavanzada.com.mx\/index.php?rest_route=\/wp\/v2\/posts\/87043\/revisions\/87055"}],"wp:featuredmedia":[{"embeddable":true,"href":"https:\/\/diarioavanzada.com.mx\/index.php?rest_route=\/wp\/v2\/media\/87057"}],"wp:attachment":[{"href":"https:\/\/diarioavanzada.com.mx\/index.php?rest_route=%2Fwp%2Fv2%2Fmedia&parent=87043"}],"wp:term":[{"taxonomy":"category","embeddable":true,"href":"https:\/\/diarioavanzada.com.mx\/index.php?rest_route=%2Fwp%2Fv2%2Fcategories&post=87043"},{"taxonomy":"post_tag","embeddable":true,"href":"https:\/\/diarioavanzada.com.mx\/index.php?rest_route=%2Fwp%2Fv2%2Ftags&post=87043"}],"curies":[{"name":"wp","href":"https:\/\/api.w.org\/{rel}","templated":true}]}}