{"id":87037,"date":"2025-05-21T08:10:05","date_gmt":"2025-05-21T14:10:05","guid":{"rendered":"https:\/\/diarioavanzada.com.mx\/?p=87037"},"modified":"2025-05-21T08:10:05","modified_gmt":"2025-05-21T14:10:05","slug":"cnte-bloquea-palacio-nacional-sheinbaum-inicia-mananera-sin-reporteros-y-a-distancia","status":"publish","type":"post","link":"https:\/\/diarioavanzada.com.mx\/?p=87037","title":{"rendered":"CNTE bloquea Palacio Nacional; Sheinbaum inicia ma\u00f1anera sin reporteros y a distancia"},"content":{"rendered":"\n<p class=\"p1 wp-block-paragraph\">M\u00e9xico, Avanzada (21\/05\/2025).- Integrantes de la Coordinadora Nacional de Trabajadores de la Educaci\u00f3n (CNTE) bloquearon desde temprana hora todos los accesos a Palacio Nacional en la Ciudad de M\u00e9xico, impidiendo el ingreso de reporteros, funcionarios federales y personal de comunicaci\u00f3n social. Ante la imposibilidad de realizar la tradicional conferencia matutina en condiciones normales, la presidenta Claudia Sheinbaum opt\u00f3 por transmitirla en vivo a trav\u00e9s de sus redes sociales, sin la presencia de medios de comunicaci\u00f3n en el recinto.<\/p>\n\n\n\n<p class=\"p1 wp-block-paragraph\">Los docentes, que mantienen una jornada de protestas, se apostaron en los accesos de Corregidora, Correo Mayor, Moneda, Erasmo Castellanos, Primo Verdad y Z\u00f3calo. A pesar de haber pactado una mesa de di\u00e1logo con el gobierno federal para este viernes, este mi\u00e9rcoles decidieron intensificar su movilizaci\u00f3n cerrando todos los accesos al inmueble hist\u00f3rico.<\/p>\n\n\n\n<p class=\"p1 wp-block-paragraph\">Desde su transmisi\u00f3n virtual, Sheinbaum reconoci\u00f3 la situaci\u00f3n: \u201cEl d\u00eda de hoy es una ma\u00f1anera del pueblo distinta. En la ma\u00f1ana tuvimos una manifestaci\u00f3n alrededor de Palacio Nacional y no pudieron entrar los reporteros, pero ya estamos al aire\u201d, expres\u00f3. Agreg\u00f3 que los medios podr\u00edan conectarse m\u00e1s tarde v\u00eda Zoom para realizar preguntas, como parte de un formato alterno. Funcionarios encargados de la log\u00edstica tampoco lograron ingresar. <\/p>\n\n\n\n<p class=\"p1 wp-block-paragraph\">Mientras tanto, la CNTE mantiene su postura de presi\u00f3n, exigiendo respuestas a sus demandas laborales y denunciando falta de atenci\u00f3n por parte de las autoridades.<\/p>\n\n\n\n<p class=\"p1 wp-block-paragraph\"><\/p>\n<div class=\"fb-background-color\">\n\t\t\t  <div \n\t\t\t  \tclass = \"fb-comments\" \n\t\t\t  \tdata-href = \"https:\/\/diarioavanzada.com.mx\/?p=87037\"\n\t\t\t  \tdata-numposts = \"10\"\n\t\t\t  \tdata-lazy = \"true\"\n\t\t\t\tdata-colorscheme = \"light\"\n\t\t\t\tdata-order-by = \"social\"\n\t\t\t\tdata-mobile=true>\n\t\t\t  <\/div><\/div>\n\t\t  <style>\n\t\t    .fb-background-color {\n\t\t\t\tbackground:  !important;\n\t\t\t}\n\t\t\t.fb_iframe_widget_fluid_desktop iframe {\n\t\t\t    width: 100% !important;\n\t\t\t}\n\t\t  <\/style>\n\t\t  ","protected":false},"excerpt":{"rendered":"<p>M\u00e9xico, Avanzada (21\/05\/2025).- Integrantes de la Coordinadora Nacional de Trabajadores de la Educaci\u00f3n (CNTE) bloquearon desde temprana hora todos los accesos a Palacio Nacional en la Ciudad de M\u00e9xico, impidiendo el ingreso de reporteros, funcionarios federales y personal de comunicaci\u00f3n social. Ante la imposibilidad de realizar la tradicional conferencia matutina en condiciones normales, la presidenta [&hellip;]<\/p>\n","protected":false},"author":7,"featured_media":87036,"comment_status":"closed","ping_status":"closed","sticky":false,"template":"","format":"standard","meta":{"_coblocks_attr":"","_coblocks_dimensions":"","_coblocks_responsive_height":"","_coblocks_accordion_ie_support":"","_crdt_document":"","advanced_seo_description":"","jetpack_seo_html_title":"","jetpack_seo_noindex":false,"_jetpack_memberships_contains_paid_content":false,"footnotes":""},"categories":[209,22,7,231],"tags":[210],"class_list":["post-87037","post","type-post","status-publish","format-standard","has-post-thumbnail","hentry","category-importantes","category-nacion","category-noticias","category-seguridad","tag-portada"],"jetpack_featured_media_url":"https:\/\/diarioavanzada.com.mx\/wp-content\/uploads\/2025\/05\/img_2851-1.jpg","jetpack-related-posts":[],"jetpack_sharing_enabled":true,"amp_enabled":true,"_links":{"self":[{"href":"https:\/\/diarioavanzada.com.mx\/index.php?rest_route=\/wp\/v2\/posts\/87037","targetHints":{"allow":["GET"]}}],"collection":[{"href":"https:\/\/diarioavanzada.com.mx\/index.php?rest_route=\/wp\/v2\/posts"}],"about":[{"href":"https:\/\/diarioavanzada.com.mx\/index.php?rest_route=\/wp\/v2\/types\/post"}],"author":[{"embeddable":true,"href":"https:\/\/diarioavanzada.com.mx\/index.php?rest_route=\/wp\/v2\/users\/7"}],"replies":[{"embeddable":true,"href":"https:\/\/diarioavanzada.com.mx\/index.php?rest_route=%2Fwp%2Fv2%2Fcomments&post=87037"}],"version-history":[{"count":0,"href":"https:\/\/diarioavanzada.com.mx\/index.php?rest_route=\/wp\/v2\/posts\/87037\/revisions"}],"wp:featuredmedia":[{"embeddable":true,"href":"https:\/\/diarioavanzada.com.mx\/index.php?rest_route=\/wp\/v2\/media\/87036"}],"wp:attachment":[{"href":"https:\/\/diarioavanzada.com.mx\/index.php?rest_route=%2Fwp%2Fv2%2Fmedia&parent=87037"}],"wp:term":[{"taxonomy":"category","embeddable":true,"href":"https:\/\/diarioavanzada.com.mx\/index.php?rest_route=%2Fwp%2Fv2%2Fcategories&post=87037"},{"taxonomy":"post_tag","embeddable":true,"href":"https:\/\/diarioavanzada.com.mx\/index.php?rest_route=%2Fwp%2Fv2%2Ftags&post=87037"}],"curies":[{"name":"wp","href":"https:\/\/api.w.org\/{rel}","templated":true}]}}