{"id":87035,"date":"2025-05-21T08:05:16","date_gmt":"2025-05-21T14:05:16","guid":{"rendered":"https:\/\/diarioavanzada.com.mx\/?p=87035"},"modified":"2025-05-21T08:05:16","modified_gmt":"2025-05-21T14:05:16","slug":"pronostican-ambiente-extremadamente-caluroso-este-miercoles-en-colima","status":"publish","type":"post","link":"https:\/\/diarioavanzada.com.mx\/?p=87035","title":{"rendered":"Pronostican ambiente extremadamente caluroso este mi\u00e9rcoles en Colima"},"content":{"rendered":"\n<p class=\"p1 wp-block-paragraph\">Colima, M\u00e9xico, Avanzada (21\/05\/2025).- Colima enfrentar\u00e1 condiciones clim\u00e1ticas contrastantes este mi\u00e9rcoles 21 de mayo, con pron\u00f3stico de temperaturas m\u00e1ximas que podr\u00edan superar los 35 \u00b0C, inform\u00f3 el Servicio Meteorol\u00f3gico Nacional.<\/p>\n\n\n\n<p class=\"p1 wp-block-paragraph\">En la entidad existe probabilidad de lluvia durante la tarde, aunque de menor intensidad que en estados vecinos como Jalisco y Michoac\u00e1n. Estas precipitaciones podr\u00edan causar encharcamientos en zonas urbanas. Adem\u00e1s, se prev\u00e9n rachas de viento de hasta 50 km\/h.<\/p>\n\n\n\n<p class=\"p1 wp-block-paragraph\">El ambiente se mantendr\u00e1 caluroso a muy caluroso debido a una circulaci\u00f3n anticicl\u00f3nica en niveles medios de la atm\u00f3sfera, lo que mantiene activa la onda de calor en gran parte del pa\u00eds, incluyendo Colima.<\/p>\n\n\n\n<p class=\"p1 wp-block-paragraph\">Asimismo, se pronostica oleaje elevado, de entre 1.5 y 2.5 metros de altura, en las costas del estado, por lo que se recomienda precauci\u00f3n a quienes realizan actividades mar\u00edtimas.<\/p>\n\n\n\n<p class=\"p1 wp-block-paragraph\">Las autoridades exhortan a la poblaci\u00f3n a mantenerse informada a trav\u00e9s de fuentes oficiales y seguir las recomendaciones de Protecci\u00f3n Civil ante posibles afectaciones por lluvias o calor extremo.<\/p>\n\n\n\n<p class=\"wp-block-paragraph\"><\/p>\n<div class=\"fb-background-color\">\n\t\t\t  <div \n\t\t\t  \tclass = \"fb-comments\" \n\t\t\t  \tdata-href = \"https:\/\/diarioavanzada.com.mx\/?p=87035\"\n\t\t\t  \tdata-numposts = \"10\"\n\t\t\t  \tdata-lazy = \"true\"\n\t\t\t\tdata-colorscheme = \"light\"\n\t\t\t\tdata-order-by = \"social\"\n\t\t\t\tdata-mobile=true>\n\t\t\t  <\/div><\/div>\n\t\t  <style>\n\t\t    .fb-background-color {\n\t\t\t\tbackground:  !important;\n\t\t\t}\n\t\t\t.fb_iframe_widget_fluid_desktop iframe {\n\t\t\t    width: 100% !important;\n\t\t\t}\n\t\t  <\/style>\n\t\t  ","protected":false},"excerpt":{"rendered":"<p>Colima, M\u00e9xico, Avanzada (21\/05\/2025).- Colima enfrentar\u00e1 condiciones clim\u00e1ticas contrastantes este mi\u00e9rcoles 21 de mayo, con pron\u00f3stico de temperaturas m\u00e1ximas que podr\u00edan superar los 35 \u00b0C, inform\u00f3 el Servicio Meteorol\u00f3gico Nacional. En la entidad existe probabilidad de lluvia durante la tarde, aunque de menor intensidad que en estados vecinos como Jalisco y Michoac\u00e1n. Estas precipitaciones podr\u00edan [&hellip;]<\/p>\n","protected":false},"author":7,"featured_media":87034,"comment_status":"closed","ping_status":"closed","sticky":false,"template":"","format":"standard","meta":{"_coblocks_attr":"","_coblocks_dimensions":"","_coblocks_responsive_height":"","_coblocks_accordion_ie_support":"","_crdt_document":"","advanced_seo_description":"","jetpack_seo_html_title":"","jetpack_seo_noindex":false,"_jetpack_memberships_contains_paid_content":false,"footnotes":""},"categories":[19,7,29],"tags":[],"class_list":["post-87035","post","type-post","status-publish","format-standard","has-post-thumbnail","hentry","category-colima","category-noticias","category-sociedad"],"jetpack_featured_media_url":"https:\/\/diarioavanzada.com.mx\/wp-content\/uploads\/2025\/05\/img_3456-1.jpg","jetpack-related-posts":[],"jetpack_sharing_enabled":true,"amp_enabled":true,"_links":{"self":[{"href":"https:\/\/diarioavanzada.com.mx\/index.php?rest_route=\/wp\/v2\/posts\/87035","targetHints":{"allow":["GET"]}}],"collection":[{"href":"https:\/\/diarioavanzada.com.mx\/index.php?rest_route=\/wp\/v2\/posts"}],"about":[{"href":"https:\/\/diarioavanzada.com.mx\/index.php?rest_route=\/wp\/v2\/types\/post"}],"author":[{"embeddable":true,"href":"https:\/\/diarioavanzada.com.mx\/index.php?rest_route=\/wp\/v2\/users\/7"}],"replies":[{"embeddable":true,"href":"https:\/\/diarioavanzada.com.mx\/index.php?rest_route=%2Fwp%2Fv2%2Fcomments&post=87035"}],"version-history":[{"count":0,"href":"https:\/\/diarioavanzada.com.mx\/index.php?rest_route=\/wp\/v2\/posts\/87035\/revisions"}],"wp:featuredmedia":[{"embeddable":true,"href":"https:\/\/diarioavanzada.com.mx\/index.php?rest_route=\/wp\/v2\/media\/87034"}],"wp:attachment":[{"href":"https:\/\/diarioavanzada.com.mx\/index.php?rest_route=%2Fwp%2Fv2%2Fmedia&parent=87035"}],"wp:term":[{"taxonomy":"category","embeddable":true,"href":"https:\/\/diarioavanzada.com.mx\/index.php?rest_route=%2Fwp%2Fv2%2Fcategories&post=87035"},{"taxonomy":"post_tag","embeddable":true,"href":"https:\/\/diarioavanzada.com.mx\/index.php?rest_route=%2Fwp%2Fv2%2Ftags&post=87035"}],"curies":[{"name":"wp","href":"https:\/\/api.w.org\/{rel}","templated":true}]}}