{"id":87009,"date":"2025-05-20T20:54:46","date_gmt":"2025-05-21T02:54:46","guid":{"rendered":"https:\/\/diarioavanzada.com.mx\/?p=87009"},"modified":"2025-05-20T20:54:46","modified_gmt":"2025-05-21T02:54:46","slug":"arranca-tey-programa-detecta-ubica-y-reporta-arboles-en-riesgo","status":"publish","type":"post","link":"https:\/\/diarioavanzada.com.mx\/?p=87009","title":{"rendered":"Arranca Tey programa \u201cDetecta, ubica y reporta \u00e1rboles en riesgo\u201d"},"content":{"rendered":"\n<p class=\"wp-block-paragraph\"><em>Medida preventiva de seguridad ante el inicio de la temporada de lluvias: Alcaldesa<\/em><\/p>\n\n\n\n<p class=\"wp-block-paragraph\">Villa de \u00c1lvarez, Colima, Comunicado (20\/05\/2025).- Para prevenir los da\u00f1os ocasionados por la ca\u00edda de \u00e1rboles en temporada de lluvias, la Presidenta Tey Guti\u00e9rrez Andrade puso en marcha la campa\u00f1a &#8220;Detecta, ubica y reporta \u00e1rboles en riesgo&#8221;, con el que la ciudadan\u00eda informa sobre arbolado que pudiera arriesgar la seguridad de las personas y su patrimonio.<\/p>\n\n\n\n<p class=\"wp-block-paragraph\">En la calle Prolongaci\u00f3n Hidalgo, a la altura de la colonia Hacienda Real, la Alcaldesa expres\u00f3 que la campa\u00f1a iniciada este martes es una de las actividades preventivas m\u00e1s importantes de la administraci\u00f3n municipal previo al inicio de las lluvias, con la cual se busca detectar y disminuir los riesgos hacia la poblaci\u00f3n.<\/p>\n\n\n\n<p class=\"wp-block-paragraph\">Destac\u00f3 que los \u00e1rboles susceptibles de ser intervenidos ser\u00e1n s\u00f3lo aquellos que est\u00e9n totalmente secos y representen un riesgo real para la poblaci\u00f3n, intervenci\u00f3n que se har\u00e1 cuidando toda la normatividad y contando con los dict\u00e1menes correspondientes.<\/p>\n\n\n\n<p class=\"wp-block-paragraph\">Mario Urz\u00faa, Director de la Unidad Municipal de Protecci\u00f3n Civil, explic\u00f3 que el par de \u00e1rboles que se derribaron este d\u00eda fueron reportados por vecinas y vecinos, acci\u00f3n realizada luego de un an\u00e1lisis de los mismos y de dictaminarse que est\u00e1n completamente secos y representan un riesgo para transe\u00fantes y automovilistas.<\/p>\n\n\n\n<p class=\"wp-block-paragraph\">Ang\u00e9lica Jim\u00e9nez, Directora de Ecolog\u00eda de Villa de \u00c1lvarez, se\u00f1al\u00f3 que la campa\u00f1a iniciada este d\u00eda es uno de los eventos importantes previos al inicio del temporal de lluvias, porque se contribuye a la prevenci\u00f3n, pues adem\u00e1s de atender los reportes ciudadanos, el \u00e1rea que ella dirige, en coordinaci\u00f3n con Protecci\u00f3n Civil y Parques y Jardines, recorrer\u00e1n la Ciudad para identificar \u00e1rboles que con el reblandecimiento del suelo ocasionado por el agua o un viento, pudieran caer sobre la vialidad.<\/p>\n\n\n\n<p class=\"wp-block-paragraph\">Mencion\u00f3 que la campa\u00f1a \u201cDetecta, ubica y reporta \u00e1rboles en riesgo\u201d, tiene a disposici\u00f3n de la poblaci\u00f3n los n\u00fameros telef\u00f3nicos 312 31 6 27 00 extensi\u00f3n 1761 y 312 31 6 27 29, para recibir reportes ciudadanos.<\/p>\n\n\n\n<p class=\"wp-block-paragraph\">Al inicio de la esta campa\u00f1a preventiva asistieron Lizet Rodr\u00edguez, Secretaria del Ayuntamiento; Inocencio Guzm\u00e1n, Director General de Seguridad P\u00fabica, Tr\u00e1nsito y Validad y Protecci\u00f3n Civil, y Karim T\u00e9llez, Director General de Servicios P\u00fablicos Municipales, entre otros funcionarios municipales.<\/p>\n\n\n\n<figure class=\"wp-block-image size-large\"><img loading=\"lazy\" decoding=\"async\" width=\"1024\" height=\"682\" src=\"https:\/\/diarioavanzada.com.mx\/wp-content\/uploads\/2025\/05\/e4650a33-05e0-4628-84e0-21efccf0e1cf-1-1024x682.jpg\" class=\"wp-image-87007\" srcset=\"https:\/\/diarioavanzada.com.mx\/wp-content\/uploads\/2025\/05\/e4650a33-05e0-4628-84e0-21efccf0e1cf-1-1024x682.jpg 1024w, https:\/\/diarioavanzada.com.mx\/wp-content\/uploads\/2025\/05\/e4650a33-05e0-4628-84e0-21efccf0e1cf-1-300x200.jpg 300w, https:\/\/diarioavanzada.com.mx\/wp-content\/uploads\/2025\/05\/e4650a33-05e0-4628-84e0-21efccf0e1cf-1-768x512.jpg 768w, https:\/\/diarioavanzada.com.mx\/wp-content\/uploads\/2025\/05\/e4650a33-05e0-4628-84e0-21efccf0e1cf-1-1536x1023.jpg 1536w, https:\/\/diarioavanzada.com.mx\/wp-content\/uploads\/2025\/05\/e4650a33-05e0-4628-84e0-21efccf0e1cf-1.jpg 1600w\" sizes=\"auto, (max-width: 1024px) 100vw, 1024px\" \/><\/figure>\n<div class=\"fb-background-color\">\n\t\t\t  <div \n\t\t\t  \tclass = \"fb-comments\" \n\t\t\t  \tdata-href = \"https:\/\/diarioavanzada.com.mx\/?p=87009\"\n\t\t\t  \tdata-numposts = \"10\"\n\t\t\t  \tdata-lazy = \"true\"\n\t\t\t\tdata-colorscheme = \"light\"\n\t\t\t\tdata-order-by = \"social\"\n\t\t\t\tdata-mobile=true>\n\t\t\t  <\/div><\/div>\n\t\t  <style>\n\t\t    .fb-background-color {\n\t\t\t\tbackground:  !important;\n\t\t\t}\n\t\t\t.fb_iframe_widget_fluid_desktop iframe {\n\t\t\t    width: 100% !important;\n\t\t\t}\n\t\t  <\/style>\n\t\t  ","protected":false},"excerpt":{"rendered":"<p>Medida preventiva de seguridad ante el inicio de la temporada de lluvias: Alcaldesa Villa de \u00c1lvarez, Colima, Comunicado (20\/05\/2025).- Para prevenir los da\u00f1os ocasionados por la ca\u00edda de \u00e1rboles en temporada de lluvias, la Presidenta Tey Guti\u00e9rrez Andrade puso en marcha la campa\u00f1a &#8220;Detecta, ubica y reporta \u00e1rboles en riesgo&#8221;, con el que la ciudadan\u00eda [&hellip;]<\/p>\n","protected":false},"author":7,"featured_media":87008,"comment_status":"closed","ping_status":"closed","sticky":false,"template":"","format":"standard","meta":{"_coblocks_attr":"","_coblocks_dimensions":"","_coblocks_responsive_height":"","_coblocks_accordion_ie_support":"","_crdt_document":"","advanced_seo_description":"","jetpack_seo_html_title":"","jetpack_seo_noindex":false,"_jetpack_memberships_contains_paid_content":false,"footnotes":""},"categories":[19,209,21,7],"tags":[],"class_list":["post-87009","post","type-post","status-publish","format-standard","has-post-thumbnail","hentry","category-colima","category-importantes","category-municipios","category-noticias"],"jetpack_featured_media_url":"https:\/\/diarioavanzada.com.mx\/wp-content\/uploads\/2025\/05\/63a6c47b-c104-40a8-a846-e067b7ee5f05-1.jpg","jetpack-related-posts":[],"jetpack_sharing_enabled":true,"amp_enabled":true,"_links":{"self":[{"href":"https:\/\/diarioavanzada.com.mx\/index.php?rest_route=\/wp\/v2\/posts\/87009","targetHints":{"allow":["GET"]}}],"collection":[{"href":"https:\/\/diarioavanzada.com.mx\/index.php?rest_route=\/wp\/v2\/posts"}],"about":[{"href":"https:\/\/diarioavanzada.com.mx\/index.php?rest_route=\/wp\/v2\/types\/post"}],"author":[{"embeddable":true,"href":"https:\/\/diarioavanzada.com.mx\/index.php?rest_route=\/wp\/v2\/users\/7"}],"replies":[{"embeddable":true,"href":"https:\/\/diarioavanzada.com.mx\/index.php?rest_route=%2Fwp%2Fv2%2Fcomments&post=87009"}],"version-history":[{"count":0,"href":"https:\/\/diarioavanzada.com.mx\/index.php?rest_route=\/wp\/v2\/posts\/87009\/revisions"}],"wp:featuredmedia":[{"embeddable":true,"href":"https:\/\/diarioavanzada.com.mx\/index.php?rest_route=\/wp\/v2\/media\/87008"}],"wp:attachment":[{"href":"https:\/\/diarioavanzada.com.mx\/index.php?rest_route=%2Fwp%2Fv2%2Fmedia&parent=87009"}],"wp:term":[{"taxonomy":"category","embeddable":true,"href":"https:\/\/diarioavanzada.com.mx\/index.php?rest_route=%2Fwp%2Fv2%2Fcategories&post=87009"},{"taxonomy":"post_tag","embeddable":true,"href":"https:\/\/diarioavanzada.com.mx\/index.php?rest_route=%2Fwp%2Fv2%2Ftags&post=87009"}],"curies":[{"name":"wp","href":"https:\/\/api.w.org\/{rel}","templated":true}]}}