{"id":86999,"date":"2025-05-21T20:22:43","date_gmt":"2025-05-22T02:22:43","guid":{"rendered":"https:\/\/diarioavanzada.com.mx\/?p=86999"},"modified":"2025-05-21T20:22:43","modified_gmt":"2025-05-22T02:22:43","slug":"foro-nacional-de-economia-circular-un-espacio-para-la-reflexion-y-accion-ambiental","status":"publish","type":"post","link":"https:\/\/diarioavanzada.com.mx\/?p=86999","title":{"rendered":"Foro Nacional de Econom\u00eda Circular: un espacio para la reflexi\u00f3n y acci\u00f3n ambiental"},"content":{"rendered":"\n<p class=\"wp-block-paragraph\"><em>\u201cDesde la Subsecretar\u00eda de Educaci\u00f3n Superior tenemos la convicci\u00f3n de que las universidades son centros de reflexi\u00f3n y pensamiento cr\u00edtico, lugares donde se deben discutir los grandes desaf\u00edos en los que enfrentamos\u201d. Blanca Inguanzo, SEP.<\/em><\/p>\n\n\n\n<p class=\"wp-block-paragraph\"><em>\u201cEs, con la suma de voluntades, que podremos seguir impulsando la innovaci\u00f3n y el desarrollo de conocimientos, la creaci\u00f3n de tecnolog\u00edas y pr\u00e1cticas sostenibles, buscando incidir en las agendas y pol\u00edticas p\u00fablicas en la materia\u201d. Christian Torres Ortiz, rector.<\/em><\/p>\n\n\n\n<p class=\"wp-block-paragraph\">Colima, M\u00e9xico, Comunicado (21\/05\/2025).- Con el objetivo de reflexionar, compartir experiencias y generar propuestas para el mejoramiento y reutilizaci\u00f3n de recursos naturales en beneficio del medio ambiente, se est\u00e1 realizando en la Universidad de Colima el primer Foro Nacional de Econom\u00eda Circular los d\u00edas 21 y 22 de mayo. El evento, organizado por el Voluntariado de la Universidad de Colima y el Centro Universitario de Gesti\u00f3n Ambiental a trav\u00e9s del Sistema Universitario de Gesti\u00f3n Ambiental (SIGA), re\u00fane a especialistas acad\u00e9micos, estudiantes, autoridades federales, estatales y municipales, empresarios y miembros de la sociedad civil.<\/p>\n\n\n\n<p class=\"wp-block-paragraph\">La inauguraci\u00f3n del foro, celebrada en el Teatro Universitario, fue presidida por el rector de la Universidad de Colima, Christian Jorge Torres Ortiz Zerme\u00f1o, quien estuvo acompa\u00f1ado por Blanca Lizbeth Inguanzo Arias, secretaria t\u00e9cnica de la Subsecretar\u00eda de Educaci\u00f3n Superior, en representaci\u00f3n de Mario Delgado Carrillo, secretario de Educaci\u00f3n P\u00fablica Federal y Francisco Javier Rodr\u00edguez Garc\u00eda, secretario de Desarrollo Econ\u00f3mico del Estado, en representaci\u00f3n de la gobernadora de Colima, Indira Vizca\u00edno Silva.<\/p>\n\n\n\n<p class=\"wp-block-paragraph\">En esta edici\u00f3n del foro asisten de manera virtual expertos y estudiantes de Chiapas, Guerrero, Hidalgo, Estado de M\u00e9xico, Jalisco, Michoac\u00e1n, Morelos, Nayarit, Nuevo Le\u00f3n, Puebla, Quer\u00e9taro, San Luis Potos\u00ed, Sonora y Tabasco.<\/p>\n\n\n\n<p class=\"wp-block-paragraph\">Tambi\u00e9n formaron parte del pres\u00eddium: Blanca Liliana D\u00edaz V\u00e1zquez, presidenta del Voluntariado de la Universidad de Colima y coordinadora del Sistema Institucional de Gesti\u00f3n Ambiental y Julieta Ju\u00e1rez Ochoa, representante del Sistema Portuario Nacional Manzanillo (ASIPONA).<\/p>\n\n\n\n<p class=\"wp-block-paragraph\"><strong>Impulsar desde la Universidad modelos m\u00e1s respetuosos del entorno<\/strong><\/p>\n\n\n\n<p class=\"wp-block-paragraph\">Al inaugurar el evento, Torres Ortiz Zerme\u00f1o resalt\u00f3 que este evento tiene que ver con las funciones sustantivas de la Universidad (docencia, investigaci\u00f3n y extensi\u00f3n), \u201cpero esencialmente con la funci\u00f3n social de una instituci\u00f3n tan importante en el estado como es la Universidad de Colima\u201d. Dijo que el foro es parte de los esfuerzos institucionales para impulsar un cambio hacia modelos sostenibles que generen un desarrollo m\u00e1s arm\u00f3nico y respetuoso con nuestro entorno.<\/p>\n\n\n\n<p class=\"wp-block-paragraph\">\u201cSabemos del potencial que tenemos para incidir en esta tarea. Por ello, hemos coordinado acciones como \u00e9sta, con alcance nacional; un espacio de encuentro, reflexi\u00f3n y sobre todo de acci\u00f3n\u201d. Particularmente, dijo, esta iniciativa ha sido un medio de vinculaci\u00f3n para iniciar o consolidar relaciones con actores clave de diversos sectores, por lo que agradeci\u00f3 su presencia y disposici\u00f3n para fomentar una colaboraci\u00f3n interactiva en favor del desarrollo sostenible de Colima, la regi\u00f3n y el pa\u00eds.<\/p>\n\n\n\n<p class=\"wp-block-paragraph\">Destac\u00f3 que una de las ideas principales de este Foro es la posibilidad de impulsar la Ley de Econom\u00eda Circular en el Estado de Colima. \u201cConfiamos en que las ideas, proyectos y experiencias que aqu\u00ed se compartan den lugar a nuevas rutas de acci\u00f3n colectiva; es, con la suma de voluntades, que podremos seguir impulsando la innovaci\u00f3n y el desarrollo de conocimientos, la creaci\u00f3n de tecnolog\u00edas y pr\u00e1cticas sostenibles, buscando incidir en las agendas y pol\u00edticas p\u00fablicas en la materia\u201d.<\/p>\n\n\n\n<p class=\"wp-block-paragraph\">Por \u00faltimo, el rector critic\u00f3 el modelo de econom\u00eda lineal, que se vincula m\u00e1s con la posibilidad de adquirir, consumir y desechar \u201cy le est\u00e1 haciendo un da\u00f1o tremendo a nuestro planeta\u201d. En cambio, dijo, la propuesta de una econom\u00eda circular tiene que ver con adquirir, consumir, reutilizar, reciclar o reusar, por lo que invit\u00f3 a todos y todas a conjugar esfuerzos desde las familias y hogares para lograr paulatinamente llegar a los gobiernos municipales y estatales y as\u00ed consolidar un modelo de econom\u00eda circular.<\/p>\n\n\n\n<p class=\"wp-block-paragraph\"><strong>Universidades, espacios para discutir los grandes desaf\u00edos actuales<\/strong><\/p>\n\n\n\n<p class=\"wp-block-paragraph\">Blanca Lizbeth Inguanzo Arias, quien particip\u00f3 de manera virtual, dijo que hablar sobre alternativas a modelos econ\u00f3micos tradicionales hoy en d\u00eda, \u201cm\u00e1s que un ejercicio reflexivo es una necesidad que debe producirse en acci\u00f3n multidisciplinaria, por lo que es imperativo cuestionarse si es posible hablar de crecimiento sin que esto signifique poner en riesgo la integridad de nuestro planeta y la supervivencia de la especie, siendo la econom\u00eda circular una de las respuestas afirmativas a estos cuestionamientos\u201d.<\/p>\n\n\n\n<p class=\"wp-block-paragraph\">Se\u00f1al\u00f3 que no es extra\u00f1o que una iniciativa como \u00e9sta surja en una instituci\u00f3n de educaci\u00f3n superior como la UdeC, ya que las universidades no solo son lugares limitados a la formaci\u00f3n de recursos humanos especializados. \u201cDesde la Subsecretar\u00eda de Educaci\u00f3n Superior tenemos la convicci\u00f3n de que las universidades son centros de reflexi\u00f3n y pensamiento cr\u00edtico, lugares donde se deben discutir los grandes desaf\u00edos que enfrentamos\u201d.<\/p>\n\n\n\n<p class=\"wp-block-paragraph\">\u201cEl mejor ejemplo lo podemos ver aqu\u00ed -agreg\u00f3- en este evento h\u00edbrido que nos une; estoy convencida de que eventos como \u00e9ste propician espacios de di\u00e1logo que contribuyen al fortalecimiento de las pol\u00edticas p\u00fablicas, a la creaci\u00f3n de proyectos colaborativos y multisectoriales y al fortalecimiento de v\u00ednculos entre los sectores, pero sobre todo, a la reconstrucci\u00f3n de un futuro sostenible que nos beneficie a todos y a todas\u201d, concluy\u00f3.<\/p>\n\n\n\n<p class=\"wp-block-paragraph\"><strong>Cada acci\u00f3n cuenta<\/strong><\/p>\n\n\n\n<p class=\"wp-block-paragraph\">Al dar la bienvenida, Blanca Liliana D\u00edaz V\u00e1zquez coment\u00f3 que el foro es un espacio para reflexionar, compartir y construir propuestas en torno a un tema que demanda nuestra atenci\u00f3n con urgencia. \u201cDesde la Universidad de Colima creemos firmemente que cada acci\u00f3n cuenta, que la conciencia ambiental y la responsabilidad social deben ser pilares fundamentales en la formaci\u00f3n de nuestras y nuestros j\u00f3venes, as\u00ed como en la vida cotidiana de nuestras comunidades\u201d.<\/p>\n\n\n\n<p class=\"wp-block-paragraph\">La econom\u00eda circular, coment\u00f3 blanca Liliana, \u201cno es s\u00f3lo una alternativa al modelo lineal tradicional, es una oportunidad para replantear nuestra relaci\u00f3n con los recursos, con el entorno y entre nosotros mismos. La econom\u00eda circular nos invita a pensar en ciclos, en colaboraci\u00f3n, en innovaci\u00f3n con sentido humano\u201d.<\/p>\n\n\n\n<p class=\"wp-block-paragraph\">En ese sentido, agradeci\u00f3 el compromiso ambiental de las empresas participantes. \u201cDeseamos que este foro sea un punto de partida para nuevas ideas, alianzas y soluciones que transformen positivamente a Colima, a M\u00e9xico y al planeta\u201d.<\/p>\n\n\n\n<p class=\"wp-block-paragraph\"><strong>Repensar la viabilidad econ\u00f3mica de la competitividad<\/strong><\/p>\n\n\n\n<p class=\"wp-block-paragraph\">Por \u00faltimo, Francisco Javier Rodr\u00edguez, quien asisti\u00f3 en representaci\u00f3n de la gobernadora del estado, se\u00f1al\u00f3 que hablar de econom\u00eda circular es reconocer que por a\u00f1os nuestra econom\u00eda ha estado, en muchos aspectos, sostenida en un modelo lineal, resultando en un agotamiento de recursos. \u201cDebemos pensar en el futuro de nuestras generaciones, pero sobre todo en la viabilidad de la competitividad y la sostenibilidad econ\u00f3mica que esto representa\u201d.<\/p>\n\n\n\n<p class=\"wp-block-paragraph\">Asever\u00f3 que la econom\u00eda circular no debe ser vista como una campa\u00f1a sino como una cultura que adopten las familias, las empresas, las autoridades y los gobiernos. \u201cPor ello, celebramos que este foro se realice y que parte de las conclusiones a las que se lleguen aqu\u00ed sean iniciativas y propuestas que los diferentes grupos parlamentarios adopten y que se pueda construir una iniciativa en el Congreso\u201d.<\/p>\n\n\n\n<p class=\"wp-block-paragraph\">Al dirigirse al rector, Francisco Rodr\u00edguez, le hizo saber el compromiso y la gran convicci\u00f3n que se tiene desde Gobierno del Estado para apoyar esta iniciativa de ley, por lo que agradeci\u00f3 la realizaci\u00f3n de este Foro. \u201cLa suma de voluntades de las empresas, de los ciudadanos y del gobierno, encabezados por la Universidad de Colima, sin duda alguna nos traer\u00e1 una econom\u00eda de crecimiento competitiva, una econom\u00eda de alta rentabilidad para todas y todos los colimenses.\u201d<\/p>\n\n\n\n<p class=\"wp-block-paragraph\"><strong>Opinan alcaldes y alcaldesa<\/strong><\/p>\n\n\n\n<p class=\"wp-block-paragraph\">Como primera actividad del Foro, se realiz\u00f3 el panel \u201cRetos para implementar la econom\u00eda circular en los ayuntamientos\u201d, en el que participaron Riult Rivera Guti\u00e9rrez (Colima), Rosa Mar\u00eda Bayardo Cabrera (Manzanillo), Armando Reina Maga\u00f1a (Tecom\u00e1n) y Esther Guti\u00e9rrez Andrade (Villa de \u00c1lvarez) quienes desde su experiencia, compartieron las acciones y retos que llevan a cabo desde sus municipios en materia de reducci\u00f3n de residuos, reutilizaci\u00f3n de materiales y el fomento del reciclaje.<\/p>\n\n\n\n<p class=\"wp-block-paragraph\">En ese sentido, las y los mun\u00edcipes coincidieron en que los mayores retos a los que se enfrentan es lograr una conciencia social, que la sociedad participe y cambiar la forma de pensar, as\u00ed como la adopci\u00f3n de h\u00e1bitos y pr\u00e1cticas sostenibles. Otro reto es la falta de recursos y el poder colocar la econom\u00eda circular en la agenda pol\u00edtica estatal.<\/p>\n\n\n\n<p class=\"wp-block-paragraph\">Para terminar, concluyeron que es una gran tarea donde todas y todos tienen una gran responsabilidad, sobre todo desde las escuelas y universidades, de ir generando conciencia a trav\u00e9s de la educaci\u00f3n en las generaciones venideras y en las actuales.<\/p>\n\n\n\n<p class=\"wp-block-paragraph\"><strong>Entrevistas posteriores al foro<\/strong><\/p>\n\n\n\n<p class=\"wp-block-paragraph\">Riult Rivera, expres\u00f3 su disposici\u00f3n para impulsar acciones municipales en favor de la econom\u00eda circular. Tras su participaci\u00f3n en el foro, destac\u00f3 que este enfoque permite \u201ccambiar la visi\u00f3n sobre los desechos\u201d, al identificarlos como recursos potenciales. Valor\u00f3 adem\u00e1s el impacto del foro en la generaci\u00f3n de pol\u00edticas p\u00fablicas y en el involucramiento de los estudiantes en problemas reales de la sociedad.<\/p>\n\n\n\n<p class=\"wp-block-paragraph\">Rosy Bayardo dijo que el foro permite reconocer las problem\u00e1ticas ambientales para avanzar hacia soluciones estructurales. \u201cAplaudo la iniciativa de la Universidad, no solo por generar conciencia, sino porque busca que este foro desemboque en una propuesta legislativa en materia de econom\u00eda circular. Desde Manzanillo, cuenten con nuestro respaldo\u201d.<\/p>\n\n\n\n<p class=\"wp-block-paragraph\">Armando Reina puntualiz\u00f3 que el enfoque de la econom\u00eda circular representa una forma de dejar menos problemas a las futuras generaciones. \u201cEstos foros ayudan a visibilizar las medidas que ya se est\u00e1n tomando y promueven una cultura del reciclaje m\u00e1s amplia\u201d.<\/p>\n\n\n\n<p class=\"wp-block-paragraph\">Esther Guti\u00e9rrez felicit\u00f3 a la Universidad de Colima y a su Voluntariado por organizar un evento de car\u00e1cter nacional \u201cque contribuye al desarrollo pleno del estado\u201d al poner sobre la mesa uno de los desaf\u00edos m\u00e1s importantes de este siglo: la sostenibilidad del entorno.<\/p>\n\n\n\n<p class=\"wp-block-paragraph\">Tambi\u00e9n opin\u00f3 Luis Gerardo Garc\u00eda Olivares, alcalde de Coquimatl\u00e1n. \u201cEs tiempo de concientizar a las personas\u201d, dijo, al considerar que el foro promovido por la Universidad es una herramienta clave para atender la contaminaci\u00f3n en el estado y transformar h\u00e1bitos desde los municipios.<\/p>\n\n\n\n<p class=\"wp-block-paragraph\">Finalmente, Alexis Verduzco, presidente municipal de Ixtlahuac\u00e1n, celebr\u00f3 este tipo de espacios como una oportunidad para construir soluciones reales al problema de la basura. \u201cEs importante escuchar estrategias que permitan reutilizar lo que una vez tuvo un uso y convertir los residuos en algo \u00fatil\u201d, expres\u00f3.<\/p>\n\n\n\n<figure class=\"wp-block-image size-large\"><img loading=\"lazy\" decoding=\"async\" width=\"1024\" height=\"681\" src=\"https:\/\/diarioavanzada.com.mx\/wp-content\/uploads\/2025\/05\/Foro-Nacional-de-Energia-Circular_a-1024x681.jpg\" alt=\"\" class=\"wp-image-87097\" srcset=\"https:\/\/diarioavanzada.com.mx\/wp-content\/uploads\/2025\/05\/Foro-Nacional-de-Energia-Circular_a-1024x681.jpg 1024w, https:\/\/diarioavanzada.com.mx\/wp-content\/uploads\/2025\/05\/Foro-Nacional-de-Energia-Circular_a-300x200.jpg 300w, https:\/\/diarioavanzada.com.mx\/wp-content\/uploads\/2025\/05\/Foro-Nacional-de-Energia-Circular_a-768x511.jpg 768w, https:\/\/diarioavanzada.com.mx\/wp-content\/uploads\/2025\/05\/Foro-Nacional-de-Energia-Circular_a-1200x798.jpg 1200w, https:\/\/diarioavanzada.com.mx\/wp-content\/uploads\/2025\/05\/Foro-Nacional-de-Energia-Circular_a.jpg 1225w\" sizes=\"auto, (max-width: 1024px) 100vw, 1024px\" \/><\/figure>\n\n\n\n<figure class=\"wp-block-image size-large\"><img loading=\"lazy\" decoding=\"async\" width=\"1024\" height=\"683\" src=\"https:\/\/diarioavanzada.com.mx\/wp-content\/uploads\/2025\/05\/Foro-Nacional-de-Energia-Circular_c-1024x683.jpg\" alt=\"\" class=\"wp-image-87098\" srcset=\"https:\/\/diarioavanzada.com.mx\/wp-content\/uploads\/2025\/05\/Foro-Nacional-de-Energia-Circular_c-1024x683.jpg 1024w, https:\/\/diarioavanzada.com.mx\/wp-content\/uploads\/2025\/05\/Foro-Nacional-de-Energia-Circular_c-300x200.jpg 300w, https:\/\/diarioavanzada.com.mx\/wp-content\/uploads\/2025\/05\/Foro-Nacional-de-Energia-Circular_c-768x512.jpg 768w, https:\/\/diarioavanzada.com.mx\/wp-content\/uploads\/2025\/05\/Foro-Nacional-de-Energia-Circular_c-1200x800.jpg 1200w, https:\/\/diarioavanzada.com.mx\/wp-content\/uploads\/2025\/05\/Foro-Nacional-de-Energia-Circular_c.jpg 1224w\" sizes=\"auto, (max-width: 1024px) 100vw, 1024px\" \/><\/figure>\n\n\n\n<figure class=\"wp-block-image size-large\"><img loading=\"lazy\" decoding=\"async\" width=\"1024\" height=\"695\" src=\"https:\/\/diarioavanzada.com.mx\/wp-content\/uploads\/2025\/05\/Foro-Nacional-de-Energia-Circular_Blanca-1024x695.jpg\" alt=\"\" class=\"wp-image-87100\" srcset=\"https:\/\/diarioavanzada.com.mx\/wp-content\/uploads\/2025\/05\/Foro-Nacional-de-Energia-Circular_Blanca-1024x695.jpg 1024w, https:\/\/diarioavanzada.com.mx\/wp-content\/uploads\/2025\/05\/Foro-Nacional-de-Energia-Circular_Blanca-300x204.jpg 300w, https:\/\/diarioavanzada.com.mx\/wp-content\/uploads\/2025\/05\/Foro-Nacional-de-Energia-Circular_Blanca-768x521.jpg 768w, https:\/\/diarioavanzada.com.mx\/wp-content\/uploads\/2025\/05\/Foro-Nacional-de-Energia-Circular_Blanca-1200x814.jpg 1200w, https:\/\/diarioavanzada.com.mx\/wp-content\/uploads\/2025\/05\/Foro-Nacional-de-Energia-Circular_Blanca.jpg 1213w\" sizes=\"auto, (max-width: 1024px) 100vw, 1024px\" \/><\/figure>\n\n\n\n<figure class=\"wp-block-image size-large\"><img loading=\"lazy\" decoding=\"async\" width=\"1024\" height=\"682\" src=\"https:\/\/diarioavanzada.com.mx\/wp-content\/uploads\/2025\/05\/Foro-Nacional-de-Energia-Circular-1024x682.jpg\" alt=\"\" class=\"wp-image-87101\" srcset=\"https:\/\/diarioavanzada.com.mx\/wp-content\/uploads\/2025\/05\/Foro-Nacional-de-Energia-Circular-1024x682.jpg 1024w, https:\/\/diarioavanzada.com.mx\/wp-content\/uploads\/2025\/05\/Foro-Nacional-de-Energia-Circular-300x200.jpg 300w, https:\/\/diarioavanzada.com.mx\/wp-content\/uploads\/2025\/05\/Foro-Nacional-de-Energia-Circular-768x512.jpg 768w, https:\/\/diarioavanzada.com.mx\/wp-content\/uploads\/2025\/05\/Foro-Nacional-de-Energia-Circular-1200x799.jpg 1200w, https:\/\/diarioavanzada.com.mx\/wp-content\/uploads\/2025\/05\/Foro-Nacional-de-Energia-Circular.jpg 1225w\" sizes=\"auto, (max-width: 1024px) 100vw, 1024px\" \/><\/figure>\n\n\n\n<figure class=\"wp-block-image size-large\"><img loading=\"lazy\" decoding=\"async\" width=\"1024\" height=\"682\" src=\"https:\/\/diarioavanzada.com.mx\/wp-content\/uploads\/2025\/05\/Foro-Nacional-de-Energia-Circular_d-1024x682.jpg\" alt=\"\" class=\"wp-image-87102\" srcset=\"https:\/\/diarioavanzada.com.mx\/wp-content\/uploads\/2025\/05\/Foro-Nacional-de-Energia-Circular_d-1024x682.jpg 1024w, https:\/\/diarioavanzada.com.mx\/wp-content\/uploads\/2025\/05\/Foro-Nacional-de-Energia-Circular_d-300x200.jpg 300w, https:\/\/diarioavanzada.com.mx\/wp-content\/uploads\/2025\/05\/Foro-Nacional-de-Energia-Circular_d-768x512.jpg 768w, https:\/\/diarioavanzada.com.mx\/wp-content\/uploads\/2025\/05\/Foro-Nacional-de-Energia-Circular_d-1200x799.jpg 1200w, https:\/\/diarioavanzada.com.mx\/wp-content\/uploads\/2025\/05\/Foro-Nacional-de-Energia-Circular_d.jpg 1225w\" sizes=\"auto, (max-width: 1024px) 100vw, 1024px\" \/><\/figure>\n\n\n\n<figure class=\"wp-block-image size-large\"><img loading=\"lazy\" decoding=\"async\" width=\"1024\" height=\"682\" src=\"https:\/\/diarioavanzada.com.mx\/wp-content\/uploads\/2025\/05\/Foro-Nacional-de-Energia-Circular_Lizbeth-1024x682.jpg\" alt=\"\" class=\"wp-image-87104\" srcset=\"https:\/\/diarioavanzada.com.mx\/wp-content\/uploads\/2025\/05\/Foro-Nacional-de-Energia-Circular_Lizbeth-1024x682.jpg 1024w, https:\/\/diarioavanzada.com.mx\/wp-content\/uploads\/2025\/05\/Foro-Nacional-de-Energia-Circular_Lizbeth-300x200.jpg 300w, https:\/\/diarioavanzada.com.mx\/wp-content\/uploads\/2025\/05\/Foro-Nacional-de-Energia-Circular_Lizbeth-768x512.jpg 768w, https:\/\/diarioavanzada.com.mx\/wp-content\/uploads\/2025\/05\/Foro-Nacional-de-Energia-Circular_Lizbeth-1200x799.jpg 1200w, https:\/\/diarioavanzada.com.mx\/wp-content\/uploads\/2025\/05\/Foro-Nacional-de-Energia-Circular_Lizbeth.jpg 1225w\" sizes=\"auto, (max-width: 1024px) 100vw, 1024px\" \/><\/figure>\n\n\n\n<figure class=\"wp-block-image size-large\"><img loading=\"lazy\" decoding=\"async\" width=\"1024\" height=\"694\" src=\"https:\/\/diarioavanzada.com.mx\/wp-content\/uploads\/2025\/05\/Foro-Nacional-de-Energia-Circular_Rector-1024x694.jpg\" alt=\"\" class=\"wp-image-87105\" srcset=\"https:\/\/diarioavanzada.com.mx\/wp-content\/uploads\/2025\/05\/Foro-Nacional-de-Energia-Circular_Rector-1024x694.jpg 1024w, https:\/\/diarioavanzada.com.mx\/wp-content\/uploads\/2025\/05\/Foro-Nacional-de-Energia-Circular_Rector-300x203.jpg 300w, https:\/\/diarioavanzada.com.mx\/wp-content\/uploads\/2025\/05\/Foro-Nacional-de-Energia-Circular_Rector-768x521.jpg 768w, https:\/\/diarioavanzada.com.mx\/wp-content\/uploads\/2025\/05\/Foro-Nacional-de-Energia-Circular_Rector-1200x814.jpg 1200w, https:\/\/diarioavanzada.com.mx\/wp-content\/uploads\/2025\/05\/Foro-Nacional-de-Energia-Circular_Rector.jpg 1214w\" sizes=\"auto, (max-width: 1024px) 100vw, 1024px\" \/><\/figure>\n\n\n\n<figure class=\"wp-block-image size-large\"><img loading=\"lazy\" decoding=\"async\" width=\"1024\" height=\"682\" src=\"https:\/\/diarioavanzada.com.mx\/wp-content\/uploads\/2025\/05\/Foro-Nacional-de-Energia-Circular_Rector_a-1-1024x682.jpg\" alt=\"\" class=\"wp-image-87108\" srcset=\"https:\/\/diarioavanzada.com.mx\/wp-content\/uploads\/2025\/05\/Foro-Nacional-de-Energia-Circular_Rector_a-1-1024x682.jpg 1024w, https:\/\/diarioavanzada.com.mx\/wp-content\/uploads\/2025\/05\/Foro-Nacional-de-Energia-Circular_Rector_a-1-300x200.jpg 300w, https:\/\/diarioavanzada.com.mx\/wp-content\/uploads\/2025\/05\/Foro-Nacional-de-Energia-Circular_Rector_a-1-768x512.jpg 768w, https:\/\/diarioavanzada.com.mx\/wp-content\/uploads\/2025\/05\/Foro-Nacional-de-Energia-Circular_Rector_a-1-1200x799.jpg 1200w, https:\/\/diarioavanzada.com.mx\/wp-content\/uploads\/2025\/05\/Foro-Nacional-de-Energia-Circular_Rector_a-1.jpg 1225w\" sizes=\"auto, (max-width: 1024px) 100vw, 1024px\" \/><\/figure>\n<div class=\"fb-background-color\">\n\t\t\t  <div \n\t\t\t  \tclass = \"fb-comments\" \n\t\t\t  \tdata-href = \"https:\/\/diarioavanzada.com.mx\/?p=86999\"\n\t\t\t  \tdata-numposts = \"10\"\n\t\t\t  \tdata-lazy = \"true\"\n\t\t\t\tdata-colorscheme = \"light\"\n\t\t\t\tdata-order-by = \"social\"\n\t\t\t\tdata-mobile=true>\n\t\t\t  <\/div><\/div>\n\t\t  <style>\n\t\t    .fb-background-color {\n\t\t\t\tbackground:  !important;\n\t\t\t}\n\t\t\t.fb_iframe_widget_fluid_desktop iframe {\n\t\t\t    width: 100% !important;\n\t\t\t}\n\t\t  <\/style>\n\t\t  ","protected":false},"excerpt":{"rendered":"<p>\u201cDesde la Subsecretar\u00eda de Educaci\u00f3n Superior tenemos la convicci\u00f3n de que las universidades son centros de reflexi\u00f3n y pensamiento cr\u00edtico, lugares donde se deben discutir los grandes desaf\u00edos en los que enfrentamos\u201d. Blanca Inguanzo, SEP. \u201cEs, con la suma de voluntades, que podremos seguir impulsando la innovaci\u00f3n y el desarrollo de conocimientos, la creaci\u00f3n de [&hellip;]<\/p>\n","protected":false},"author":7,"featured_media":87111,"comment_status":"closed","ping_status":"closed","sticky":false,"template":"","format":"standard","meta":{"_coblocks_attr":"","_coblocks_dimensions":"","_coblocks_responsive_height":"","_coblocks_accordion_ie_support":"","_crdt_document":"","advanced_seo_description":"","jetpack_seo_html_title":"","jetpack_seo_noindex":false,"_jetpack_memberships_contains_paid_content":false,"footnotes":""},"categories":[19,209,7],"tags":[],"class_list":["post-86999","post","type-post","status-publish","format-standard","has-post-thumbnail","hentry","category-colima","category-importantes","category-noticias"],"jetpack_featured_media_url":"https:\/\/diarioavanzada.com.mx\/wp-content\/uploads\/2025\/05\/807f03fb-b57b-4905-a43a-150a7927c46f-1.jpg","jetpack-related-posts":[],"jetpack_sharing_enabled":true,"amp_enabled":true,"_links":{"self":[{"href":"https:\/\/diarioavanzada.com.mx\/index.php?rest_route=\/wp\/v2\/posts\/86999","targetHints":{"allow":["GET"]}}],"collection":[{"href":"https:\/\/diarioavanzada.com.mx\/index.php?rest_route=\/wp\/v2\/posts"}],"about":[{"href":"https:\/\/diarioavanzada.com.mx\/index.php?rest_route=\/wp\/v2\/types\/post"}],"author":[{"embeddable":true,"href":"https:\/\/diarioavanzada.com.mx\/index.php?rest_route=\/wp\/v2\/users\/7"}],"replies":[{"embeddable":true,"href":"https:\/\/diarioavanzada.com.mx\/index.php?rest_route=%2Fwp%2Fv2%2Fcomments&post=86999"}],"version-history":[{"count":5,"href":"https:\/\/diarioavanzada.com.mx\/index.php?rest_route=\/wp\/v2\/posts\/86999\/revisions"}],"predecessor-version":[{"id":87109,"href":"https:\/\/diarioavanzada.com.mx\/index.php?rest_route=\/wp\/v2\/posts\/86999\/revisions\/87109"}],"wp:featuredmedia":[{"embeddable":true,"href":"https:\/\/diarioavanzada.com.mx\/index.php?rest_route=\/wp\/v2\/media\/87111"}],"wp:attachment":[{"href":"https:\/\/diarioavanzada.com.mx\/index.php?rest_route=%2Fwp%2Fv2%2Fmedia&parent=86999"}],"wp:term":[{"taxonomy":"category","embeddable":true,"href":"https:\/\/diarioavanzada.com.mx\/index.php?rest_route=%2Fwp%2Fv2%2Fcategories&post=86999"},{"taxonomy":"post_tag","embeddable":true,"href":"https:\/\/diarioavanzada.com.mx\/index.php?rest_route=%2Fwp%2Fv2%2Ftags&post=86999"}],"curies":[{"name":"wp","href":"https:\/\/api.w.org\/{rel}","templated":true}]}}