{"id":86978,"date":"2025-05-20T19:05:58","date_gmt":"2025-05-21T01:05:58","guid":{"rendered":"https:\/\/diarioavanzada.com.mx\/?p=86978"},"modified":"2025-05-20T19:05:58","modified_gmt":"2025-05-21T01:05:58","slug":"rector-lee-en-voz-alta-libro-escrito-por-estudiantes-en-manzanillo","status":"publish","type":"post","link":"https:\/\/diarioavanzada.com.mx\/?p=86978","title":{"rendered":"Rector lee en voz alta libro escrito por estudiantes, en Manzanillo"},"content":{"rendered":"\n<p class=\"wp-block-paragraph\"><em>\u201cA veces, como directivos de una instituci\u00f3n tan grande como \u00e9sta no sabemos muy bien lo que piensa un estudiante y ese libro fue una manera de sensibilizarnos, entender las preocupaciones y los episodios complejos que vivieron durante la pandemia\u201d: Rector.<\/em><\/p>\n\n\n\n<p class=\"wp-block-paragraph\">Colima, M\u00e9xico, Comunicado (20\/05\/2025).- Para sumarse a las m\u00e1s de 150 actividades de la Feria del Libro Altexto 2025, este martes, en las instalaciones de la Facultad de Ciencias Marinas de la Universidad de Colima, en Manzanillo, el rector Christian Torres Ortiz Zerme\u00f1o ley\u00f3 en voz alta una parte del libro \u201cExperiencias de movilidad: una ventana al mundo\u201d, editado por esta casa de estudios, ante un grupo numeroso de estudiantes, investigadores y docentes.<\/p>\n\n\n\n<p class=\"wp-block-paragraph\">El libro, integrado por los relatos del concurso estatal \u201cMi experiencia de movilidad acad\u00e9mica\u201d, re\u00fane las vivencias de 24 estudiantes, egresadas y egresados de la UdeC, durante sus experiencias de intercambio nacional e internacional. Lo editaron la Direcci\u00f3n General de Publicaciones y la Oficina de Internacionalizaci\u00f3n y Cooperaci\u00f3n Acad\u00e9mica.<\/p>\n\n\n\n<p class=\"wp-block-paragraph\">Christian Torres Ortiz destac\u00f3 que la Feria del Libro Universitario Altexto 2025 es la m\u00e1s importante del estado, desde hace 27 a\u00f1os, con actividades internas y externa. Asegur\u00f3 que el objetivo de esta iniciativa es acercar los libros a las nuevas generaciones, ni\u00f1os, ni\u00f1as, j\u00f3venes y estudiantes.<\/p>\n\n\n\n<p class=\"wp-block-paragraph\">Agreg\u00f3 que en cada una de las ediciones del Altexto se le\u00edan libros elaborados por investigadores universitarios y escritores que colaboran con la instituci\u00f3n. \u201cSin embargo, no ten\u00edamos libros hechos por los propios estudiantes, por ello, celebr\u00f3 la extraordinaria idea de editar este libro. El a\u00f1o pasado, mi esposa Blanca y yo tuvimos la oportunidad de leer un ejemplar muy sencillo que compart\u00eda las experiencias de universitarios durante y despu\u00e9s de la pandemia, y leerlo fue una lecci\u00f3n contundente\u201d.<\/p>\n\n\n\n<p class=\"wp-block-paragraph\">\u201cA veces, como directivos de una instituci\u00f3n tan grande como \u00e9sta no sabemos muy bien lo que piensa un estudiante y ese libro fue una manera de sensibilizarnos, entender las preocupaciones y los episodios complejos que vivieron durante la pandemia. Por eso, en el cierre de los festejos del aniversario 84 de nuestra Universidad, presentamos este libro en la Facultad de Comercio Exterior\u201d.<\/p>\n\n\n\n<p class=\"wp-block-paragraph\">Ley\u00f3 el primero de los relatos titulado: \u201cDe los miedos a los sue\u00f1os: un viaje de transformaci\u00f3n personal\u201d, de Daniel Augusto Pel\u00e1ez Osorio, estudiante en Mercadotecnia. All\u00ed, comparti\u00f3 l\u00edneas como: \u201cLa movilidad se convierte en el pulso que la anima. Desde las antiguas caravanas de comerciantes hasta los modernos sistemas de transporte p\u00fablico, la movilidad ha sido m\u00e1s que un simple desplazamiento de un punto a otro, es un espejo que refleja las aspiraciones, desigualdades y esperanzas de una sociedad en constante cambio. Recuerdo mi primera ma\u00f1ana fuera de mi patria, cuando apenas despuntaba el alba (&#8230;) el simple acto de explorar una ciudad tan diversa como Toronto me hizo reflexionar sobre la importancia de la movilidad como un puente entre diferentes culturas y \u00e9pocas\u201d.&nbsp;<\/p>\n\n\n\n<p class=\"wp-block-paragraph\">En un segundo momento, ley\u00f3 el relato: \u201cMi experiencia de movilidad acad\u00e9mica en Tailandia, un sue\u00f1o hecho realidad\u201d, de Jos\u00e9 Antonio Ju\u00e1rez, estudiante de Ingenier\u00eda en Mecatr\u00f3nica. El rector ley\u00f3: \u201cDesde mis primeros a\u00f1os en la preparatoria tuve un sue\u00f1o recurrente, realizar una movilidad acad\u00e9mica en el extranjero, siempre me fascin\u00f3 la idea de conocer nuevas culturas, aprender otros idiomas y sumergirme en un entorno educativo distinto al nuestro, este sue\u00f1o se mantuvo vivo en mi tiempo de la universidad (&#8230;) esta experiencia no solo marc\u00f3 mi vida acad\u00e9mica sino tambi\u00e9n mi crecimiento personal y profesional\u201d.<\/p>\n\n\n\n<p class=\"wp-block-paragraph\">El rector invit\u00f3 a la comunidad universitaria a descargar el libro en la p\u00e1gina oficial de Publicaciones. A las y los estudiantes, les dese\u00f3 que finalmente puedan tomar la decisi\u00f3n de irse a estudiar en alguna universidad nacional o internacional. \u201cSe trata de inspirar a contar nuevas historias que se sumen a esta extraordinaria experiencia\u201d.<\/p>\n\n\n\n<p class=\"wp-block-paragraph\">Record\u00f3 que la Universidad de Colima tiene 440 convenios con universidades en todo el mundo y que aproximadamente son 300 estudiantes universitarios quienes realizan una experiencia de movilidad nacional e internacional por a\u00f1o en nuestra UdeC.<\/p>\n\n\n\n<p class=\"wp-block-paragraph\">Comparti\u00f3 que durante su vida estudiantil, de 1992 al 1997, no hab\u00eda posibilidades de realizar una experiencia de movilidad nacional o internacional, por ello, pidi\u00f3 que aprovechen las oportunidades y servicios que les otorga la UdeC.<\/p>\n\n\n\n<p class=\"wp-block-paragraph\">Manuel, un estudiante reci\u00e9n llegado de Finlandia, levant\u00f3 la voz para complementar las palabras del rector y dijo que: \u201co pierdes el miedo o la oportunidad. Acabo de regresar y es lo mejor que me ha pasado en la vida\u201d.<\/p>\n\n\n\n<p class=\"wp-block-paragraph\">Al finalizar la lectura, Adolfo \u00c1lvarez Gonz\u00e1lez, director general de Publicaciones y Camilo Alejandro Garc\u00eda Morales, director general de Servicios Universitarios, le entregaron un reconocimiento al Rector Christian por su participaci\u00f3n en Altexto 2025.<\/p>\n\n\n\n<p class=\"wp-block-paragraph\">La moderaci\u00f3n estuvo a cargo de Ana Mar\u00eda Gallardo V\u00e1zquez, delegada de la Universidad de Colima en Manzanillo. Entre las y los invitados especiales, acompa\u00f1aron al rector Blanca Liliana D\u00edaz, presidenta del Voluntariado de la Universidad de Colima y Mar\u00eda Guadalupe Berber, directora general de Tecnolog\u00edas Informacionales, as\u00ed como directivos de nivel media superior de la Delegaci\u00f3n Manzanillo.<\/p>\n\n\n\n<p class=\"wp-block-paragraph\">Para cerrar esta jornada, se present\u00f3 \u201cKuikakalli\u201d, orquesta de c\u00e1mara del Centro Universitario de Bellas Artes Manzanillo, quien interpret\u00f3 obras como \u201cLa Bikina\u201d, \u201cHuapango\u201d, \u201cLa culebra\u201d, \u201cPor una cabeza\u201d y \u201cLibertango\u201d, entre otras.<\/p>\n\n\n\n<p class=\"wp-block-paragraph\">En un segundo momento, el rector visit\u00f3 el resto de actividades de Altexto realizadas en el campus El Naranjo, como el Museo viviente del Bachillerato 9, la din\u00e1mica de Leer para aprender de la Direcci\u00f3n General de Tecnolog\u00edas Informacionales en la Biblioteca Ciencias del Mar, con la intervenci\u00f3n musical del Bachillerato 27; el Mercado de emprendedores de la Facultad de Contabilidad y Administraci\u00f3n de Manzanillo y el stand de animales de la Facultad de Ciencias Marinas, donde se expusieron trabajos de investigaci\u00f3n.<\/p>\n\n\n\n<p class=\"wp-block-paragraph\">La jornada tambi\u00e9n incluy\u00f3 la presentaci\u00f3n de la revista COMMERCIUM PLUS, por Carlos M\u00e9ndez Gonz\u00e1lez, docente de la Facultad de Comercio Exterior y la proyecci\u00f3n de la pel\u00edcula \u201cLa vuelta al mundo en 80 d\u00edas\u201d, basada en la novela hom\u00f3nima de Julio Verne, dirigida por Frank Coraci, para estudiantes de la Escuela T\u00e9cnica de Enfermer\u00eda.<\/p>\n\n\n\n<p class=\"wp-block-paragraph\">Tambi\u00e9n hubo un Di\u00e1logo con estudiantes sobre el libro \u201cGobernanza y medio ambiente. Claves para la sostenibilidad de las organizaciones\u201d, a cargo de la maestra Martha Beatriz Santa Ana Escobar, docente de la Facultad de Contabilidad y Administraci\u00f3n de Manzanillo y la charla \u201cIA con ChatGPT aplicado a la manipulaci\u00f3n de robots\u201d, por Jorge Gudi\u00f1o Lau, docente de la Facultad de Ingenier\u00eda Electromec\u00e1nica.<\/p>\n\n\n\n<figure class=\"wp-block-image size-large\"><img loading=\"lazy\" decoding=\"async\" width=\"1024\" height=\"682\" src=\"https:\/\/diarioavanzada.com.mx\/wp-content\/uploads\/2025\/05\/Rector-lee-en-voz-alta-libro-escrito-por-estudiantes_b-1024x682.jpg\" alt=\"\" class=\"wp-image-86982\" srcset=\"https:\/\/diarioavanzada.com.mx\/wp-content\/uploads\/2025\/05\/Rector-lee-en-voz-alta-libro-escrito-por-estudiantes_b-1024x682.jpg 1024w, https:\/\/diarioavanzada.com.mx\/wp-content\/uploads\/2025\/05\/Rector-lee-en-voz-alta-libro-escrito-por-estudiantes_b-300x200.jpg 300w, https:\/\/diarioavanzada.com.mx\/wp-content\/uploads\/2025\/05\/Rector-lee-en-voz-alta-libro-escrito-por-estudiantes_b-768x512.jpg 768w, https:\/\/diarioavanzada.com.mx\/wp-content\/uploads\/2025\/05\/Rector-lee-en-voz-alta-libro-escrito-por-estudiantes_b-1200x799.jpg 1200w, https:\/\/diarioavanzada.com.mx\/wp-content\/uploads\/2025\/05\/Rector-lee-en-voz-alta-libro-escrito-por-estudiantes_b.jpg 1225w\" sizes=\"auto, (max-width: 1024px) 100vw, 1024px\" \/><\/figure>\n\n\n\n<figure class=\"wp-block-image size-large\"><img loading=\"lazy\" decoding=\"async\" width=\"1024\" height=\"682\" src=\"https:\/\/diarioavanzada.com.mx\/wp-content\/uploads\/2025\/05\/Rector-lee-en-voz-alta-libro-escrito-por-estudiantes_c-1024x682.jpg\" alt=\"\" class=\"wp-image-86983\" srcset=\"https:\/\/diarioavanzada.com.mx\/wp-content\/uploads\/2025\/05\/Rector-lee-en-voz-alta-libro-escrito-por-estudiantes_c-1024x682.jpg 1024w, https:\/\/diarioavanzada.com.mx\/wp-content\/uploads\/2025\/05\/Rector-lee-en-voz-alta-libro-escrito-por-estudiantes_c-300x200.jpg 300w, https:\/\/diarioavanzada.com.mx\/wp-content\/uploads\/2025\/05\/Rector-lee-en-voz-alta-libro-escrito-por-estudiantes_c-768x512.jpg 768w, https:\/\/diarioavanzada.com.mx\/wp-content\/uploads\/2025\/05\/Rector-lee-en-voz-alta-libro-escrito-por-estudiantes_c-1200x799.jpg 1200w, https:\/\/diarioavanzada.com.mx\/wp-content\/uploads\/2025\/05\/Rector-lee-en-voz-alta-libro-escrito-por-estudiantes_c.jpg 1225w\" sizes=\"auto, (max-width: 1024px) 100vw, 1024px\" \/><\/figure>\n\n\n\n<figure class=\"wp-block-image size-large\"><img loading=\"lazy\" decoding=\"async\" width=\"1024\" height=\"682\" src=\"https:\/\/diarioavanzada.com.mx\/wp-content\/uploads\/2025\/05\/Rector-lee-en-voz-alta-libro-escrito-por-estudiantes_a-1024x682.jpg\" alt=\"\" class=\"wp-image-86985\" srcset=\"https:\/\/diarioavanzada.com.mx\/wp-content\/uploads\/2025\/05\/Rector-lee-en-voz-alta-libro-escrito-por-estudiantes_a-1024x682.jpg 1024w, https:\/\/diarioavanzada.com.mx\/wp-content\/uploads\/2025\/05\/Rector-lee-en-voz-alta-libro-escrito-por-estudiantes_a-300x200.jpg 300w, https:\/\/diarioavanzada.com.mx\/wp-content\/uploads\/2025\/05\/Rector-lee-en-voz-alta-libro-escrito-por-estudiantes_a-768x512.jpg 768w, https:\/\/diarioavanzada.com.mx\/wp-content\/uploads\/2025\/05\/Rector-lee-en-voz-alta-libro-escrito-por-estudiantes_a-1200x799.jpg 1200w, https:\/\/diarioavanzada.com.mx\/wp-content\/uploads\/2025\/05\/Rector-lee-en-voz-alta-libro-escrito-por-estudiantes_a.jpg 1225w\" sizes=\"auto, (max-width: 1024px) 100vw, 1024px\" \/><\/figure>\n\n\n\n<figure class=\"wp-block-image size-large\"><img loading=\"lazy\" decoding=\"async\" width=\"1024\" height=\"682\" src=\"https:\/\/diarioavanzada.com.mx\/wp-content\/uploads\/2025\/05\/Rector-lee-en-voz-alta-libro-escrito-por-estudiantes_f-1024x682.jpg\" alt=\"\" class=\"wp-image-86987\" srcset=\"https:\/\/diarioavanzada.com.mx\/wp-content\/uploads\/2025\/05\/Rector-lee-en-voz-alta-libro-escrito-por-estudiantes_f-1024x682.jpg 1024w, https:\/\/diarioavanzada.com.mx\/wp-content\/uploads\/2025\/05\/Rector-lee-en-voz-alta-libro-escrito-por-estudiantes_f-300x200.jpg 300w, https:\/\/diarioavanzada.com.mx\/wp-content\/uploads\/2025\/05\/Rector-lee-en-voz-alta-libro-escrito-por-estudiantes_f-768x512.jpg 768w, https:\/\/diarioavanzada.com.mx\/wp-content\/uploads\/2025\/05\/Rector-lee-en-voz-alta-libro-escrito-por-estudiantes_f-1200x799.jpg 1200w, https:\/\/diarioavanzada.com.mx\/wp-content\/uploads\/2025\/05\/Rector-lee-en-voz-alta-libro-escrito-por-estudiantes_f.jpg 1225w\" sizes=\"auto, (max-width: 1024px) 100vw, 1024px\" \/><\/figure>\n\n\n\n<figure class=\"wp-block-image size-large\"><img loading=\"lazy\" decoding=\"async\" width=\"1024\" height=\"682\" src=\"https:\/\/diarioavanzada.com.mx\/wp-content\/uploads\/2025\/05\/Rector-lee-en-voz-alta-libro-escrito-por-estudiantes_Foto-Oficial-1024x682.jpg\" alt=\"\" class=\"wp-image-86988\" srcset=\"https:\/\/diarioavanzada.com.mx\/wp-content\/uploads\/2025\/05\/Rector-lee-en-voz-alta-libro-escrito-por-estudiantes_Foto-Oficial-1024x682.jpg 1024w, https:\/\/diarioavanzada.com.mx\/wp-content\/uploads\/2025\/05\/Rector-lee-en-voz-alta-libro-escrito-por-estudiantes_Foto-Oficial-300x200.jpg 300w, https:\/\/diarioavanzada.com.mx\/wp-content\/uploads\/2025\/05\/Rector-lee-en-voz-alta-libro-escrito-por-estudiantes_Foto-Oficial-768x512.jpg 768w, https:\/\/diarioavanzada.com.mx\/wp-content\/uploads\/2025\/05\/Rector-lee-en-voz-alta-libro-escrito-por-estudiantes_Foto-Oficial-1200x799.jpg 1200w, https:\/\/diarioavanzada.com.mx\/wp-content\/uploads\/2025\/05\/Rector-lee-en-voz-alta-libro-escrito-por-estudiantes_Foto-Oficial.jpg 1225w\" sizes=\"auto, (max-width: 1024px) 100vw, 1024px\" \/><\/figure>\n<div class=\"fb-background-color\">\n\t\t\t  <div \n\t\t\t  \tclass = \"fb-comments\" \n\t\t\t  \tdata-href = \"https:\/\/diarioavanzada.com.mx\/?p=86978\"\n\t\t\t  \tdata-numposts = \"10\"\n\t\t\t  \tdata-lazy = \"true\"\n\t\t\t\tdata-colorscheme = \"light\"\n\t\t\t\tdata-order-by = \"social\"\n\t\t\t\tdata-mobile=true>\n\t\t\t  <\/div><\/div>\n\t\t  <style>\n\t\t    .fb-background-color {\n\t\t\t\tbackground:  !important;\n\t\t\t}\n\t\t\t.fb_iframe_widget_fluid_desktop iframe {\n\t\t\t    width: 100% !important;\n\t\t\t}\n\t\t  <\/style>\n\t\t  ","protected":false},"excerpt":{"rendered":"<p>\u201cA veces, como directivos de una instituci\u00f3n tan grande como \u00e9sta no sabemos muy bien lo que piensa un estudiante y ese libro fue una manera de sensibilizarnos, entender las preocupaciones y los episodios complejos que vivieron durante la pandemia\u201d: Rector. Colima, M\u00e9xico, Comunicado (20\/05\/2025).- Para sumarse a las m\u00e1s de 150 actividades de la [&hellip;]<\/p>\n","protected":false},"author":7,"featured_media":86991,"comment_status":"closed","ping_status":"closed","sticky":false,"template":"","format":"standard","meta":{"_coblocks_attr":"","_coblocks_dimensions":"","_coblocks_responsive_height":"","_coblocks_accordion_ie_support":"","_crdt_document":"","advanced_seo_description":"","jetpack_seo_html_title":"","jetpack_seo_noindex":false,"_jetpack_memberships_contains_paid_content":false,"footnotes":""},"categories":[19,209,7],"tags":[],"class_list":["post-86978","post","type-post","status-publish","format-standard","has-post-thumbnail","hentry","category-colima","category-importantes","category-noticias"],"jetpack_featured_media_url":"https:\/\/diarioavanzada.com.mx\/wp-content\/uploads\/2025\/05\/cb79688a-d391-4be7-b78a-0cd00f25d7fd-1.jpg","jetpack-related-posts":[],"jetpack_sharing_enabled":true,"amp_enabled":true,"_links":{"self":[{"href":"https:\/\/diarioavanzada.com.mx\/index.php?rest_route=\/wp\/v2\/posts\/86978","targetHints":{"allow":["GET"]}}],"collection":[{"href":"https:\/\/diarioavanzada.com.mx\/index.php?rest_route=\/wp\/v2\/posts"}],"about":[{"href":"https:\/\/diarioavanzada.com.mx\/index.php?rest_route=\/wp\/v2\/types\/post"}],"author":[{"embeddable":true,"href":"https:\/\/diarioavanzada.com.mx\/index.php?rest_route=\/wp\/v2\/users\/7"}],"replies":[{"embeddable":true,"href":"https:\/\/diarioavanzada.com.mx\/index.php?rest_route=%2Fwp%2Fv2%2Fcomments&post=86978"}],"version-history":[{"count":5,"href":"https:\/\/diarioavanzada.com.mx\/index.php?rest_route=\/wp\/v2\/posts\/86978\/revisions"}],"predecessor-version":[{"id":86989,"href":"https:\/\/diarioavanzada.com.mx\/index.php?rest_route=\/wp\/v2\/posts\/86978\/revisions\/86989"}],"wp:featuredmedia":[{"embeddable":true,"href":"https:\/\/diarioavanzada.com.mx\/index.php?rest_route=\/wp\/v2\/media\/86991"}],"wp:attachment":[{"href":"https:\/\/diarioavanzada.com.mx\/index.php?rest_route=%2Fwp%2Fv2%2Fmedia&parent=86978"}],"wp:term":[{"taxonomy":"category","embeddable":true,"href":"https:\/\/diarioavanzada.com.mx\/index.php?rest_route=%2Fwp%2Fv2%2Fcategories&post=86978"},{"taxonomy":"post_tag","embeddable":true,"href":"https:\/\/diarioavanzada.com.mx\/index.php?rest_route=%2Fwp%2Fv2%2Ftags&post=86978"}],"curies":[{"name":"wp","href":"https:\/\/api.w.org\/{rel}","templated":true}]}}