{"id":86947,"date":"2025-05-20T18:47:54","date_gmt":"2025-05-21T00:47:54","guid":{"rendered":"https:\/\/diarioavanzada.com.mx\/?p=86947"},"modified":"2025-05-20T18:47:54","modified_gmt":"2025-05-21T00:47:54","slug":"jovenes-pueden-transformar-la-agricultura-y-construir-una-nueva-realidad-ernesto-cruz","status":"publish","type":"post","link":"https:\/\/diarioavanzada.com.mx\/?p=86947","title":{"rendered":"J\u00f3venes pueden transformar la agricultura y construir una nueva realidad: Ernesto Cruz"},"content":{"rendered":"\n<p class=\"wp-block-paragraph\"><em>\u201cSi ustedes mismos no creen en su potencial, nadie m\u00e1s lo har\u00e1 por ustedes. El cambio comienza con una decisi\u00f3n personal: \u00bfqu\u00e9 realidad quiero construir como profesionista, como agricultor, como persona?\u201d, agreg\u00f3 el Ing. Ernesto Cruz.<\/em><\/p>\n\n\n\n<p class=\"wp-block-paragraph\">Colima, M\u00e9xico, Comunicado (20\/05\/2025).- \u201cUstedes tienen la oportunidad de construir una nueva realidad en el campo mexicano, una agricultura moderna, sustentable, rentable y con sentido social. Hoy el reto es enorme, pero tambi\u00e9n lo es el potencial de las nuevas generaciones\u201d, afirm\u00f3 el Ing. Ernesto Cruz Gonz\u00e1lez, director general de Atider M\u00e9xico, al impartir la conferencia magistral \u201cModelo Atider de alto rendimiento en el cultivo de ma\u00edz\u201d, en el marco de la Semana de Ciencias Agr\u00edcolas 2025 de la Facultad de Ciencias Biol\u00f3gicas y Agropecuarias (FCBA) de la Universidad de Colima, campus Tecom\u00e1n.<\/p>\n\n\n\n<p class=\"wp-block-paragraph\">Ante estudiantes, docentes, personal acad\u00e9mico e incluso empresarios y agricultores, el reconocido especialista -poseedor de un r\u00e9cord Guinness por rendimiento en cultivo de ma\u00edz y considerado uno de los seis profesionales m\u00e1s influyentes en productividad agr\u00edcola a nivel mundial- comparti\u00f3 su visi\u00f3n sobre los desaf\u00edos actuales y futuros que enfrenta la agricultura, entre ellos la necesidad de producir m\u00e1s alimentos con menos recursos, el impacto del cambio clim\u00e1tico, la p\u00e9rdida de fertilidad de los suelos y la creciente demanda de calidad en los productos agr\u00edcolas.<\/p>\n\n\n\n<p class=\"wp-block-paragraph\">\u201cEl mundo necesita una revoluci\u00f3n agr\u00edcola como nunca antes se ha visto, y ustedes pueden ser parte de ella. Para 2050, la humanidad necesitar\u00e1 al menos 60% m\u00e1s alimentos, y eso solo ser\u00e1 posible si incrementamos la productividad sin destruir el medio ambiente\u201d, sostuvo.<\/p>\n\n\n\n<p class=\"wp-block-paragraph\">El Ing. Cruz destac\u00f3 que esta transformaci\u00f3n no depende \u00fanicamente de herramientas o tecnolog\u00edas, sino de un cambio de mentalidad: \u201cNo es suficiente trabajar m\u00e1s, hay que trabajar mejor. Hay que romper con ideas limitantes y asumir que s\u00ed podemos ser l\u00edderes globales en producci\u00f3n agr\u00edcola. M\u00e9xico ya lo fue y puede volver a serlo\u201d.<\/p>\n\n\n\n<p class=\"wp-block-paragraph\">Durante su conferencia, explic\u00f3 que la clave est\u00e1 en entender que la agricultura es un sistema complejo donde intervienen factores ambientales, gen\u00e9ticos, t\u00e9cnicos y econ\u00f3micos, pero tambi\u00e9n humanos: \u201cLa actitud, la planeaci\u00f3n, la visi\u00f3n de futuro y la voluntad de hacer las cosas bien, son fundamentales\u201d.<\/p>\n\n\n\n<p class=\"wp-block-paragraph\">Reiter\u00f3 que \u201cel verdadero costo en el campo no es por hect\u00e1rea, sino por tonelada producida\u201d, e insisti\u00f3 en la necesidad de cambiar la perspectiva hacia una visi\u00f3n empresarial del agro, donde se midan resultados y se tomen decisiones con base en datos e indicadores precisos. \u201cLa agricultura debe ser rentable, porque solo as\u00ed se logra bienestar en el medio rural\u201d.<\/p>\n\n\n\n<p class=\"wp-block-paragraph\">Uno de los mensajes centrales del conferencista fue el llamado a los j\u00f3venes a creer en s\u00ed mismos<a>: \u201cSi ustedes mismos no creen en su potencial, nadie m\u00e1s lo har\u00e1 por ustedes. El cambio comienza con una decisi\u00f3n personal: \u00bfqu\u00e9 realidad quiero construir como profesionista, como agricultor, como persona?\u201d<\/a><\/p>\n\n\n\n<p class=\"wp-block-paragraph\">Al finalizar su participaci\u00f3n, el Ing. Cruz comparti\u00f3 en entrevista que lo m\u00e1s importante para \u00e9l es motivar a las nuevas generaciones a atreverse a romper l\u00edmites y creer que pueden ser los mejores del mundo. \u201cLo que les dije hoy lo creo profundamente: si nosotros logramos un r\u00e9cord mundial, ellos pueden romperlo. El mundo necesita talento, y en M\u00e9xico hay much\u00edsimo. Lo que falta es que se atrevan, que agarren el coraje para emprender esa aventura y lo hagan. Tienen las herramientas, ahora necesitan tener el car\u00e1cter\u201d.<\/p>\n\n\n\n<p class=\"wp-block-paragraph\">Agreg\u00f3 que la formaci\u00f3n acad\u00e9mica cumple un papel crucial, pero que tambi\u00e9n se requiere un cambio profundo en la forma de pensar: \u201cLa funci\u00f3n b\u00e1sica de la academia debe ser abrir la mente, formar criterio, aplicar el m\u00e9todo cient\u00edfico y expandir el conocimiento cada vez m\u00e1s. Necesitamos profesionales con visi\u00f3n, con valores y con hambre de superarse\u201d.<\/p>\n\n\n\n<p class=\"wp-block-paragraph\">Sobre su experiencia con los estudiantes de la FCBA en Tecom\u00e1n, dijo sentirse satisfecho y entusiasmado por su participaci\u00f3n: \u201cMe encantan los j\u00f3venes, son brillantes, tienen chispa. Tenemos que ponerles atenci\u00f3n para formarlos bien, para que entiendan el gran reto que est\u00e1 enfrentando la humanidad\u201d.<\/p>\n\n\n\n<p class=\"wp-block-paragraph\">Aunque reconoci\u00f3 no conocer a fondo los esquemas de vinculaci\u00f3n que maneja la Universidad de Colima, se\u00f1al\u00f3 que esa conexi\u00f3n entre estudiantes, empresas y sector productivo es indispensable para que realmente se d\u00e9 el aprendizaje integral: \u201cLos muchachos tienen que aprender en el aula, que es imprescindible, pero tambi\u00e9n deben conocer la realidad de las empresas y del campo, porque es ah\u00ed donde est\u00e1 el verdadero reto\u201d.<\/p>\n\n\n\n<p class=\"wp-block-paragraph\">Finalmente, agradeci\u00f3 la invitaci\u00f3n de la Universidad y envi\u00f3 un mensaje directo a la comunidad universitaria: \u201cSue\u00f1en en grande y piensen en grande. Formar j\u00f3venes es algo muy noble. Son ellos quienes van a hacer las grandes cosas en el futuro\u201d.<\/p>\n\n\n\n<p class=\"wp-block-paragraph\">La actividad se enmarc\u00f3 en la estrategia institucional de la Universidad de Colima para fortalecer la formaci\u00f3n profesional con un enfoque integral, que articule ciencia, tecnolog\u00eda, sostenibilidad y compromiso social.<\/p>\n\n\n\n<figure class=\"wp-block-image size-large\"><img loading=\"lazy\" decoding=\"async\" width=\"1024\" height=\"768\" src=\"https:\/\/diarioavanzada.com.mx\/wp-content\/uploads\/2025\/05\/Jovenes-pueden-transformar-la-agricultura-y-construir-una-nueva-realidad_d-1024x768.jpg\" alt=\"\" class=\"wp-image-86950\" srcset=\"https:\/\/diarioavanzada.com.mx\/wp-content\/uploads\/2025\/05\/Jovenes-pueden-transformar-la-agricultura-y-construir-una-nueva-realidad_d-1024x768.jpg 1024w, https:\/\/diarioavanzada.com.mx\/wp-content\/uploads\/2025\/05\/Jovenes-pueden-transformar-la-agricultura-y-construir-una-nueva-realidad_d-300x225.jpg 300w, https:\/\/diarioavanzada.com.mx\/wp-content\/uploads\/2025\/05\/Jovenes-pueden-transformar-la-agricultura-y-construir-una-nueva-realidad_d-768x576.jpg 768w, https:\/\/diarioavanzada.com.mx\/wp-content\/uploads\/2025\/05\/Jovenes-pueden-transformar-la-agricultura-y-construir-una-nueva-realidad_d-1536x1152.jpg 1536w, https:\/\/diarioavanzada.com.mx\/wp-content\/uploads\/2025\/05\/Jovenes-pueden-transformar-la-agricultura-y-construir-una-nueva-realidad_d-2048x1536.jpg 2048w, https:\/\/diarioavanzada.com.mx\/wp-content\/uploads\/2025\/05\/Jovenes-pueden-transformar-la-agricultura-y-construir-una-nueva-realidad_d-1200x900.jpg?crop=1 1200w, https:\/\/diarioavanzada.com.mx\/wp-content\/uploads\/2025\/05\/Jovenes-pueden-transformar-la-agricultura-y-construir-una-nueva-realidad_d-800x600.jpg?crop=1 800w, https:\/\/diarioavanzada.com.mx\/wp-content\/uploads\/2025\/05\/Jovenes-pueden-transformar-la-agricultura-y-construir-una-nueva-realidad_d-600x450.jpg?crop=1 600w, https:\/\/diarioavanzada.com.mx\/wp-content\/uploads\/2025\/05\/Jovenes-pueden-transformar-la-agricultura-y-construir-una-nueva-realidad_d-400x300.jpg?crop=1 400w, https:\/\/diarioavanzada.com.mx\/wp-content\/uploads\/2025\/05\/Jovenes-pueden-transformar-la-agricultura-y-construir-una-nueva-realidad_d-200x150.jpg?crop=1 200w\" sizes=\"auto, (max-width: 1024px) 100vw, 1024px\" \/><\/figure>\n\n\n\n<figure class=\"wp-block-image size-large\"><img loading=\"lazy\" decoding=\"async\" width=\"1024\" height=\"768\" src=\"https:\/\/diarioavanzada.com.mx\/wp-content\/uploads\/2025\/05\/Jovenes-pueden-transformar-la-agricultura-y-construir-una-nueva-realidad_f-1024x768.jpg\" alt=\"\" class=\"wp-image-86953\" srcset=\"https:\/\/diarioavanzada.com.mx\/wp-content\/uploads\/2025\/05\/Jovenes-pueden-transformar-la-agricultura-y-construir-una-nueva-realidad_f-1024x768.jpg 1024w, https:\/\/diarioavanzada.com.mx\/wp-content\/uploads\/2025\/05\/Jovenes-pueden-transformar-la-agricultura-y-construir-una-nueva-realidad_f-300x225.jpg 300w, https:\/\/diarioavanzada.com.mx\/wp-content\/uploads\/2025\/05\/Jovenes-pueden-transformar-la-agricultura-y-construir-una-nueva-realidad_f-768x576.jpg 768w, https:\/\/diarioavanzada.com.mx\/wp-content\/uploads\/2025\/05\/Jovenes-pueden-transformar-la-agricultura-y-construir-una-nueva-realidad_f-1536x1152.jpg 1536w, https:\/\/diarioavanzada.com.mx\/wp-content\/uploads\/2025\/05\/Jovenes-pueden-transformar-la-agricultura-y-construir-una-nueva-realidad_f-2048x1536.jpg 2048w, https:\/\/diarioavanzada.com.mx\/wp-content\/uploads\/2025\/05\/Jovenes-pueden-transformar-la-agricultura-y-construir-una-nueva-realidad_f-1200x900.jpg?crop=1 1200w, https:\/\/diarioavanzada.com.mx\/wp-content\/uploads\/2025\/05\/Jovenes-pueden-transformar-la-agricultura-y-construir-una-nueva-realidad_f-800x600.jpg?crop=1 800w, https:\/\/diarioavanzada.com.mx\/wp-content\/uploads\/2025\/05\/Jovenes-pueden-transformar-la-agricultura-y-construir-una-nueva-realidad_f-600x450.jpg?crop=1 600w, https:\/\/diarioavanzada.com.mx\/wp-content\/uploads\/2025\/05\/Jovenes-pueden-transformar-la-agricultura-y-construir-una-nueva-realidad_f-400x300.jpg?crop=1 400w, https:\/\/diarioavanzada.com.mx\/wp-content\/uploads\/2025\/05\/Jovenes-pueden-transformar-la-agricultura-y-construir-una-nueva-realidad_f-200x150.jpg?crop=1 200w\" sizes=\"auto, (max-width: 1024px) 100vw, 1024px\" \/><\/figure>\n\n\n\n<figure class=\"wp-block-image size-large\"><img loading=\"lazy\" decoding=\"async\" width=\"1024\" height=\"683\" src=\"https:\/\/diarioavanzada.com.mx\/wp-content\/uploads\/2025\/05\/Jovenes-pueden-transformar-la-agricultura-y-construir-una-nueva-realidad_c-1024x683.jpg\" alt=\"\" class=\"wp-image-86954\" srcset=\"https:\/\/diarioavanzada.com.mx\/wp-content\/uploads\/2025\/05\/Jovenes-pueden-transformar-la-agricultura-y-construir-una-nueva-realidad_c-1024x683.jpg 1024w, https:\/\/diarioavanzada.com.mx\/wp-content\/uploads\/2025\/05\/Jovenes-pueden-transformar-la-agricultura-y-construir-una-nueva-realidad_c-300x200.jpg 300w, https:\/\/diarioavanzada.com.mx\/wp-content\/uploads\/2025\/05\/Jovenes-pueden-transformar-la-agricultura-y-construir-una-nueva-realidad_c-768x512.jpg 768w, https:\/\/diarioavanzada.com.mx\/wp-content\/uploads\/2025\/05\/Jovenes-pueden-transformar-la-agricultura-y-construir-una-nueva-realidad_c-1536x1024.jpg 1536w, https:\/\/diarioavanzada.com.mx\/wp-content\/uploads\/2025\/05\/Jovenes-pueden-transformar-la-agricultura-y-construir-una-nueva-realidad_c-2048x1365.jpg 2048w, https:\/\/diarioavanzada.com.mx\/wp-content\/uploads\/2025\/05\/Jovenes-pueden-transformar-la-agricultura-y-construir-una-nueva-realidad_c-1200x800.jpg 1200w\" sizes=\"auto, (max-width: 1024px) 100vw, 1024px\" \/><\/figure>\n\n\n\n<p class=\"wp-block-paragraph\"><\/p>\n<div class=\"fb-background-color\">\n\t\t\t  <div \n\t\t\t  \tclass = \"fb-comments\" \n\t\t\t  \tdata-href = \"https:\/\/diarioavanzada.com.mx\/?p=86947\"\n\t\t\t  \tdata-numposts = \"10\"\n\t\t\t  \tdata-lazy = \"true\"\n\t\t\t\tdata-colorscheme = \"light\"\n\t\t\t\tdata-order-by = \"social\"\n\t\t\t\tdata-mobile=true>\n\t\t\t  <\/div><\/div>\n\t\t  <style>\n\t\t    .fb-background-color {\n\t\t\t\tbackground:  !important;\n\t\t\t}\n\t\t\t.fb_iframe_widget_fluid_desktop iframe {\n\t\t\t    width: 100% !important;\n\t\t\t}\n\t\t  <\/style>\n\t\t  ","protected":false},"excerpt":{"rendered":"<p>\u201cSi ustedes mismos no creen en su potencial, nadie m\u00e1s lo har\u00e1 por ustedes. El cambio comienza con una decisi\u00f3n personal: \u00bfqu\u00e9 realidad quiero construir como profesionista, como agricultor, como persona?\u201d, agreg\u00f3 el Ing. Ernesto Cruz. Colima, M\u00e9xico, Comunicado (20\/05\/2025).- \u201cUstedes tienen la oportunidad de construir una nueva realidad en el campo mexicano, una agricultura [&hellip;]<\/p>\n","protected":false},"author":7,"featured_media":86958,"comment_status":"closed","ping_status":"closed","sticky":false,"template":"","format":"standard","meta":{"_coblocks_attr":"","_coblocks_dimensions":"","_coblocks_responsive_height":"","_coblocks_accordion_ie_support":"","_crdt_document":"","advanced_seo_description":"","jetpack_seo_html_title":"","jetpack_seo_noindex":false,"_jetpack_memberships_contains_paid_content":false,"footnotes":""},"categories":[19,209,7],"tags":[],"class_list":["post-86947","post","type-post","status-publish","format-standard","has-post-thumbnail","hentry","category-colima","category-importantes","category-noticias"],"jetpack_featured_media_url":"https:\/\/diarioavanzada.com.mx\/wp-content\/uploads\/2025\/05\/b4b7cf3b-533c-4075-92e2-31fdcfa88f6b-1.jpg","jetpack-related-posts":[],"jetpack_sharing_enabled":true,"amp_enabled":true,"_links":{"self":[{"href":"https:\/\/diarioavanzada.com.mx\/index.php?rest_route=\/wp\/v2\/posts\/86947","targetHints":{"allow":["GET"]}}],"collection":[{"href":"https:\/\/diarioavanzada.com.mx\/index.php?rest_route=\/wp\/v2\/posts"}],"about":[{"href":"https:\/\/diarioavanzada.com.mx\/index.php?rest_route=\/wp\/v2\/types\/post"}],"author":[{"embeddable":true,"href":"https:\/\/diarioavanzada.com.mx\/index.php?rest_route=\/wp\/v2\/users\/7"}],"replies":[{"embeddable":true,"href":"https:\/\/diarioavanzada.com.mx\/index.php?rest_route=%2Fwp%2Fv2%2Fcomments&post=86947"}],"version-history":[{"count":4,"href":"https:\/\/diarioavanzada.com.mx\/index.php?rest_route=\/wp\/v2\/posts\/86947\/revisions"}],"predecessor-version":[{"id":86956,"href":"https:\/\/diarioavanzada.com.mx\/index.php?rest_route=\/wp\/v2\/posts\/86947\/revisions\/86956"}],"wp:featuredmedia":[{"embeddable":true,"href":"https:\/\/diarioavanzada.com.mx\/index.php?rest_route=\/wp\/v2\/media\/86958"}],"wp:attachment":[{"href":"https:\/\/diarioavanzada.com.mx\/index.php?rest_route=%2Fwp%2Fv2%2Fmedia&parent=86947"}],"wp:term":[{"taxonomy":"category","embeddable":true,"href":"https:\/\/diarioavanzada.com.mx\/index.php?rest_route=%2Fwp%2Fv2%2Fcategories&post=86947"},{"taxonomy":"post_tag","embeddable":true,"href":"https:\/\/diarioavanzada.com.mx\/index.php?rest_route=%2Fwp%2Fv2%2Ftags&post=86947"}],"curies":[{"name":"wp","href":"https:\/\/api.w.org\/{rel}","templated":true}]}}