{"id":86938,"date":"2025-05-20T18:05:45","date_gmt":"2025-05-21T00:05:45","guid":{"rendered":"https:\/\/diarioavanzada.com.mx\/?p=86938"},"modified":"2025-05-20T18:13:13","modified_gmt":"2025-05-21T00:13:13","slug":"encuentran-muerto-a-nino-de-13-anos-en-el-bano-de-una-escuela-en-pachuca-hidalgo","status":"publish","type":"post","link":"https:\/\/diarioavanzada.com.mx\/?p=86938","title":{"rendered":"Encuentran muerto a ni\u00f1o de 13 a\u00f1os en el ba\u00f1o de una escuela en Pachuca, Hidalgo"},"content":{"rendered":"\n<p class=\"p1 wp-block-paragraph\">Hidalgo, M\u00e9xico, Avanzada (20\/05\/2025).- Una fuerte movilizaci\u00f3n de cuerpos de emergencia y autoridades estatales se registr\u00f3 este lunes 19 de mayo en la Escuela Secundaria General N\u00famero 7, ubicada sobre el bulevar Felipe \u00c1ngeles, luego de que un alumno de segundo grado fue encontrado sin vida dentro de las instalaciones del plantel.<\/p>\n\n\n\n<p class=\"p1 wp-block-paragraph\">De acuerdo con los primeros informes, fueron compa\u00f1eros del menor quienes alertaron a los docentes tras localizarlo en el interior de los sanitarios. El estudiante, de 13 a\u00f1os de edad, fue hallado con un lazo atado al cuello. Inmediatamente se activaron los protocolos de auxilio y el personal docente intent\u00f3 aplicar maniobras de reanimaci\u00f3n cardiopulmonar. Sin embargo, al llegar los param\u00e9dicos de la Cruz Roja, se confirm\u00f3 que el adolescente ya no contaba con signos vitales.<\/p>\n\n\n\n<p class=\"p1 wp-block-paragraph\">Ante la gravedad del suceso, elementos de la Agencia de Investigaci\u00f3n Criminal y peritos de la Procuradur\u00eda General de Justicia del Estado de Hidalgo acudieron al sitio para realizar las diligencias correspondientes y llevar a cabo el levantamiento del cuerpo. La madre del menor fue atendida por una crisis nerviosa tras ser informada del fallecimiento de su hijo.<\/p>\n\n\n\n<p class=\"p1 wp-block-paragraph\">Como medida preventiva y para permitir el trabajo de las autoridades, la direcci\u00f3n del plantel decidi\u00f3 suspender las actividades acad\u00e9micas del turno matutino, mientras se recaban testimonios e indicios que permitan esclarecer lo ocurrido. Hasta el momento, no se ha confirmado oficialmente la causa del deceso, por lo que se mantiene abierta la investigaci\u00f3n.<\/p>\n\n\n\n<p class=\"p1 wp-block-paragraph\">Se mantienen en alerta las autoridades educativas y de salud mental del estado, quienes ya analizan posibles medidas para reforzar la atenci\u00f3n emocional dentro de los centros escolares.<\/p>\n<div class=\"fb-background-color\">\n\t\t\t  <div \n\t\t\t  \tclass = \"fb-comments\" \n\t\t\t  \tdata-href = \"https:\/\/diarioavanzada.com.mx\/?p=86938\"\n\t\t\t  \tdata-numposts = \"10\"\n\t\t\t  \tdata-lazy = \"true\"\n\t\t\t\tdata-colorscheme = \"light\"\n\t\t\t\tdata-order-by = \"social\"\n\t\t\t\tdata-mobile=true>\n\t\t\t  <\/div><\/div>\n\t\t  <style>\n\t\t    .fb-background-color {\n\t\t\t\tbackground:  !important;\n\t\t\t}\n\t\t\t.fb_iframe_widget_fluid_desktop iframe {\n\t\t\t    width: 100% !important;\n\t\t\t}\n\t\t  <\/style>\n\t\t  ","protected":false},"excerpt":{"rendered":"<p>Hidalgo, M\u00e9xico, Avanzada (20\/05\/2025).- Una fuerte movilizaci\u00f3n de cuerpos de emergencia y autoridades estatales se registr\u00f3 este lunes 19 de mayo en la Escuela Secundaria General N\u00famero 7, ubicada sobre el bulevar Felipe \u00c1ngeles, luego de que un alumno de segundo grado fue encontrado sin vida dentro de las instalaciones del plantel. De acuerdo con [&hellip;]<\/p>\n","protected":false},"author":7,"featured_media":86937,"comment_status":"closed","ping_status":"closed","sticky":false,"template":"","format":"standard","meta":{"_coblocks_attr":"","_coblocks_dimensions":"","_coblocks_responsive_height":"","_coblocks_accordion_ie_support":"","_crdt_document":"","advanced_seo_description":"","jetpack_seo_html_title":"","jetpack_seo_noindex":false,"_jetpack_memberships_contains_paid_content":false,"footnotes":""},"categories":[22,231],"tags":[210],"class_list":["post-86938","post","type-post","status-publish","format-standard","has-post-thumbnail","hentry","category-nacion","category-seguridad","tag-portada"],"jetpack_featured_media_url":"https:\/\/diarioavanzada.com.mx\/wp-content\/uploads\/2025\/05\/img_8650-1.png","jetpack-related-posts":[],"jetpack_sharing_enabled":true,"amp_enabled":true,"_links":{"self":[{"href":"https:\/\/diarioavanzada.com.mx\/index.php?rest_route=\/wp\/v2\/posts\/86938","targetHints":{"allow":["GET"]}}],"collection":[{"href":"https:\/\/diarioavanzada.com.mx\/index.php?rest_route=\/wp\/v2\/posts"}],"about":[{"href":"https:\/\/diarioavanzada.com.mx\/index.php?rest_route=\/wp\/v2\/types\/post"}],"author":[{"embeddable":true,"href":"https:\/\/diarioavanzada.com.mx\/index.php?rest_route=\/wp\/v2\/users\/7"}],"replies":[{"embeddable":true,"href":"https:\/\/diarioavanzada.com.mx\/index.php?rest_route=%2Fwp%2Fv2%2Fcomments&post=86938"}],"version-history":[{"count":1,"href":"https:\/\/diarioavanzada.com.mx\/index.php?rest_route=\/wp\/v2\/posts\/86938\/revisions"}],"predecessor-version":[{"id":86941,"href":"https:\/\/diarioavanzada.com.mx\/index.php?rest_route=\/wp\/v2\/posts\/86938\/revisions\/86941"}],"wp:featuredmedia":[{"embeddable":true,"href":"https:\/\/diarioavanzada.com.mx\/index.php?rest_route=\/wp\/v2\/media\/86937"}],"wp:attachment":[{"href":"https:\/\/diarioavanzada.com.mx\/index.php?rest_route=%2Fwp%2Fv2%2Fmedia&parent=86938"}],"wp:term":[{"taxonomy":"category","embeddable":true,"href":"https:\/\/diarioavanzada.com.mx\/index.php?rest_route=%2Fwp%2Fv2%2Fcategories&post=86938"},{"taxonomy":"post_tag","embeddable":true,"href":"https:\/\/diarioavanzada.com.mx\/index.php?rest_route=%2Fwp%2Fv2%2Ftags&post=86938"}],"curies":[{"name":"wp","href":"https:\/\/api.w.org\/{rel}","templated":true}]}}