{"id":86927,"date":"2025-05-20T15:49:40","date_gmt":"2025-05-20T21:49:40","guid":{"rendered":"https:\/\/diarioavanzada.com.mx\/?p=86927"},"modified":"2025-05-20T15:49:40","modified_gmt":"2025-05-20T21:49:40","slug":"exalcalde-de-teuchitlan-y-familia-vinculados-a-red-de-huachicol-del-cjng","status":"publish","type":"post","link":"https:\/\/diarioavanzada.com.mx\/?p=86927","title":{"rendered":"Exalcalde de Teuchitl\u00e1n y familia: vinculados a red de huachicol del CJNG"},"content":{"rendered":"\n<p class=\"p1 wp-block-paragraph\">M\u00e9xico, Avanzada (20\/05\/2025).- Una red de contrabando de combustibles vinculada al C\u00e1rtel Jalisco Nueva Generaci\u00f3n (CJNG) y encabezada presuntamente por familiares del exalcalde de Teuchitl\u00e1n, Jos\u00e9 Ascensi\u00f3n Murgu\u00eda \u2014actualmente preso\u2014, ha sido confirmada por el fiscal general de la Rep\u00fablica, Alejandro Gertz Manero, como un caso prioritario dentro del Gabinete de Seguridad federal.<\/p>\n\n\n\n<p class=\"p1 wp-block-paragraph\">Durante \u201cla ma\u00f1anera\u201d, Gertz Manero destac\u00f3 que el reportaje publicado en 2021 por el medio Contral\u00ednea fue clave para el inicio de una investigaci\u00f3n que revel\u00f3 la existencia de 210 empresas presuntamente utilizadas por la familia de Murgu\u00eda para el contrabando de hidrocarburos. La estructura operativa de esta red criminal habr\u00eda utilizado camiones registrados a nombre de familiares del exfuncionario para transportar combustible ilegal desde Tamaulipas y Ensenada, lo que llev\u00f3 a establecer su conexi\u00f3n directa con el CJNG.<\/p>\n\n\n\n<p class=\"p1 wp-block-paragraph\">El fiscal detall\u00f3 que tanto el exalcalde como sus dos hermanos est\u00e1n implicados en el esquema delictivo, y subray\u00f3 que se prev\u00e9 que antes de que finalice junio se logre completar la cadena de responsabilidades, desde la compra del combustible en Estados Unidos hasta su aseguramiento por las Fuerzas Armadas Mexicanas.<\/p>\n\n\n\n<p class=\"p1 wp-block-paragraph\">Consultado sobre si las investigaciones alcanzar\u00e1n a otros funcionarios p\u00fablicos y a redes dentro de Petr\u00f3leos Mexicanos (Pemex), el fiscal se\u00f1al\u00f3 que las indagatorias est\u00e1n en curso y no se limitan a un solo punto geogr\u00e1fico. Asimismo, se investiga tanto el \u201chuachicol fiscal\u201d \u2014que consiste en la importaci\u00f3n fraudulenta de combustible bajo otros conceptos para evadir impuestos\u2014 como el robo directo mediante tomas clandestinas en los ductos de Pemex.<\/p>\n\n\n\n<p class=\"p1 wp-block-paragraph\">Gertz Manero finaliz\u00f3 reconociendo el papel del periodismo de investigaci\u00f3n en este caso: \u201cQuiero expresar mi agradecimiento porque esa informaci\u00f3n fue fundamental para que nosotros pudi\u00e9ramos armar un proyecto de seguridad que nos dio este resultado\u201d.<\/p>\n\n\n\n<p class=\"p1 wp-block-paragraph\"><\/p>\n<div class=\"fb-background-color\">\n\t\t\t  <div \n\t\t\t  \tclass = \"fb-comments\" \n\t\t\t  \tdata-href = \"https:\/\/diarioavanzada.com.mx\/?p=86927\"\n\t\t\t  \tdata-numposts = \"10\"\n\t\t\t  \tdata-lazy = \"true\"\n\t\t\t\tdata-colorscheme = \"light\"\n\t\t\t\tdata-order-by = \"social\"\n\t\t\t\tdata-mobile=true>\n\t\t\t  <\/div><\/div>\n\t\t  <style>\n\t\t    .fb-background-color {\n\t\t\t\tbackground:  !important;\n\t\t\t}\n\t\t\t.fb_iframe_widget_fluid_desktop iframe {\n\t\t\t    width: 100% !important;\n\t\t\t}\n\t\t  <\/style>\n\t\t  ","protected":false},"excerpt":{"rendered":"<p>M\u00e9xico, Avanzada (20\/05\/2025).- Una red de contrabando de combustibles vinculada al C\u00e1rtel Jalisco Nueva Generaci\u00f3n (CJNG) y encabezada presuntamente por familiares del exalcalde de Teuchitl\u00e1n, Jos\u00e9 Ascensi\u00f3n Murgu\u00eda \u2014actualmente preso\u2014, ha sido confirmada por el fiscal general de la Rep\u00fablica, Alejandro Gertz Manero, como un caso prioritario dentro del Gabinete de Seguridad federal. Durante \u201cla [&hellip;]<\/p>\n","protected":false},"author":7,"featured_media":86926,"comment_status":"closed","ping_status":"closed","sticky":false,"template":"","format":"standard","meta":{"_coblocks_attr":"","_coblocks_dimensions":"","_coblocks_responsive_height":"","_coblocks_accordion_ie_support":"","_crdt_document":"","advanced_seo_description":"","jetpack_seo_html_title":"","jetpack_seo_noindex":false,"_jetpack_memberships_contains_paid_content":false,"footnotes":""},"categories":[209,22,231],"tags":[210],"class_list":["post-86927","post","type-post","status-publish","format-standard","has-post-thumbnail","hentry","category-importantes","category-nacion","category-seguridad","tag-portada"],"jetpack_featured_media_url":"https:\/\/diarioavanzada.com.mx\/wp-content\/uploads\/2025\/05\/img_2916-1.jpg","jetpack-related-posts":[],"jetpack_sharing_enabled":true,"amp_enabled":true,"_links":{"self":[{"href":"https:\/\/diarioavanzada.com.mx\/index.php?rest_route=\/wp\/v2\/posts\/86927","targetHints":{"allow":["GET"]}}],"collection":[{"href":"https:\/\/diarioavanzada.com.mx\/index.php?rest_route=\/wp\/v2\/posts"}],"about":[{"href":"https:\/\/diarioavanzada.com.mx\/index.php?rest_route=\/wp\/v2\/types\/post"}],"author":[{"embeddable":true,"href":"https:\/\/diarioavanzada.com.mx\/index.php?rest_route=\/wp\/v2\/users\/7"}],"replies":[{"embeddable":true,"href":"https:\/\/diarioavanzada.com.mx\/index.php?rest_route=%2Fwp%2Fv2%2Fcomments&post=86927"}],"version-history":[{"count":0,"href":"https:\/\/diarioavanzada.com.mx\/index.php?rest_route=\/wp\/v2\/posts\/86927\/revisions"}],"wp:featuredmedia":[{"embeddable":true,"href":"https:\/\/diarioavanzada.com.mx\/index.php?rest_route=\/wp\/v2\/media\/86926"}],"wp:attachment":[{"href":"https:\/\/diarioavanzada.com.mx\/index.php?rest_route=%2Fwp%2Fv2%2Fmedia&parent=86927"}],"wp:term":[{"taxonomy":"category","embeddable":true,"href":"https:\/\/diarioavanzada.com.mx\/index.php?rest_route=%2Fwp%2Fv2%2Fcategories&post=86927"},{"taxonomy":"post_tag","embeddable":true,"href":"https:\/\/diarioavanzada.com.mx\/index.php?rest_route=%2Fwp%2Fv2%2Ftags&post=86927"}],"curies":[{"name":"wp","href":"https:\/\/api.w.org\/{rel}","templated":true}]}}