{"id":86912,"date":"2025-05-20T12:02:17","date_gmt":"2025-05-20T18:02:17","guid":{"rendered":"https:\/\/diarioavanzada.com.mx\/?p=86912"},"modified":"2025-05-20T12:05:53","modified_gmt":"2025-05-20T18:05:53","slug":"difunden-video-del-atentado-contra-dos-funcionarios-en-tlalpan","status":"publish","type":"post","link":"https:\/\/diarioavanzada.com.mx\/?p=86912","title":{"rendered":"Difunden video del atentado contra dos funcionarios en Tlalpan"},"content":{"rendered":"\n<p class=\"p1 wp-block-paragraph\">M\u00e9xico, Avanzada (20\/05\/2025).- Las primeras im\u00e1genes del atentado contra dos funcionarios en la Ciudad de M\u00e9xico fueron dadas a conocer este lunes por el reportero especializado en nota roja, Carlos Jim\u00e9nez, quien public\u00f3 en sus redes sociales un video en el que se observa el momento en que un hombre armado se acerca con casco de motociclista y dispara a quemarropa contra Ximena \u201cG\u201d y Jos\u00e9 \u201cM\u201d.<\/p>\n\n\n\n<p class=\"p1 wp-block-paragraph\">Seg\u00fan la informaci\u00f3n oficial, el ataque ocurri\u00f3 la ma\u00f1ana del lunes 20 de mayo en la calle Puente de Piedra, colonia Toriello Guerra, alcald\u00eda Tlalpan, cuando ambos funcionarios se encontraban a punto de abordar un veh\u00edculo particular. La agresi\u00f3n fue directa: el sicario dispara primero contra Ximena, quien ya se encontraba dentro del autom\u00f3vil, y luego contra Jos\u00e9, quien iba a subir en ese momento.<\/p>\n\n\n\n<p class=\"p1 wp-block-paragraph\">La Secretar\u00eda de Seguridad Ciudadana de la Ciudad de M\u00e9xico (SSC-CDMX) localiz\u00f3 una camioneta y una motocicleta que habr\u00edan sido utilizadas en el crimen. Ambos veh\u00edculos fueron abandonados a varias calles del lugar del atentado y ya se encuentran bajo resguardo de las autoridades para su an\u00e1lisis pericial.<\/p>\n\n\n\n<figure class=\"wp-block-embed is-type-rich is-provider-twitter wp-block-embed-twitter\"><div class=\"wp-block-embed__wrapper\">\n<div class=\"embed-twitter\"><blockquote class=\"twitter-tweet\" data-width=\"550\" data-dnt=\"true\"><p lang=\"es\" dir=\"ltr\">EL ATAQUE a LOS FUNCIONARIOS<br>As\u00ed se acerc\u00f3 el sicario con casco a dispararle a Ximena G y Jos\u00e9 M.<br>Dispara con una sola mano\u2026 <br>1\u00ba a ella en el auto, y luego a \u00e9l q iba a subir al veh\u00edculo.<a href=\"https:\/\/twitter.com\/SSC_CDMX?ref_src=twsrc%5Etfw\">@SSC_CDMX<\/a> ya hall\u00f3 una camioneta y una moto usadas en el crimen.<a href=\"https:\/\/twitter.com\/FiscaliaCDMX?ref_src=twsrc%5Etfw\">@FiscaliaCDMX<\/a> indaga. <a href=\"https:\/\/t.co\/EfYgAqqKdx\">pic.twitter.com\/EfYgAqqKdx<\/a><\/p>&mdash; Carlos Jim\u00e9nez (@c4jimenez) <a href=\"https:\/\/twitter.com\/c4jimenez\/status\/1924879341562859623?ref_src=twsrc%5Etfw\">May 20, 2025<\/a><\/blockquote><script async src=\"https:\/\/platform.twitter.com\/widgets.js\" charset=\"utf-8\"><\/script><\/div>\n<\/div><\/figure>\n\n\n\n<p class=\"p1 wp-block-paragraph\"><\/p>\n<div class=\"fb-background-color\">\n\t\t\t  <div \n\t\t\t  \tclass = \"fb-comments\" \n\t\t\t  \tdata-href = \"https:\/\/diarioavanzada.com.mx\/?p=86912\"\n\t\t\t  \tdata-numposts = \"10\"\n\t\t\t  \tdata-lazy = \"true\"\n\t\t\t\tdata-colorscheme = \"light\"\n\t\t\t\tdata-order-by = \"social\"\n\t\t\t\tdata-mobile=true>\n\t\t\t  <\/div><\/div>\n\t\t  <style>\n\t\t    .fb-background-color {\n\t\t\t\tbackground:  !important;\n\t\t\t}\n\t\t\t.fb_iframe_widget_fluid_desktop iframe {\n\t\t\t    width: 100% !important;\n\t\t\t}\n\t\t  <\/style>\n\t\t  ","protected":false},"excerpt":{"rendered":"<p>M\u00e9xico, Avanzada (20\/05\/2025).- Las primeras im\u00e1genes del atentado contra dos funcionarios en la Ciudad de M\u00e9xico fueron dadas a conocer este lunes por el reportero especializado en nota roja, Carlos Jim\u00e9nez, quien public\u00f3 en sus redes sociales un video en el que se observa el momento en que un hombre armado se acerca con casco [&hellip;]<\/p>\n","protected":false},"author":7,"featured_media":86911,"comment_status":"closed","ping_status":"closed","sticky":false,"template":"","format":"standard","meta":{"_coblocks_attr":"","_coblocks_dimensions":"","_coblocks_responsive_height":"","_coblocks_accordion_ie_support":"","_crdt_document":"","advanced_seo_description":"","jetpack_seo_html_title":"","jetpack_seo_noindex":false,"_jetpack_memberships_contains_paid_content":false,"footnotes":""},"categories":[209,22,7,231],"tags":[210],"class_list":["post-86912","post","type-post","status-publish","format-standard","has-post-thumbnail","hentry","category-importantes","category-nacion","category-noticias","category-seguridad","tag-portada"],"jetpack_featured_media_url":"https:\/\/diarioavanzada.com.mx\/wp-content\/uploads\/2025\/05\/img_2786-1.jpg","jetpack-related-posts":[],"jetpack_sharing_enabled":true,"amp_enabled":true,"_links":{"self":[{"href":"https:\/\/diarioavanzada.com.mx\/index.php?rest_route=\/wp\/v2\/posts\/86912","targetHints":{"allow":["GET"]}}],"collection":[{"href":"https:\/\/diarioavanzada.com.mx\/index.php?rest_route=\/wp\/v2\/posts"}],"about":[{"href":"https:\/\/diarioavanzada.com.mx\/index.php?rest_route=\/wp\/v2\/types\/post"}],"author":[{"embeddable":true,"href":"https:\/\/diarioavanzada.com.mx\/index.php?rest_route=\/wp\/v2\/users\/7"}],"replies":[{"embeddable":true,"href":"https:\/\/diarioavanzada.com.mx\/index.php?rest_route=%2Fwp%2Fv2%2Fcomments&post=86912"}],"version-history":[{"count":1,"href":"https:\/\/diarioavanzada.com.mx\/index.php?rest_route=\/wp\/v2\/posts\/86912\/revisions"}],"predecessor-version":[{"id":86913,"href":"https:\/\/diarioavanzada.com.mx\/index.php?rest_route=\/wp\/v2\/posts\/86912\/revisions\/86913"}],"wp:featuredmedia":[{"embeddable":true,"href":"https:\/\/diarioavanzada.com.mx\/index.php?rest_route=\/wp\/v2\/media\/86911"}],"wp:attachment":[{"href":"https:\/\/diarioavanzada.com.mx\/index.php?rest_route=%2Fwp%2Fv2%2Fmedia&parent=86912"}],"wp:term":[{"taxonomy":"category","embeddable":true,"href":"https:\/\/diarioavanzada.com.mx\/index.php?rest_route=%2Fwp%2Fv2%2Fcategories&post=86912"},{"taxonomy":"post_tag","embeddable":true,"href":"https:\/\/diarioavanzada.com.mx\/index.php?rest_route=%2Fwp%2Fv2%2Ftags&post=86912"}],"curies":[{"name":"wp","href":"https:\/\/api.w.org\/{rel}","templated":true}]}}