{"id":86903,"date":"2025-05-20T11:00:21","date_gmt":"2025-05-20T17:00:21","guid":{"rendered":"https:\/\/diarioavanzada.com.mx\/?p=86903"},"modified":"2025-05-20T11:00:21","modified_gmt":"2025-05-20T17:00:21","slug":"norona-condena-el-doble-homicidio-y-denuncia-campana-de-agresion-contra-el-movimiento","status":"publish","type":"post","link":"https:\/\/diarioavanzada.com.mx\/?p=86903","title":{"rendered":"Noro\u00f1a condena el doble homicidio y denuncia campa\u00f1a de agresi\u00f3n contra el movimiento"},"content":{"rendered":"\n<p class=\"p1 wp-block-paragraph\">Colima, M\u00e9xico, Avanzada (20\/05\/2025).- El presidente del Senado de la Rep\u00fablica, Gerardo Fern\u00e1ndez Noro\u00f1a, conden\u00f3 en\u00e9rgicamente el asesinato de Ximena Guzm\u00e1n y Jos\u00e9 Mu\u00f1oz, secretaria particular y asesor de la Jefa de Gobierno Clara Brugada, respectivamente, y advirti\u00f3 sobre una creciente campa\u00f1a de agresiones contra integrantes del movimiento de transformaci\u00f3n.<\/p>\n\n\n\n<p class=\"p1 wp-block-paragraph\">\u201cEs grav\u00edsimo, condeno el hecho, lo lamento profundamente, mi solidaridad para familiares y amigos\u201d, expres\u00f3 Noro\u00f1a al referirse al ataque ocurrido en la colonia Moderna, alcald\u00eda Benito Ju\u00e1rez, Ciudad de M\u00e9xico. Para el legislador, lo sucedido no es un hecho aislado, sino parte de una ofensiva promovida, dijo, por sectores de la derecha.<\/p>\n\n\n\n<p class=\"p1 wp-block-paragraph\">Noro\u00f1a pidi\u00f3 el pronto esclarecimiento del crimen y el cese de toda acci\u00f3n violenta. \u201cNada justifica las agresiones f\u00edsicas, y mucho menos que alguien pierda la vida en estas condiciones\u201d, se\u00f1al\u00f3. Adem\u00e1s, subray\u00f3 que el gobierno federal trabaja intensamente en la pacificaci\u00f3n del pa\u00eds y reiter\u00f3 el respeto irrestricto a la vida y a la dignidad de todas las personas, independientemente de su forma de pensar.<\/p>\n\n\n\n<p class=\"wp-block-paragraph\">Ximena Guzm\u00e1n y Jos\u00e9 Mu\u00f1oz, secretaria particular y asesor de la Jefa de Gobierno de la CDMX, fueron asesinados en un ataque directo en la colonia Moderna. Las autoridades investigan el m\u00f3vil y analizan videograbaciones para identificar a los responsables.<\/p>\n<div class=\"fb-background-color\">\n\t\t\t  <div \n\t\t\t  \tclass = \"fb-comments\" \n\t\t\t  \tdata-href = \"https:\/\/diarioavanzada.com.mx\/?p=86903\"\n\t\t\t  \tdata-numposts = \"10\"\n\t\t\t  \tdata-lazy = \"true\"\n\t\t\t\tdata-colorscheme = \"light\"\n\t\t\t\tdata-order-by = \"social\"\n\t\t\t\tdata-mobile=true>\n\t\t\t  <\/div><\/div>\n\t\t  <style>\n\t\t    .fb-background-color {\n\t\t\t\tbackground:  !important;\n\t\t\t}\n\t\t\t.fb_iframe_widget_fluid_desktop iframe {\n\t\t\t    width: 100% !important;\n\t\t\t}\n\t\t  <\/style>\n\t\t  ","protected":false},"excerpt":{"rendered":"<p>Colima, M\u00e9xico, Avanzada (20\/05\/2025).- El presidente del Senado de la Rep\u00fablica, Gerardo Fern\u00e1ndez Noro\u00f1a, conden\u00f3 en\u00e9rgicamente el asesinato de Ximena Guzm\u00e1n y Jos\u00e9 Mu\u00f1oz, secretaria particular y asesor de la Jefa de Gobierno Clara Brugada, respectivamente, y advirti\u00f3 sobre una creciente campa\u00f1a de agresiones contra integrantes del movimiento de transformaci\u00f3n. \u201cEs grav\u00edsimo, condeno el hecho, [&hellip;]<\/p>\n","protected":false},"author":7,"featured_media":86902,"comment_status":"closed","ping_status":"closed","sticky":false,"template":"","format":"standard","meta":{"_coblocks_attr":"","_coblocks_dimensions":"","_coblocks_responsive_height":"","_coblocks_accordion_ie_support":"","_crdt_document":"","advanced_seo_description":"","jetpack_seo_html_title":"","jetpack_seo_noindex":false,"_jetpack_memberships_contains_paid_content":false,"footnotes":""},"categories":[209,22,29],"tags":[210],"class_list":["post-86903","post","type-post","status-publish","format-standard","has-post-thumbnail","hentry","category-importantes","category-nacion","category-sociedad","tag-portada"],"jetpack_featured_media_url":"https:\/\/diarioavanzada.com.mx\/wp-content\/uploads\/2025\/05\/img_2779-1.jpg","jetpack-related-posts":[],"jetpack_sharing_enabled":true,"amp_enabled":true,"_links":{"self":[{"href":"https:\/\/diarioavanzada.com.mx\/index.php?rest_route=\/wp\/v2\/posts\/86903","targetHints":{"allow":["GET"]}}],"collection":[{"href":"https:\/\/diarioavanzada.com.mx\/index.php?rest_route=\/wp\/v2\/posts"}],"about":[{"href":"https:\/\/diarioavanzada.com.mx\/index.php?rest_route=\/wp\/v2\/types\/post"}],"author":[{"embeddable":true,"href":"https:\/\/diarioavanzada.com.mx\/index.php?rest_route=\/wp\/v2\/users\/7"}],"replies":[{"embeddable":true,"href":"https:\/\/diarioavanzada.com.mx\/index.php?rest_route=%2Fwp%2Fv2%2Fcomments&post=86903"}],"version-history":[{"count":0,"href":"https:\/\/diarioavanzada.com.mx\/index.php?rest_route=\/wp\/v2\/posts\/86903\/revisions"}],"wp:featuredmedia":[{"embeddable":true,"href":"https:\/\/diarioavanzada.com.mx\/index.php?rest_route=\/wp\/v2\/media\/86902"}],"wp:attachment":[{"href":"https:\/\/diarioavanzada.com.mx\/index.php?rest_route=%2Fwp%2Fv2%2Fmedia&parent=86903"}],"wp:term":[{"taxonomy":"category","embeddable":true,"href":"https:\/\/diarioavanzada.com.mx\/index.php?rest_route=%2Fwp%2Fv2%2Fcategories&post=86903"},{"taxonomy":"post_tag","embeddable":true,"href":"https:\/\/diarioavanzada.com.mx\/index.php?rest_route=%2Fwp%2Fv2%2Ftags&post=86903"}],"curies":[{"name":"wp","href":"https:\/\/api.w.org\/{rel}","templated":true}]}}