{"id":86899,"date":"2025-05-20T16:42:10","date_gmt":"2025-05-20T22:42:10","guid":{"rendered":"https:\/\/diarioavanzada.com.mx\/?p=86899"},"modified":"2025-05-20T16:56:07","modified_gmt":"2025-05-20T22:56:07","slug":"asesinan-a-maestro-y-entrenador-triqui-en-putla-villa-de-guerrero","status":"publish","type":"post","link":"https:\/\/diarioavanzada.com.mx\/?p=86899","title":{"rendered":"Asesinan a maestro y entrenador triqui en Putla Villa de Guerrero"},"content":{"rendered":"\n<p class=\"p1 wp-block-paragraph\">Oaxaca, M\u00e9xico, Avanzada (20\/05\/2025).- La comunidad ind\u00edgena triqui de San Miguel Copala enfrenta nuevamente el luto tras el asesinato de Cutberto Hern\u00e1ndez Garc\u00eda, maestro de primaria y entrenador de basquetbol, quien fue atacado por hombres armados este lunes en Putla Villa de Guerrero.<\/p>\n\n\n\n<p class=\"p1 wp-block-paragraph\">Hern\u00e1ndez Garc\u00eda era reconocido por su compromiso con la formaci\u00f3n educativa y deportiva de los conocidos \u201cni\u00f1os triquis descalzos de la monta\u00f1a\u201d. Su labor era ampliamente valorada entre los habitantes de la regi\u00f3n, donde se destac\u00f3 como un promotor del deporte y defensor de la identidad cultural.<\/p>\n\n\n\n<p class=\"p1 wp-block-paragraph\">El Movimiento de Unificaci\u00f3n de Lucha Triqui (MULT) confirm\u00f3 el homicidio a trav\u00e9s de un comunicado en el que denunci\u00f3 la impunidad que persiste en el estado. \u201cEste crimen se suma a una serie de asesinatos sin resolver desde 2022. La violencia en la regi\u00f3n no es un hecho aislado, sino una pr\u00e1ctica administrada por quienes se oponen a la paz y al desarrollo de nuestras comunidades\u201d, se\u00f1al\u00f3 la organizaci\u00f3n.<\/p>\n\n\n\n<p class=\"p1 wp-block-paragraph\">La agrupaci\u00f3n tambi\u00e9n responsabiliz\u00f3 a la Fiscal\u00eda del Estado de Oaxaca por su falta de respuesta y por prolongar el dolor de las familias v\u00edctimas de la violencia. \u201cLa colusi\u00f3n entre autoridades y grupos de poder es evidente. No hay justicia, solo evasivas\u201d, dijeron.<\/p>\n\n\n\n<p class=\"p1 wp-block-paragraph\">El caso revive el recuerdo del asesinato de Rigoberto Mart\u00ednez Sandoval, otro entrenador triqui, ocurrido en noviembre de 2024 en el mismo municipio. Ambos cr\u00edmenes encendieron las alarmas entre organizaciones sociales y la comunidad, que demandan una actuaci\u00f3n inmediata y transparente de las autoridades para frenar los ataques contra quienes trabajan con la ni\u00f1ez ind\u00edgena.<\/p>\n\n\n\n<p class=\"p1 wp-block-paragraph\"><\/p>\n\n\n\n<figure class=\"wp-block-image size-large\"><img loading=\"lazy\" decoding=\"async\" width=\"623\" height=\"1024\" src=\"https:\/\/diarioavanzada.com.mx\/wp-content\/uploads\/2025\/05\/img_3445-1-623x1024.jpg\" alt=\"\" class=\"wp-image-86897\" srcset=\"https:\/\/diarioavanzada.com.mx\/wp-content\/uploads\/2025\/05\/img_3445-1-623x1024.jpg 623w, https:\/\/diarioavanzada.com.mx\/wp-content\/uploads\/2025\/05\/img_3445-1-182x300.jpg 182w, https:\/\/diarioavanzada.com.mx\/wp-content\/uploads\/2025\/05\/img_3445-1-768x1263.jpg 768w, https:\/\/diarioavanzada.com.mx\/wp-content\/uploads\/2025\/05\/img_3445-1-934x1536.jpg 934w, https:\/\/diarioavanzada.com.mx\/wp-content\/uploads\/2025\/05\/img_3445-1.jpg 973w\" sizes=\"auto, (max-width: 623px) 100vw, 623px\" \/><\/figure>\n<div class=\"fb-background-color\">\n\t\t\t  <div \n\t\t\t  \tclass = \"fb-comments\" \n\t\t\t  \tdata-href = \"https:\/\/diarioavanzada.com.mx\/?p=86899\"\n\t\t\t  \tdata-numposts = \"10\"\n\t\t\t  \tdata-lazy = \"true\"\n\t\t\t\tdata-colorscheme = \"light\"\n\t\t\t\tdata-order-by = \"social\"\n\t\t\t\tdata-mobile=true>\n\t\t\t  <\/div><\/div>\n\t\t  <style>\n\t\t    .fb-background-color {\n\t\t\t\tbackground:  !important;\n\t\t\t}\n\t\t\t.fb_iframe_widget_fluid_desktop iframe {\n\t\t\t    width: 100% !important;\n\t\t\t}\n\t\t  <\/style>\n\t\t  ","protected":false},"excerpt":{"rendered":"<p>Oaxaca, M\u00e9xico, Avanzada (20\/05\/2025).- La comunidad ind\u00edgena triqui de San Miguel Copala enfrenta nuevamente el luto tras el asesinato de Cutberto Hern\u00e1ndez Garc\u00eda, maestro de primaria y entrenador de basquetbol, quien fue atacado por hombres armados este lunes en Putla Villa de Guerrero. Hern\u00e1ndez Garc\u00eda era reconocido por su compromiso con la formaci\u00f3n educativa y [&hellip;]<\/p>\n","protected":false},"author":7,"featured_media":86933,"comment_status":"closed","ping_status":"closed","sticky":false,"template":"","format":"standard","meta":{"_coblocks_attr":"","_coblocks_dimensions":"","_coblocks_responsive_height":"","_coblocks_accordion_ie_support":"","_crdt_document":"","advanced_seo_description":"","jetpack_seo_html_title":"","jetpack_seo_noindex":false,"_jetpack_memberships_contains_paid_content":false,"footnotes":""},"categories":[22,7,231],"tags":[],"class_list":["post-86899","post","type-post","status-publish","format-standard","has-post-thumbnail","hentry","category-nacion","category-noticias","category-seguridad"],"jetpack_featured_media_url":"https:\/\/diarioavanzada.com.mx\/wp-content\/uploads\/2025\/05\/img_2809-1.jpg","jetpack-related-posts":[],"jetpack_sharing_enabled":true,"amp_enabled":true,"_links":{"self":[{"href":"https:\/\/diarioavanzada.com.mx\/index.php?rest_route=\/wp\/v2\/posts\/86899","targetHints":{"allow":["GET"]}}],"collection":[{"href":"https:\/\/diarioavanzada.com.mx\/index.php?rest_route=\/wp\/v2\/posts"}],"about":[{"href":"https:\/\/diarioavanzada.com.mx\/index.php?rest_route=\/wp\/v2\/types\/post"}],"author":[{"embeddable":true,"href":"https:\/\/diarioavanzada.com.mx\/index.php?rest_route=\/wp\/v2\/users\/7"}],"replies":[{"embeddable":true,"href":"https:\/\/diarioavanzada.com.mx\/index.php?rest_route=%2Fwp%2Fv2%2Fcomments&post=86899"}],"version-history":[{"count":2,"href":"https:\/\/diarioavanzada.com.mx\/index.php?rest_route=\/wp\/v2\/posts\/86899\/revisions"}],"predecessor-version":[{"id":86930,"href":"https:\/\/diarioavanzada.com.mx\/index.php?rest_route=\/wp\/v2\/posts\/86899\/revisions\/86930"}],"wp:featuredmedia":[{"embeddable":true,"href":"https:\/\/diarioavanzada.com.mx\/index.php?rest_route=\/wp\/v2\/media\/86933"}],"wp:attachment":[{"href":"https:\/\/diarioavanzada.com.mx\/index.php?rest_route=%2Fwp%2Fv2%2Fmedia&parent=86899"}],"wp:term":[{"taxonomy":"category","embeddable":true,"href":"https:\/\/diarioavanzada.com.mx\/index.php?rest_route=%2Fwp%2Fv2%2Fcategories&post=86899"},{"taxonomy":"post_tag","embeddable":true,"href":"https:\/\/diarioavanzada.com.mx\/index.php?rest_route=%2Fwp%2Fv2%2Ftags&post=86899"}],"curies":[{"name":"wp","href":"https:\/\/api.w.org\/{rel}","templated":true}]}}