{"id":86842,"date":"2025-05-19T19:49:16","date_gmt":"2025-05-20T01:49:16","guid":{"rendered":"https:\/\/diarioavanzada.com.mx\/?p=86842"},"modified":"2025-05-19T19:49:16","modified_gmt":"2025-05-20T01:49:16","slug":"promoviendo-la-transformacion-social-inicia-la-semana-de-psicologia-2025","status":"publish","type":"post","link":"https:\/\/diarioavanzada.com.mx\/?p=86842","title":{"rendered":"Promoviendo la transformaci\u00f3n social, inicia la Semana de Psicolog\u00eda 2025"},"content":{"rendered":"\n<p class=\"wp-block-paragraph\"><em>Este a\u00f1o se ha preparado un espacio para dialogar sobre temas emergentes y cl\u00e1sicos de la disciplina, con el prop\u00f3sito de enfrentar los desaf\u00edos actuales y futuros a trav\u00e9s del intercambio de conocimientos y la aplicaci\u00f3n de habilidades.<\/em><\/p>\n\n\n\n<p class=\"wp-block-paragraph\">Colima, M\u00e9xico, Comunicado (19\/05\/2025).- Con una variada agenda de actividades acad\u00e9micas, culturales, deportivas y de esparcimiento, la Facultad de Psicolog\u00eda de la Universidad de Colima inaugur\u00f3 la XXXVI Semana de Psicolog\u00eda y la conmemoraci\u00f3n del D\u00eda del Psic\u00f3logo y la Psic\u00f3loga, bajo el lema \u201cPromoviendo la transformaci\u00f3n social\u201d.<\/p>\n\n\n\n<p class=\"wp-block-paragraph\">En el mensaje inaugural, la directora del plantel, Nancy Elizabeth Molina Rodr\u00edguez dio la bienvenida a estudiantes y docentes, y destac\u00f3 que este a\u00f1o se ha preparado un espacio para dialogar sobre temas emergentes y cl\u00e1sicos de la disciplina, con el prop\u00f3sito de enfrentar los desaf\u00edos actuales y futuros a trav\u00e9s del intercambio de conocimientos y la aplicaci\u00f3n de habilidades en beneficio de personas de todas las edades.<\/p>\n\n\n\n<p class=\"wp-block-paragraph\">Adelant\u00f3 que ser\u00e1 una semana con m\u00faltiples actividades, entre ellas la tradicional jornada \u201cLa Psicolog\u00eda va al Parque\u201d, en la que estudiantes y docentes realizar\u00e1n intervenciones breves y creativas para poner en pr\u00e1ctica sus competencias y ofrecer orientaci\u00f3n a la sociedad. En esta ocasi\u00f3n, la actividad se llevar\u00e1 a cabo en el jard\u00edn de Villa Izcalli.<\/p>\n\n\n\n<p class=\"wp-block-paragraph\">Adem\u00e1s, explic\u00f3 que el programa incluye espacios para reflexionar a trav\u00e9s del arte, las experiencias personales, la creatividad y el pensamiento cr\u00edtico, as\u00ed como momentos de reconocimiento a quienes han contribuido al desarrollo de la facultad. En este marco, se rendir\u00e1 homenaje al universitario Carlos Eduardo Monroy Galindo, figura clave en la evoluci\u00f3n de esta comunidad acad\u00e9mica.<\/p>\n\n\n\n<p class=\"wp-block-paragraph\">Antes de concluir, Molina Ibarra invit\u00f3 a toda la comunidad a participar activamente en las actividades y agradeci\u00f3 al comit\u00e9 organizador, encabezado por el profesor C\u00e9sar Garc\u00eda Avitia, por su compromiso y esfuerzo.<\/p>\n\n\n\n<p class=\"wp-block-paragraph\">Por su parte, Mario Guillermo de Anda Ch\u00e1vez, director general de Educaci\u00f3n Superior y representante del rector Christian Jorge Torres Ortiz Zerme\u00f1o, felicit\u00f3 a la comunidad de psic\u00f3logos y psic\u00f3logas por la realizaci\u00f3n de esta semana, destacando el legado de figuras como Ignacio Mart\u00edn-Bar\u00f3 y Maritza Montero, quienes, desde una postura \u00e9tica y humanista, contribuyeron a transformar la pr\u00e1ctica psicol\u00f3gica.<\/p>\n\n\n\n<p class=\"wp-block-paragraph\">La inauguraci\u00f3n oficial estuvo a cargo de la coordinadora general de Docencia, Susana Aurelia Jim\u00e9nez Preciado, quien dese\u00f3 \u00e9xito y muchos aprendizajes a las y los participantes, dando por iniciadas las actividades.<\/p>\n\n\n\n<p class=\"wp-block-paragraph\">El programa completo puede consultarse en la p\u00e1gina oficial de Facebook de la Facultad de Psicolog\u00eda: <a href=\"https:\/\/www.facebook.com\/facultad.psicologia.ucol\" rel=\"nofollow\">https:\/\/www.facebook.com\/facultad.psicologia.ucol<\/a>.<\/p>\n\n\n\n<figure class=\"wp-block-image size-large\"><img loading=\"lazy\" decoding=\"async\" width=\"1024\" height=\"683\" src=\"https:\/\/diarioavanzada.com.mx\/wp-content\/uploads\/2025\/05\/Inicia-la-Semana-de-Psicologia-2025_Susana-1024x683.jpg\" alt=\"\" class=\"wp-image-86845\" srcset=\"https:\/\/diarioavanzada.com.mx\/wp-content\/uploads\/2025\/05\/Inicia-la-Semana-de-Psicologia-2025_Susana-1024x683.jpg 1024w, https:\/\/diarioavanzada.com.mx\/wp-content\/uploads\/2025\/05\/Inicia-la-Semana-de-Psicologia-2025_Susana-300x200.jpg 300w, https:\/\/diarioavanzada.com.mx\/wp-content\/uploads\/2025\/05\/Inicia-la-Semana-de-Psicologia-2025_Susana-768x512.jpg 768w, https:\/\/diarioavanzada.com.mx\/wp-content\/uploads\/2025\/05\/Inicia-la-Semana-de-Psicologia-2025_Susana-1200x800.jpg 1200w, https:\/\/diarioavanzada.com.mx\/wp-content\/uploads\/2025\/05\/Inicia-la-Semana-de-Psicologia-2025_Susana.jpg 1224w\" sizes=\"auto, (max-width: 1024px) 100vw, 1024px\" \/><\/figure>\n\n\n\n<figure class=\"wp-block-image size-large\"><img loading=\"lazy\" decoding=\"async\" width=\"1024\" height=\"683\" src=\"https:\/\/diarioavanzada.com.mx\/wp-content\/uploads\/2025\/05\/Inicia-la-Semana-de-Psicologia-2025-1024x683.jpg\" alt=\"\" class=\"wp-image-86846\" srcset=\"https:\/\/diarioavanzada.com.mx\/wp-content\/uploads\/2025\/05\/Inicia-la-Semana-de-Psicologia-2025-1024x683.jpg 1024w, https:\/\/diarioavanzada.com.mx\/wp-content\/uploads\/2025\/05\/Inicia-la-Semana-de-Psicologia-2025-300x200.jpg 300w, https:\/\/diarioavanzada.com.mx\/wp-content\/uploads\/2025\/05\/Inicia-la-Semana-de-Psicologia-2025-768x512.jpg 768w, https:\/\/diarioavanzada.com.mx\/wp-content\/uploads\/2025\/05\/Inicia-la-Semana-de-Psicologia-2025-1200x800.jpg 1200w, https:\/\/diarioavanzada.com.mx\/wp-content\/uploads\/2025\/05\/Inicia-la-Semana-de-Psicologia-2025.jpg 1224w\" sizes=\"auto, (max-width: 1024px) 100vw, 1024px\" \/><\/figure>\n\n\n\n<figure class=\"wp-block-image size-large\"><img loading=\"lazy\" decoding=\"async\" width=\"1024\" height=\"683\" src=\"https:\/\/diarioavanzada.com.mx\/wp-content\/uploads\/2025\/05\/Inicia-la-Semana-de-Psicologia-2025_Nancy-1024x683.jpg\" alt=\"\" class=\"wp-image-86848\" srcset=\"https:\/\/diarioavanzada.com.mx\/wp-content\/uploads\/2025\/05\/Inicia-la-Semana-de-Psicologia-2025_Nancy-1024x683.jpg 1024w, https:\/\/diarioavanzada.com.mx\/wp-content\/uploads\/2025\/05\/Inicia-la-Semana-de-Psicologia-2025_Nancy-300x200.jpg 300w, https:\/\/diarioavanzada.com.mx\/wp-content\/uploads\/2025\/05\/Inicia-la-Semana-de-Psicologia-2025_Nancy-768x512.jpg 768w, https:\/\/diarioavanzada.com.mx\/wp-content\/uploads\/2025\/05\/Inicia-la-Semana-de-Psicologia-2025_Nancy-1200x800.jpg 1200w, https:\/\/diarioavanzada.com.mx\/wp-content\/uploads\/2025\/05\/Inicia-la-Semana-de-Psicologia-2025_Nancy.jpg 1224w\" sizes=\"auto, (max-width: 1024px) 100vw, 1024px\" \/><\/figure>\n<div class=\"fb-background-color\">\n\t\t\t  <div \n\t\t\t  \tclass = \"fb-comments\" \n\t\t\t  \tdata-href = \"https:\/\/diarioavanzada.com.mx\/?p=86842\"\n\t\t\t  \tdata-numposts = \"10\"\n\t\t\t  \tdata-lazy = \"true\"\n\t\t\t\tdata-colorscheme = \"light\"\n\t\t\t\tdata-order-by = \"social\"\n\t\t\t\tdata-mobile=true>\n\t\t\t  <\/div><\/div>\n\t\t  <style>\n\t\t    .fb-background-color {\n\t\t\t\tbackground:  !important;\n\t\t\t}\n\t\t\t.fb_iframe_widget_fluid_desktop iframe {\n\t\t\t    width: 100% !important;\n\t\t\t}\n\t\t  <\/style>\n\t\t  ","protected":false},"excerpt":{"rendered":"<p>Este a\u00f1o se ha preparado un espacio para dialogar sobre temas emergentes y cl\u00e1sicos de la disciplina, con el prop\u00f3sito de enfrentar los desaf\u00edos actuales y futuros a trav\u00e9s del intercambio de conocimientos y la aplicaci\u00f3n de habilidades. Colima, M\u00e9xico, Comunicado (19\/05\/2025).- Con una variada agenda de actividades acad\u00e9micas, culturales, deportivas y de esparcimiento, la [&hellip;]<\/p>\n","protected":false},"author":7,"featured_media":86851,"comment_status":"closed","ping_status":"closed","sticky":false,"template":"","format":"standard","meta":{"_coblocks_attr":"","_coblocks_dimensions":"","_coblocks_responsive_height":"","_coblocks_accordion_ie_support":"","_crdt_document":"","advanced_seo_description":"","jetpack_seo_html_title":"","jetpack_seo_noindex":false,"_jetpack_memberships_contains_paid_content":false,"footnotes":""},"categories":[19,209,7],"tags":[],"class_list":["post-86842","post","type-post","status-publish","format-standard","has-post-thumbnail","hentry","category-colima","category-importantes","category-noticias"],"jetpack_featured_media_url":"https:\/\/diarioavanzada.com.mx\/wp-content\/uploads\/2025\/05\/ecdd70a3-4a0b-49b4-ab45-40858f582f93-1.jpg","jetpack-related-posts":[],"jetpack_sharing_enabled":true,"amp_enabled":true,"_links":{"self":[{"href":"https:\/\/diarioavanzada.com.mx\/index.php?rest_route=\/wp\/v2\/posts\/86842","targetHints":{"allow":["GET"]}}],"collection":[{"href":"https:\/\/diarioavanzada.com.mx\/index.php?rest_route=\/wp\/v2\/posts"}],"about":[{"href":"https:\/\/diarioavanzada.com.mx\/index.php?rest_route=\/wp\/v2\/types\/post"}],"author":[{"embeddable":true,"href":"https:\/\/diarioavanzada.com.mx\/index.php?rest_route=\/wp\/v2\/users\/7"}],"replies":[{"embeddable":true,"href":"https:\/\/diarioavanzada.com.mx\/index.php?rest_route=%2Fwp%2Fv2%2Fcomments&post=86842"}],"version-history":[{"count":3,"href":"https:\/\/diarioavanzada.com.mx\/index.php?rest_route=\/wp\/v2\/posts\/86842\/revisions"}],"predecessor-version":[{"id":86849,"href":"https:\/\/diarioavanzada.com.mx\/index.php?rest_route=\/wp\/v2\/posts\/86842\/revisions\/86849"}],"wp:featuredmedia":[{"embeddable":true,"href":"https:\/\/diarioavanzada.com.mx\/index.php?rest_route=\/wp\/v2\/media\/86851"}],"wp:attachment":[{"href":"https:\/\/diarioavanzada.com.mx\/index.php?rest_route=%2Fwp%2Fv2%2Fmedia&parent=86842"}],"wp:term":[{"taxonomy":"category","embeddable":true,"href":"https:\/\/diarioavanzada.com.mx\/index.php?rest_route=%2Fwp%2Fv2%2Fcategories&post=86842"},{"taxonomy":"post_tag","embeddable":true,"href":"https:\/\/diarioavanzada.com.mx\/index.php?rest_route=%2Fwp%2Fv2%2Ftags&post=86842"}],"curies":[{"name":"wp","href":"https:\/\/api.w.org\/{rel}","templated":true}]}}