{"id":86830,"date":"2025-05-19T19:43:31","date_gmt":"2025-05-20T01:43:31","guid":{"rendered":"https:\/\/diarioavanzada.com.mx\/?p=86830"},"modified":"2025-05-19T19:43:31","modified_gmt":"2025-05-20T01:43:31","slug":"conferencias-arte-y-un-rally-de-conocimientos-en-semana-de-las-ciencias-agricolas-2025","status":"publish","type":"post","link":"https:\/\/diarioavanzada.com.mx\/?p=86830","title":{"rendered":"Conferencias, arte y un rally de conocimientos en Semana de las Ciencias Agr\u00edcolas 2025"},"content":{"rendered":"\n<p class=\"wp-block-paragraph\"><em>Del 19 al 22 de mayo, en el campus Tecom\u00e1n, se estar\u00e1 realizando la Semana de las Ciencias Agr\u00edcolas 2025 en la Universidad de Colima.<\/em><\/p>\n\n\n\n<p class=\"wp-block-paragraph\">Colima, M\u00e9xico, Comunicado (19\/05\/2025).- Este lunes iniciaron los trabajos de la Semana de las Ciencias Agr\u00edcolas 2025 en la Facultad de Ciencias Biol\u00f3gicas y Agropecuarias (FCBA) de la Universidad de Colima, campus Tecom\u00e1n, con una amplia agenda acad\u00e9mica, cient\u00edfica, tecnol\u00f3gica y cultural que se llevar\u00e1 a cabo del 19 al 22 de mayo.<\/p>\n\n\n\n<p class=\"wp-block-paragraph\">Durante el acto inaugural, Ana Lilia Moreno Osegueda, delegada de Tecom\u00e1n, expres\u00f3 su benepl\u00e1cito por representar al rector, Cristian Jorge Torres Ortiz Zerme\u00f1o, en una de las actividades m\u00e1s emblem\u00e1ticas del campus. Destac\u00f3 que esta edici\u00f3n contar\u00e1 con seis conferencias magistrales, 18 talleres te\u00f3rico-pr\u00e1cticos, una exposici\u00f3n cient\u00edfica de carteles realizados por estudiantes de octavo semestre, la participaci\u00f3n de 12 empresas del sector agr\u00edcola, un concurso de fotograf\u00eda cient\u00edfica y un rally de conocimientos agr\u00edcolas, entre otras actividades.<\/p>\n\n\n\n<p class=\"wp-block-paragraph\">\u201cLa cuidadosa planeaci\u00f3n de esta semana refleja el compromiso, la vocaci\u00f3n y el amor por el conocimiento aplicado a la tierra, a la ciencia y al futuro del campo mexicano. A\u00f1o con a\u00f1o, este evento se consolida como un espacio de encuentro entre estudiantes, docentes, productores, empresas e instituciones de investigaci\u00f3n\u201d, subray\u00f3 Moreno Osegueda. Agreg\u00f3 que m\u00e1s de 500 personas participar\u00e1n a lo largo de los cuatro d\u00edas, lo que da cuenta del prestigio y la relevancia de esta actividad acad\u00e9mica.<\/p>\n\n\n\n<p class=\"wp-block-paragraph\">En el pres\u00eddium estuvieron tambi\u00e9n la estudiante Susana Kibele Carrillo Maga\u00f1a, presidenta de la Sociedad de Alumnos; el Dr. Pedro Valadez Ram\u00edrez, director del plantel anfitri\u00f3n; el Dr. Gilberto Manzo S\u00e1nchez, presidente de la Federaci\u00f3n Agron\u00f3mica de Colima y el Ing. Ernesto Cruz Gonz\u00e1lez, director general de ATIDER, quien dio la conferencia inaugural abordando el modelo de alto rendimiento en el cultivo de ma\u00edz.<\/p>\n\n\n\n<p class=\"wp-block-paragraph\">En su intervenci\u00f3n, Gilberto Manzo destac\u00f3 la importancia de la participaci\u00f3n estudiantil, especialmente a trav\u00e9s de los carteles elaborados por los grupos A, C, D y E de octavo semestre de la carrera de Ingenier\u00eda Agron\u00f3mica. Estos trabajos, explic\u00f3, son producto del curso Seminario de Investigaci\u00f3n y ser\u00e1n evaluados por un comit\u00e9 de seis docentes. Los tres mejores carteles ser\u00e1n premiados gracias al apoyo de empresas patrocinadoras juveniles, lo que refuerza el v\u00ednculo entre el \u00e1mbito acad\u00e9mico y el sector empresarial.<\/p>\n\n\n\n<p class=\"wp-block-paragraph\">Adem\u00e1s, Manzo mencion\u00f3 parte de la programaci\u00f3n como la conferencia titulada \u201cEfectividad de microorganismos como agentes de control biol\u00f3gico de plagas y enfermedades\u201d, impartida por Abraham M\u00e1rquez Ch\u00e1vez, de la empresa PlantBio, as\u00ed como una exposici\u00f3n y premiaci\u00f3n de fotograf\u00eda cient\u00edfica a cargo de Jos\u00e9 Manuel Palma Garc\u00eda, profesor-investigador de la facultad.<\/p>\n\n\n\n<p class=\"wp-block-paragraph\">Entre las conferencias m\u00e1s esperadas se encuentran: \u201cInnovaci\u00f3n en agricultura\u201d, a cargo de Nazario Rodr\u00edguez Guerra; \u201cLa nutrici\u00f3n vegetal ante el estr\u00e9s bi\u00f3tico\u201d, impartida por Felipe Isa\u00ed Barreto Velarde; y \u201cLos bioestimulantes y su impacto en el desarrollo de cultivos agr\u00edcolas\u201d, Mart\u00edn Alejandro Tucuch P\u00e9rez.<\/p>\n\n\n\n<p class=\"wp-block-paragraph\">Los talleres te\u00f3rico-pr\u00e1cticos, programados para el mi\u00e9rcoles 21 de mayo, abordar\u00e1n temas como el uso de drones en agricultura de precisi\u00f3n, bioestad\u00edstica aplicada con el programa R, sistemas hidrop\u00f3nicos, apicultura, identificaci\u00f3n de plagas y enfermedades, as\u00ed como el manejo de maquinaria e instrumentos agr\u00edcolas.<\/p>\n\n\n\n<p class=\"wp-block-paragraph\">La semana concluir\u00e1 con un rally de conocimientos agr\u00edcolas, que incluir\u00e1 pruebas pr\u00e1cticas como identificaci\u00f3n de malezas, plagas, maquinaria, fertilizantes y ejercicios l\u00fadicos organizados por la sociedad estudiantil, integrando as\u00ed la dimensi\u00f3n formativa y recreativa del evento.<\/p>\n\n\n\n<figure class=\"wp-block-image size-large\"><img loading=\"lazy\" decoding=\"async\" width=\"1024\" height=\"683\" src=\"https:\/\/diarioavanzada.com.mx\/wp-content\/uploads\/2025\/05\/Inauguran-la-Semana-de-las-Ciencias-Agricolas-2025_a-1024x683.jpg\" alt=\"\" class=\"wp-image-86834\" srcset=\"https:\/\/diarioavanzada.com.mx\/wp-content\/uploads\/2025\/05\/Inauguran-la-Semana-de-las-Ciencias-Agricolas-2025_a-1024x683.jpg 1024w, https:\/\/diarioavanzada.com.mx\/wp-content\/uploads\/2025\/05\/Inauguran-la-Semana-de-las-Ciencias-Agricolas-2025_a-300x200.jpg 300w, https:\/\/diarioavanzada.com.mx\/wp-content\/uploads\/2025\/05\/Inauguran-la-Semana-de-las-Ciencias-Agricolas-2025_a-768x512.jpg 768w, https:\/\/diarioavanzada.com.mx\/wp-content\/uploads\/2025\/05\/Inauguran-la-Semana-de-las-Ciencias-Agricolas-2025_a-1536x1024.jpg 1536w, https:\/\/diarioavanzada.com.mx\/wp-content\/uploads\/2025\/05\/Inauguran-la-Semana-de-las-Ciencias-Agricolas-2025_a-2048x1365.jpg 2048w, https:\/\/diarioavanzada.com.mx\/wp-content\/uploads\/2025\/05\/Inauguran-la-Semana-de-las-Ciencias-Agricolas-2025_a-1200x800.jpg 1200w\" sizes=\"auto, (max-width: 1024px) 100vw, 1024px\" \/><\/figure>\n\n\n\n<figure class=\"wp-block-image size-large\"><img loading=\"lazy\" decoding=\"async\" width=\"1024\" height=\"683\" src=\"https:\/\/diarioavanzada.com.mx\/wp-content\/uploads\/2025\/05\/Inauguran-la-Semana-de-las-Ciencias-Agricolas-2025_Ana-1024x683.jpg\" alt=\"\" class=\"wp-image-86835\" srcset=\"https:\/\/diarioavanzada.com.mx\/wp-content\/uploads\/2025\/05\/Inauguran-la-Semana-de-las-Ciencias-Agricolas-2025_Ana-1024x683.jpg 1024w, https:\/\/diarioavanzada.com.mx\/wp-content\/uploads\/2025\/05\/Inauguran-la-Semana-de-las-Ciencias-Agricolas-2025_Ana-300x200.jpg 300w, https:\/\/diarioavanzada.com.mx\/wp-content\/uploads\/2025\/05\/Inauguran-la-Semana-de-las-Ciencias-Agricolas-2025_Ana-768x512.jpg 768w, https:\/\/diarioavanzada.com.mx\/wp-content\/uploads\/2025\/05\/Inauguran-la-Semana-de-las-Ciencias-Agricolas-2025_Ana-1536x1024.jpg 1536w, https:\/\/diarioavanzada.com.mx\/wp-content\/uploads\/2025\/05\/Inauguran-la-Semana-de-las-Ciencias-Agricolas-2025_Ana-2048x1365.jpg 2048w, https:\/\/diarioavanzada.com.mx\/wp-content\/uploads\/2025\/05\/Inauguran-la-Semana-de-las-Ciencias-Agricolas-2025_Ana-1200x800.jpg 1200w\" sizes=\"auto, (max-width: 1024px) 100vw, 1024px\" \/><\/figure>\n\n\n\n<figure class=\"wp-block-image size-large\"><img loading=\"lazy\" decoding=\"async\" width=\"1024\" height=\"683\" src=\"https:\/\/diarioavanzada.com.mx\/wp-content\/uploads\/2025\/05\/Inauguran-la-Semana-de-las-Ciencias-Agricolas-2025_Manzo-1024x683.jpg\" alt=\"\" class=\"wp-image-86836\" srcset=\"https:\/\/diarioavanzada.com.mx\/wp-content\/uploads\/2025\/05\/Inauguran-la-Semana-de-las-Ciencias-Agricolas-2025_Manzo-1024x683.jpg 1024w, https:\/\/diarioavanzada.com.mx\/wp-content\/uploads\/2025\/05\/Inauguran-la-Semana-de-las-Ciencias-Agricolas-2025_Manzo-300x200.jpg 300w, https:\/\/diarioavanzada.com.mx\/wp-content\/uploads\/2025\/05\/Inauguran-la-Semana-de-las-Ciencias-Agricolas-2025_Manzo-768x512.jpg 768w, https:\/\/diarioavanzada.com.mx\/wp-content\/uploads\/2025\/05\/Inauguran-la-Semana-de-las-Ciencias-Agricolas-2025_Manzo-1536x1024.jpg 1536w, https:\/\/diarioavanzada.com.mx\/wp-content\/uploads\/2025\/05\/Inauguran-la-Semana-de-las-Ciencias-Agricolas-2025_Manzo-2048x1365.jpg 2048w, https:\/\/diarioavanzada.com.mx\/wp-content\/uploads\/2025\/05\/Inauguran-la-Semana-de-las-Ciencias-Agricolas-2025_Manzo-1200x800.jpg 1200w\" sizes=\"auto, (max-width: 1024px) 100vw, 1024px\" \/><\/figure>\n\n\n\n<figure class=\"wp-block-image size-large\"><img loading=\"lazy\" decoding=\"async\" width=\"1024\" height=\"768\" src=\"https:\/\/diarioavanzada.com.mx\/wp-content\/uploads\/2025\/05\/Inauguran-la-Semana-de-las-Ciencias-Agricolas-2025_b-1024x768.jpg\" alt=\"\" class=\"wp-image-86838\" srcset=\"https:\/\/diarioavanzada.com.mx\/wp-content\/uploads\/2025\/05\/Inauguran-la-Semana-de-las-Ciencias-Agricolas-2025_b-1024x768.jpg 1024w, https:\/\/diarioavanzada.com.mx\/wp-content\/uploads\/2025\/05\/Inauguran-la-Semana-de-las-Ciencias-Agricolas-2025_b-300x225.jpg 300w, https:\/\/diarioavanzada.com.mx\/wp-content\/uploads\/2025\/05\/Inauguran-la-Semana-de-las-Ciencias-Agricolas-2025_b-768x576.jpg 768w, https:\/\/diarioavanzada.com.mx\/wp-content\/uploads\/2025\/05\/Inauguran-la-Semana-de-las-Ciencias-Agricolas-2025_b-1536x1152.jpg 1536w, https:\/\/diarioavanzada.com.mx\/wp-content\/uploads\/2025\/05\/Inauguran-la-Semana-de-las-Ciencias-Agricolas-2025_b-2048x1536.jpg 2048w, https:\/\/diarioavanzada.com.mx\/wp-content\/uploads\/2025\/05\/Inauguran-la-Semana-de-las-Ciencias-Agricolas-2025_b-1200x900.jpg?crop=1 1200w, https:\/\/diarioavanzada.com.mx\/wp-content\/uploads\/2025\/05\/Inauguran-la-Semana-de-las-Ciencias-Agricolas-2025_b-800x600.jpg?crop=1 800w, https:\/\/diarioavanzada.com.mx\/wp-content\/uploads\/2025\/05\/Inauguran-la-Semana-de-las-Ciencias-Agricolas-2025_b-600x450.jpg?crop=1 600w, https:\/\/diarioavanzada.com.mx\/wp-content\/uploads\/2025\/05\/Inauguran-la-Semana-de-las-Ciencias-Agricolas-2025_b-400x300.jpg?crop=1 400w, https:\/\/diarioavanzada.com.mx\/wp-content\/uploads\/2025\/05\/Inauguran-la-Semana-de-las-Ciencias-Agricolas-2025_b-200x150.jpg?crop=1 200w\" sizes=\"auto, (max-width: 1024px) 100vw, 1024px\" \/><\/figure>\n\n\n\n<p class=\"wp-block-paragraph\"><\/p>\n<div class=\"fb-background-color\">\n\t\t\t  <div \n\t\t\t  \tclass = \"fb-comments\" \n\t\t\t  \tdata-href = \"https:\/\/diarioavanzada.com.mx\/?p=86830\"\n\t\t\t  \tdata-numposts = \"10\"\n\t\t\t  \tdata-lazy = \"true\"\n\t\t\t\tdata-colorscheme = \"light\"\n\t\t\t\tdata-order-by = \"social\"\n\t\t\t\tdata-mobile=true>\n\t\t\t  <\/div><\/div>\n\t\t  <style>\n\t\t    .fb-background-color {\n\t\t\t\tbackground:  !important;\n\t\t\t}\n\t\t\t.fb_iframe_widget_fluid_desktop iframe {\n\t\t\t    width: 100% !important;\n\t\t\t}\n\t\t  <\/style>\n\t\t  ","protected":false},"excerpt":{"rendered":"<p>Del 19 al 22 de mayo, en el campus Tecom\u00e1n, se estar\u00e1 realizando la Semana de las Ciencias Agr\u00edcolas 2025 en la Universidad de Colima. Colima, M\u00e9xico, Comunicado (19\/05\/2025).- Este lunes iniciaron los trabajos de la Semana de las Ciencias Agr\u00edcolas 2025 en la Facultad de Ciencias Biol\u00f3gicas y Agropecuarias (FCBA) de la Universidad de [&hellip;]<\/p>\n","protected":false},"author":7,"featured_media":86843,"comment_status":"closed","ping_status":"closed","sticky":false,"template":"","format":"standard","meta":{"_coblocks_attr":"","_coblocks_dimensions":"","_coblocks_responsive_height":"","_coblocks_accordion_ie_support":"","_crdt_document":"","advanced_seo_description":"","jetpack_seo_html_title":"","jetpack_seo_noindex":false,"_jetpack_memberships_contains_paid_content":false,"footnotes":""},"categories":[19,209,7],"tags":[],"class_list":["post-86830","post","type-post","status-publish","format-standard","has-post-thumbnail","hentry","category-colima","category-importantes","category-noticias"],"jetpack_featured_media_url":"https:\/\/diarioavanzada.com.mx\/wp-content\/uploads\/2025\/05\/76a01033-1d12-4643-a310-28473738be26-1.jpg","jetpack-related-posts":[],"jetpack_sharing_enabled":true,"amp_enabled":true,"_links":{"self":[{"href":"https:\/\/diarioavanzada.com.mx\/index.php?rest_route=\/wp\/v2\/posts\/86830","targetHints":{"allow":["GET"]}}],"collection":[{"href":"https:\/\/diarioavanzada.com.mx\/index.php?rest_route=\/wp\/v2\/posts"}],"about":[{"href":"https:\/\/diarioavanzada.com.mx\/index.php?rest_route=\/wp\/v2\/types\/post"}],"author":[{"embeddable":true,"href":"https:\/\/diarioavanzada.com.mx\/index.php?rest_route=\/wp\/v2\/users\/7"}],"replies":[{"embeddable":true,"href":"https:\/\/diarioavanzada.com.mx\/index.php?rest_route=%2Fwp%2Fv2%2Fcomments&post=86830"}],"version-history":[{"count":4,"href":"https:\/\/diarioavanzada.com.mx\/index.php?rest_route=\/wp\/v2\/posts\/86830\/revisions"}],"predecessor-version":[{"id":86841,"href":"https:\/\/diarioavanzada.com.mx\/index.php?rest_route=\/wp\/v2\/posts\/86830\/revisions\/86841"}],"wp:featuredmedia":[{"embeddable":true,"href":"https:\/\/diarioavanzada.com.mx\/index.php?rest_route=\/wp\/v2\/media\/86843"}],"wp:attachment":[{"href":"https:\/\/diarioavanzada.com.mx\/index.php?rest_route=%2Fwp%2Fv2%2Fmedia&parent=86830"}],"wp:term":[{"taxonomy":"category","embeddable":true,"href":"https:\/\/diarioavanzada.com.mx\/index.php?rest_route=%2Fwp%2Fv2%2Fcategories&post=86830"},{"taxonomy":"post_tag","embeddable":true,"href":"https:\/\/diarioavanzada.com.mx\/index.php?rest_route=%2Fwp%2Fv2%2Ftags&post=86830"}],"curies":[{"name":"wp","href":"https:\/\/api.w.org\/{rel}","templated":true}]}}