{"id":86795,"date":"2025-05-19T18:40:02","date_gmt":"2025-05-20T00:40:02","guid":{"rendered":"https:\/\/diarioavanzada.com.mx\/?p=86795"},"modified":"2025-05-19T18:40:59","modified_gmt":"2025-05-20T00:40:59","slug":"para-morena-marina-del-pilar-es-una-buena-gobernadora","status":"publish","type":"post","link":"https:\/\/diarioavanzada.com.mx\/?p=86795","title":{"rendered":"Para Morena: Marina del Pilar es una \u201cbuena gobernadora\u201d"},"content":{"rendered":"\n<p class=\"p1 wp-block-paragraph\">Colima, M\u00e9xico, Avanzada (19\/05\/2025).- Pese a la masiva manifestaci\u00f3n del s\u00e1bado pasado en la Plaza de los Tres Poderes de Mexicali, donde miles de bajacalifornianos exigieron la renuncia de la gobernadora Marina del Pilar \u00c1vila Olmeda, la dirigencia nacional de Morena asegur\u00f3 este lunes que la mandataria es \u201cuna buena gobernadora, querida por su gente\u201d.<\/p>\n\n\n\n<p class=\"p1 wp-block-paragraph\">Luisa Mar\u00eda Alcalde, presidenta nacional del partido, respondi\u00f3 desde la sede del Comit\u00e9 Ejecutivo Nacional con una declaraci\u00f3n que ha sido percibida como despectiva hacia las y los manifestantes: \u201cPara los que se dedican ahora a hacer carnitas asadas en Baja California, les decimos desde ac\u00e1, desde el SEN de Morena, que respaldamos a nuestra gobernadora Marina del Pilar. La respalda el movimiento, la respalda el partido, pero lo m\u00e1s importante es que la respalda el pueblo de Baja California\u201d.<\/p>\n\n\n\n<p class=\"p1 wp-block-paragraph\">Sin embargo, lo ocurrido el s\u00e1bado parece contradecir esa afirmaci\u00f3n. La protesta ciudadana, convocada exclusivamente por redes sociales y sin participaci\u00f3n de partidos, reuni\u00f3 a familias enteras que, entre m\u00fasica, asadores y pancartas, lanzaron fuertes cr\u00edticas a la gesti\u00f3n de \u00c1vila Olmeda. Las consignas aludieron a la falta de transparencia sobre la revocaci\u00f3n de visas a la gobernadora y su esposo por parte del gobierno de E.U., y exigieron a la canciller\u00eda mexicana explicaciones p\u00fablicas.<\/p>\n\n\n\n<p class=\"p1 wp-block-paragraph\">Lejos de una expresi\u00f3n minoritaria o desorganizada, la movilizaci\u00f3n busc\u00f3 tambi\u00e9n evidenciar que la ciudadan\u00eda puede presionar sin estructuras partidistas. La exigencia de revocaci\u00f3n de mandato fue central, acompa\u00f1ada de un \u00e1nimo festivo que contrast\u00f3 con la gravedad de las denuncias: \u201c\u00bfNo eres narcogober? Demu\u00e9stralo, pon un alto\u201d, dec\u00eda una de las pancartas fotografiadas.<\/p>\n\n\n\n<p class=\"p1 wp-block-paragraph\">La declaraci\u00f3n de Alcalde, que adem\u00e1s desvi\u00f3 la atenci\u00f3n hacia disputas internas del PAN, no abord\u00f3 los se\u00f1alamientos espec\u00edficos ni el creciente malestar social. Al calificar a la protesta como una simple \u201ccarne asada\u201d, la dirigente morenista rest\u00f3 importancia a una de las movilizaciones ciudadanas m\u00e1s grandes del estado en los \u00faltimos a\u00f1os.<\/p>\n\n\n\n<p class=\"p1 wp-block-paragraph\"><\/p>\n\n\n\n<figure class=\"wp-block-video\"><div class=\"wp-block-embed__wrapper\">\n<iframe title=\"VideoPress Video Player\" aria-label='VideoPress Video Player' width='574' height='1000' src='https:\/\/videopress.com\/embed\/1JsdcUf3?cover=1&amp;preloadContent=metadata&amp;useAverageColor=1&amp;hd=0' frameborder='0' allowfullscreen data-resize-to-parent=\"true\" allow='clipboard-write'><\/iframe><script src='https:\/\/v0.wordpress.com\/js\/next\/videopress-iframe.js?m=1739540970'><\/script>\n<\/div><\/figure>\n<div class=\"fb-background-color\">\n\t\t\t  <div \n\t\t\t  \tclass = \"fb-comments\" \n\t\t\t  \tdata-href = \"https:\/\/diarioavanzada.com.mx\/?p=86795\"\n\t\t\t  \tdata-numposts = \"10\"\n\t\t\t  \tdata-lazy = \"true\"\n\t\t\t\tdata-colorscheme = \"light\"\n\t\t\t\tdata-order-by = \"social\"\n\t\t\t\tdata-mobile=true>\n\t\t\t  <\/div><\/div>\n\t\t  <style>\n\t\t    .fb-background-color {\n\t\t\t\tbackground:  !important;\n\t\t\t}\n\t\t\t.fb_iframe_widget_fluid_desktop iframe {\n\t\t\t    width: 100% !important;\n\t\t\t}\n\t\t  <\/style>\n\t\t  ","protected":false},"excerpt":{"rendered":"<p>Colima, M\u00e9xico, Avanzada (19\/05\/2025).- Pese a la masiva manifestaci\u00f3n del s\u00e1bado pasado en la Plaza de los Tres Poderes de Mexicali, donde miles de bajacalifornianos exigieron la renuncia de la gobernadora Marina del Pilar \u00c1vila Olmeda, la dirigencia nacional de Morena asegur\u00f3 este lunes que la mandataria es \u201cuna buena gobernadora, querida por su gente\u201d. [&hellip;]<\/p>\n","protected":false},"author":7,"featured_media":86788,"comment_status":"closed","ping_status":"closed","sticky":false,"template":"","format":"standard","meta":{"_coblocks_attr":"","_coblocks_dimensions":"","_coblocks_responsive_height":"","_coblocks_accordion_ie_support":"","_crdt_document":"","advanced_seo_description":"","jetpack_seo_html_title":"","jetpack_seo_noindex":false,"_jetpack_memberships_contains_paid_content":false,"footnotes":""},"categories":[209,22,7],"tags":[210],"class_list":["post-86795","post","type-post","status-publish","format-standard","has-post-thumbnail","hentry","category-importantes","category-nacion","category-noticias","tag-portada"],"jetpack_featured_media_url":"https:\/\/diarioavanzada.com.mx\/wp-content\/uploads\/2025\/05\/img_2725-1.jpg","jetpack-related-posts":[],"jetpack_sharing_enabled":true,"amp_enabled":true,"_links":{"self":[{"href":"https:\/\/diarioavanzada.com.mx\/index.php?rest_route=\/wp\/v2\/posts\/86795","targetHints":{"allow":["GET"]}}],"collection":[{"href":"https:\/\/diarioavanzada.com.mx\/index.php?rest_route=\/wp\/v2\/posts"}],"about":[{"href":"https:\/\/diarioavanzada.com.mx\/index.php?rest_route=\/wp\/v2\/types\/post"}],"author":[{"embeddable":true,"href":"https:\/\/diarioavanzada.com.mx\/index.php?rest_route=\/wp\/v2\/users\/7"}],"replies":[{"embeddable":true,"href":"https:\/\/diarioavanzada.com.mx\/index.php?rest_route=%2Fwp%2Fv2%2Fcomments&post=86795"}],"version-history":[{"count":1,"href":"https:\/\/diarioavanzada.com.mx\/index.php?rest_route=\/wp\/v2\/posts\/86795\/revisions"}],"predecessor-version":[{"id":86797,"href":"https:\/\/diarioavanzada.com.mx\/index.php?rest_route=\/wp\/v2\/posts\/86795\/revisions\/86797"}],"wp:featuredmedia":[{"embeddable":true,"href":"https:\/\/diarioavanzada.com.mx\/index.php?rest_route=\/wp\/v2\/media\/86788"}],"wp:attachment":[{"href":"https:\/\/diarioavanzada.com.mx\/index.php?rest_route=%2Fwp%2Fv2%2Fmedia&parent=86795"}],"wp:term":[{"taxonomy":"category","embeddable":true,"href":"https:\/\/diarioavanzada.com.mx\/index.php?rest_route=%2Fwp%2Fv2%2Fcategories&post=86795"},{"taxonomy":"post_tag","embeddable":true,"href":"https:\/\/diarioavanzada.com.mx\/index.php?rest_route=%2Fwp%2Fv2%2Ftags&post=86795"}],"curies":[{"name":"wp","href":"https:\/\/api.w.org\/{rel}","templated":true}]}}