{"id":86763,"date":"2025-05-19T08:52:52","date_gmt":"2025-05-19T14:52:52","guid":{"rendered":"https:\/\/diarioavanzada.com.mx\/?p=86763"},"modified":"2025-05-19T08:52:52","modified_gmt":"2025-05-19T14:52:52","slug":"ya-estas-avisado-te-vamos-a-matar-amenazan-al-alcalde-de-piedras-negras","status":"publish","type":"post","link":"https:\/\/diarioavanzada.com.mx\/?p=86763","title":{"rendered":"\u201cYa est\u00e1s avisado\u201d, \u201cte vamos a matar\u201d: Amenazan al alcalde de Piedras Negras"},"content":{"rendered":"\n<p class=\"p1 wp-block-paragraph\">Coahuila, M\u00e9xico, Avanzada (19\/05\/2025).- La Fiscal\u00eda General del Estado de Coahuila confirm\u00f3 que inici\u00f3 una investigaci\u00f3n para identificar al autor de amenazas de muerte dirigidas al presidente municipal de Piedras Negras, Carlos Jacobo Rodr\u00edguez Gonz\u00e1lez, durante una transmisi\u00f3n en vivo en redes sociales.<\/p>\n\n\n\n<p class=\"p1 wp-block-paragraph\">El edil morenista realizaba una transmisi\u00f3n a trav\u00e9s de su cuenta oficial de Facebook, en el marco del arranque de la Cabalgata del Norte, cuando comenzaron a aparecer mensajes amenazantes en los comentarios del video. Entre las frases que se leyeron estaban \u201cYa est\u00e1s avisado\u201d, \u201cVan a hacer el atentado\u201d y \u201cte vamos a matar\u201d, supuestamente enviadas por una cuenta bajo el nombre de usuario \u201cAlex\u201d.<\/p>\n\n\n\n<p class=\"p1 wp-block-paragraph\">La situaci\u00f3n gener\u00f3 preocupaci\u00f3n entre los usuarios que presenciaban la transmisi\u00f3n en tiempo real. El perfil desde el cual se emitieron las amenazas conten\u00eda informaci\u00f3n que indicaba que la persona resid\u00eda en el municipio de Allende, tambi\u00e9n en Coahuila, aunque actualmente ya fue restringido.<\/p>\n\n\n\n<p class=\"p1 wp-block-paragraph\">En respuesta a lo ocurrido, Rodr\u00edguez Gonz\u00e1lez public\u00f3 un mensaje dirigido a quienes lo amenazaron: \u201c\u00a1M\u00e1s grande es El que est\u00e1 conmigo!\u201d, dejando ver que no se dejar\u00e1 intimidar.<\/p>\n\n\n\n<p class=\"p1 wp-block-paragraph\">El fiscal estatal, Federico Fern\u00e1ndez Monta\u00f1ez, declar\u00f3 que la denuncia ya est\u00e1 siendo atendida por la Polic\u00eda Cibern\u00e9tica y otras \u00e1reas especializadas. Asegur\u00f3 que no se est\u00e1 restando importancia al caso y se trabaja con rigor para dar con el responsable.<\/p>\n\n\n\n<p class=\"p1 wp-block-paragraph\">\u201cSe trata de una cuenta falsa en Facebook. La estamos investigando a trav\u00e9s de los canales correspondientes\u201d, puntualiz\u00f3 el titular de la FGE.<\/p>\n\n\n\n<p class=\"p1 wp-block-paragraph\">Hasta el momento no se han revelado m\u00e1s detalles sobre el posible origen o motivaci\u00f3n de las amenazas, pero las autoridades aseguran que el caso se mantiene bajo seguimiento.<\/p>\n\n\n\n<figure class=\"wp-block-image size-large\"><img loading=\"lazy\" decoding=\"async\" width=\"460\" height=\"960\" src=\"https:\/\/diarioavanzada.com.mx\/wp-content\/uploads\/2025\/05\/img_8641-1.jpg\" alt=\"\" class=\"wp-image-86760\" srcset=\"https:\/\/diarioavanzada.com.mx\/wp-content\/uploads\/2025\/05\/img_8641-1.jpg 460w, https:\/\/diarioavanzada.com.mx\/wp-content\/uploads\/2025\/05\/img_8641-1-144x300.jpg 144w\" sizes=\"auto, (max-width: 460px) 100vw, 460px\" \/><\/figure>\n\n\n\n<figure class=\"wp-block-image size-large\"><img loading=\"lazy\" decoding=\"async\" width=\"1024\" height=\"595\" src=\"https:\/\/diarioavanzada.com.mx\/wp-content\/uploads\/2025\/05\/img_8642-1-1024x595.jpg\" alt=\"\" class=\"wp-image-86761\" srcset=\"https:\/\/diarioavanzada.com.mx\/wp-content\/uploads\/2025\/05\/img_8642-1-1024x595.jpg 1024w, https:\/\/diarioavanzada.com.mx\/wp-content\/uploads\/2025\/05\/img_8642-1-300x174.jpg 300w, https:\/\/diarioavanzada.com.mx\/wp-content\/uploads\/2025\/05\/img_8642-1-768x446.jpg 768w, https:\/\/diarioavanzada.com.mx\/wp-content\/uploads\/2025\/05\/img_8642-1.jpg 1101w\" sizes=\"auto, (max-width: 1024px) 100vw, 1024px\" \/><\/figure>\n<div class=\"fb-background-color\">\n\t\t\t  <div \n\t\t\t  \tclass = \"fb-comments\" \n\t\t\t  \tdata-href = \"https:\/\/diarioavanzada.com.mx\/?p=86763\"\n\t\t\t  \tdata-numposts = \"10\"\n\t\t\t  \tdata-lazy = \"true\"\n\t\t\t\tdata-colorscheme = \"light\"\n\t\t\t\tdata-order-by = \"social\"\n\t\t\t\tdata-mobile=true>\n\t\t\t  <\/div><\/div>\n\t\t  <style>\n\t\t    .fb-background-color {\n\t\t\t\tbackground:  !important;\n\t\t\t}\n\t\t\t.fb_iframe_widget_fluid_desktop iframe {\n\t\t\t    width: 100% !important;\n\t\t\t}\n\t\t  <\/style>\n\t\t  ","protected":false},"excerpt":{"rendered":"<p>Coahuila, M\u00e9xico, Avanzada (19\/05\/2025).- La Fiscal\u00eda General del Estado de Coahuila confirm\u00f3 que inici\u00f3 una investigaci\u00f3n para identificar al autor de amenazas de muerte dirigidas al presidente municipal de Piedras Negras, Carlos Jacobo Rodr\u00edguez Gonz\u00e1lez, durante una transmisi\u00f3n en vivo en redes sociales. El edil morenista realizaba una transmisi\u00f3n a trav\u00e9s de su cuenta oficial [&hellip;]<\/p>\n","protected":false},"author":7,"featured_media":86762,"comment_status":"closed","ping_status":"closed","sticky":false,"template":"","format":"standard","meta":{"_coblocks_attr":"","_coblocks_dimensions":"","_coblocks_responsive_height":"","_coblocks_accordion_ie_support":"","_crdt_document":"","advanced_seo_description":"","jetpack_seo_html_title":"","jetpack_seo_noindex":false,"_jetpack_memberships_contains_paid_content":false,"footnotes":""},"categories":[22,7,231],"tags":[210],"class_list":["post-86763","post","type-post","status-publish","format-standard","has-post-thumbnail","hentry","category-nacion","category-noticias","category-seguridad","tag-portada"],"jetpack_featured_media_url":"https:\/\/diarioavanzada.com.mx\/wp-content\/uploads\/2025\/05\/img_8644-1.jpg","jetpack-related-posts":[],"jetpack_sharing_enabled":true,"amp_enabled":true,"_links":{"self":[{"href":"https:\/\/diarioavanzada.com.mx\/index.php?rest_route=\/wp\/v2\/posts\/86763","targetHints":{"allow":["GET"]}}],"collection":[{"href":"https:\/\/diarioavanzada.com.mx\/index.php?rest_route=\/wp\/v2\/posts"}],"about":[{"href":"https:\/\/diarioavanzada.com.mx\/index.php?rest_route=\/wp\/v2\/types\/post"}],"author":[{"embeddable":true,"href":"https:\/\/diarioavanzada.com.mx\/index.php?rest_route=\/wp\/v2\/users\/7"}],"replies":[{"embeddable":true,"href":"https:\/\/diarioavanzada.com.mx\/index.php?rest_route=%2Fwp%2Fv2%2Fcomments&post=86763"}],"version-history":[{"count":2,"href":"https:\/\/diarioavanzada.com.mx\/index.php?rest_route=\/wp\/v2\/posts\/86763\/revisions"}],"predecessor-version":[{"id":86765,"href":"https:\/\/diarioavanzada.com.mx\/index.php?rest_route=\/wp\/v2\/posts\/86763\/revisions\/86765"}],"wp:featuredmedia":[{"embeddable":true,"href":"https:\/\/diarioavanzada.com.mx\/index.php?rest_route=\/wp\/v2\/media\/86762"}],"wp:attachment":[{"href":"https:\/\/diarioavanzada.com.mx\/index.php?rest_route=%2Fwp%2Fv2%2Fmedia&parent=86763"}],"wp:term":[{"taxonomy":"category","embeddable":true,"href":"https:\/\/diarioavanzada.com.mx\/index.php?rest_route=%2Fwp%2Fv2%2Fcategories&post=86763"},{"taxonomy":"post_tag","embeddable":true,"href":"https:\/\/diarioavanzada.com.mx\/index.php?rest_route=%2Fwp%2Fv2%2Ftags&post=86763"}],"curies":[{"name":"wp","href":"https:\/\/api.w.org\/{rel}","templated":true}]}}