{"id":86702,"date":"2025-05-19T19:22:20","date_gmt":"2025-05-20T01:22:20","guid":{"rendered":"https:\/\/diarioavanzada.com.mx\/?p=86702"},"modified":"2025-05-19T19:27:23","modified_gmt":"2025-05-20T01:27:23","slug":"la-enfermeria-es-esencial-invaluable-e-insustituible-para-el-bienestar-rector","status":"publish","type":"post","link":"https:\/\/diarioavanzada.com.mx\/?p=86702","title":{"rendered":"La enfermer\u00eda es esencial, invaluable e insustituible para el bienestar: Rector"},"content":{"rendered":"\n<p class=\"wp-block-paragraph\"><em>Inauguran la XXXIII Semana de Enfermer\u00eda, bajo el lema: \u201cCuidar con bienestar: Innovar y salud mental para un futuro sostenible en Enfermer\u00eda\u201d.<\/em><\/p>\n\n\n\n<p class=\"wp-block-paragraph\">Colima, M\u00e9xico, Comunicado (19\/05\/2025).- Este lunes, el rector de la Universidad de Colima, Christian Torres Ortiz Zerme\u00f1o, inaugur\u00f3 la XXXIII Semana de Enfermer\u00eda, \u201cDra. Noemi Alcaraz Moreno\u201d, en el Paraninfo Universitario. Durante esta edici\u00f3n, la n\u00famero 33, se realizar\u00e1n 28 talleres, 5 conferencias plenarias, presentaci\u00f3n de carteles, panel de an\u00e1lisis de investigaci\u00f3n, adem\u00e1s de actividades culturales y deportivas que reflejan la riqueza la riqueza de la enfermer\u00eda.<\/p>\n\n\n\n<p class=\"wp-block-paragraph\">Bajo el lema \u201cCuidar con bienestar: Innovar y salud mental para un futuro sostenible en Enfermer\u00eda\u201d, la Facultad de Enfermer\u00eda, as\u00ed como instituciones de salud y educaci\u00f3n del estado en el \u00e1rea de la salud, se suman a la conmemoraci\u00f3n del D\u00eda Internacional de la Enfermer\u00eda. Por ello Juan Carlos Ponce Rodr\u00edguez, director de la Facultad de Enfermer\u00eda, agradeci\u00f3 la participaci\u00f3n de las y los enfermeros.<\/p>\n\n\n\n<p class=\"wp-block-paragraph\">Este evento, dijo, \u201cno s\u00f3lo representa una tradici\u00f3n institucional, sino tambi\u00e9n una oportunidad invaluable para reafirmar el compromiso que tenemos con la excelencia, la actualizaci\u00f3n continua, el compromiso con la responsabilidad social y la generaci\u00f3n de conocimiento desde la pr\u00e1ctica del cuidado hol\u00edstico y humanizado\u201d.<\/p>\n\n\n\n<p class=\"wp-block-paragraph\">Ponce Rodr\u00edguez reconoci\u00f3 el trabajo del comit\u00e9 organizador, por crear una serie de actividades que representan el esp\u00edritu de la comunidad de enfermer\u00eda, \u201cuna facultad en movimiento y proyect\u00e1ndose hac\u00eda el futuro\u201d, sobre todo en estos tiempos que requieren de \u201cvoces cr\u00edticas, mentes creativas y corazones firmes. Estamos llamados a liderar procesos transformadores en salud, desde una mirada \u00e9tica, cient\u00edfica y profundamente humana, todo esto a trav\u00e9s de la innovaci\u00f3n social\u201d.<\/p>\n\n\n\n<p class=\"wp-block-paragraph\">El rector de la Universidad de Colima pidi\u00f3 a los j\u00f3venes estudiantes, aprovechar las charlas y los talleres. \u201cSon una inversi\u00f3n en su futuro, una oportunidad para adquirir nuevas herramientas, conocer las \u00faltimas tendencias y fortalecer su red de contactos\u201d. Los conocimientos que se adquieren d\u00eda a d\u00eda -coment\u00f3- \u201cson trascendentales, pues la enfermer\u00eda es esencial, invaluable e insustituible para el bienestar de nuestra sociedad colimense y m\u00e1s all\u00e1. Ustedes son ya parte de un futuro m\u00e1s saludable y humano\u201d.<\/p>\n\n\n\n<p class=\"wp-block-paragraph\">Finalmente, felicit\u00f3 y reconoci\u00f3 a la doctora Noemi Alcaraz Moreno, homenajeada en este evento. \u201cNo hay mejor satisfacci\u00f3n como docente que el ser reconocido y honrado por sus propios estudiantes, enhorabuena a ella y a todo el cuerpo docente y directivo de la Facultad de Enfermer\u00eda\u201d.<\/p>\n\n\n\n<p class=\"wp-block-paragraph\">El pres\u00eddium estuvo integrado por Susana Aurelia Preciado, coordinadora general de Docencia; Juan Diego Gayt\u00e1n, delegado del campus Colima; Mario de Anda, director general de Educaci\u00f3n Superior; el estudiante Alejandro Novela, presidente de la FEC; Jos\u00e9 De Jes\u00fas Jim\u00e9nez, por el SUTUC; Noemi Alcaraz, nombre de la edici\u00f3n 33 de la semana de enfermer\u00eda, Jos\u00e9 de Jes\u00fas Valencia, coordinador del evento y la estudiante Mildred Ochoa, representante estudiantil de este plantel.<\/p>\n\n\n\n<p class=\"wp-block-paragraph\">Adem\u00e1s, asistieron Karina Aguilar, directora de la Escuela T\u00e9cnica de Enfermer\u00eda; Marcos Efra\u00edn, del Instituto Benito Ju\u00e1rez Campus Colima y Hugo Trinidad Verduzco, del Conalep, as\u00ed como jefes de ense\u00f1anza del sector salud.<\/p>\n\n\n\n<figure class=\"wp-block-image size-large\"><img loading=\"lazy\" decoding=\"async\" width=\"1024\" height=\"683\" src=\"https:\/\/diarioavanzada.com.mx\/wp-content\/uploads\/2025\/05\/Inaugura-rector-33-Semana-de-Enfermeria_c-1024x683.jpg\" alt=\"\" class=\"wp-image-86802\" srcset=\"https:\/\/diarioavanzada.com.mx\/wp-content\/uploads\/2025\/05\/Inaugura-rector-33-Semana-de-Enfermeria_c-1024x683.jpg 1024w, https:\/\/diarioavanzada.com.mx\/wp-content\/uploads\/2025\/05\/Inaugura-rector-33-Semana-de-Enfermeria_c-300x200.jpg 300w, https:\/\/diarioavanzada.com.mx\/wp-content\/uploads\/2025\/05\/Inaugura-rector-33-Semana-de-Enfermeria_c-768x512.jpg 768w, https:\/\/diarioavanzada.com.mx\/wp-content\/uploads\/2025\/05\/Inaugura-rector-33-Semana-de-Enfermeria_c-1200x800.jpg 1200w, https:\/\/diarioavanzada.com.mx\/wp-content\/uploads\/2025\/05\/Inaugura-rector-33-Semana-de-Enfermeria_c.jpg 1224w\" sizes=\"auto, (max-width: 1024px) 100vw, 1024px\" \/><\/figure>\n\n\n\n<figure class=\"wp-block-image size-large\"><img loading=\"lazy\" decoding=\"async\" width=\"1024\" height=\"683\" src=\"https:\/\/diarioavanzada.com.mx\/wp-content\/uploads\/2025\/05\/Inaugura-rector-33-Semana-de-Enfermeria_Ponce-1024x683.jpg\" alt=\"\" class=\"wp-image-86803\" srcset=\"https:\/\/diarioavanzada.com.mx\/wp-content\/uploads\/2025\/05\/Inaugura-rector-33-Semana-de-Enfermeria_Ponce-1024x683.jpg 1024w, https:\/\/diarioavanzada.com.mx\/wp-content\/uploads\/2025\/05\/Inaugura-rector-33-Semana-de-Enfermeria_Ponce-300x200.jpg 300w, https:\/\/diarioavanzada.com.mx\/wp-content\/uploads\/2025\/05\/Inaugura-rector-33-Semana-de-Enfermeria_Ponce-768x512.jpg 768w, https:\/\/diarioavanzada.com.mx\/wp-content\/uploads\/2025\/05\/Inaugura-rector-33-Semana-de-Enfermeria_Ponce-1200x800.jpg 1200w, https:\/\/diarioavanzada.com.mx\/wp-content\/uploads\/2025\/05\/Inaugura-rector-33-Semana-de-Enfermeria_Ponce.jpg 1224w\" sizes=\"auto, (max-width: 1024px) 100vw, 1024px\" \/><\/figure>\n\n\n\n<figure class=\"wp-block-image size-large\"><img loading=\"lazy\" decoding=\"async\" width=\"1024\" height=\"683\" src=\"https:\/\/diarioavanzada.com.mx\/wp-content\/uploads\/2025\/05\/Inaugura-rector-33-Semana-de-Enfermeria_a-1024x683.jpg\" alt=\"\" class=\"wp-image-86804\" srcset=\"https:\/\/diarioavanzada.com.mx\/wp-content\/uploads\/2025\/05\/Inaugura-rector-33-Semana-de-Enfermeria_a-1024x683.jpg 1024w, https:\/\/diarioavanzada.com.mx\/wp-content\/uploads\/2025\/05\/Inaugura-rector-33-Semana-de-Enfermeria_a-300x200.jpg 300w, https:\/\/diarioavanzada.com.mx\/wp-content\/uploads\/2025\/05\/Inaugura-rector-33-Semana-de-Enfermeria_a-768x512.jpg 768w, https:\/\/diarioavanzada.com.mx\/wp-content\/uploads\/2025\/05\/Inaugura-rector-33-Semana-de-Enfermeria_a-1200x800.jpg 1200w, https:\/\/diarioavanzada.com.mx\/wp-content\/uploads\/2025\/05\/Inaugura-rector-33-Semana-de-Enfermeria_a.jpg 1224w\" sizes=\"auto, (max-width: 1024px) 100vw, 1024px\" \/><\/figure>\n\n\n\n<figure class=\"wp-block-image size-large\"><img loading=\"lazy\" decoding=\"async\" width=\"1024\" height=\"683\" src=\"https:\/\/diarioavanzada.com.mx\/wp-content\/uploads\/2025\/05\/Inaugura-rector-33-Semana-de-Enfermeria_b-1024x683.jpg\" alt=\"\" class=\"wp-image-86805\" srcset=\"https:\/\/diarioavanzada.com.mx\/wp-content\/uploads\/2025\/05\/Inaugura-rector-33-Semana-de-Enfermeria_b-1024x683.jpg 1024w, https:\/\/diarioavanzada.com.mx\/wp-content\/uploads\/2025\/05\/Inaugura-rector-33-Semana-de-Enfermeria_b-300x200.jpg 300w, https:\/\/diarioavanzada.com.mx\/wp-content\/uploads\/2025\/05\/Inaugura-rector-33-Semana-de-Enfermeria_b-768x512.jpg 768w, https:\/\/diarioavanzada.com.mx\/wp-content\/uploads\/2025\/05\/Inaugura-rector-33-Semana-de-Enfermeria_b-1200x800.jpg 1200w, https:\/\/diarioavanzada.com.mx\/wp-content\/uploads\/2025\/05\/Inaugura-rector-33-Semana-de-Enfermeria_b.jpg 1224w\" sizes=\"auto, (max-width: 1024px) 100vw, 1024px\" \/><\/figure>\n<div class=\"fb-background-color\">\n\t\t\t  <div \n\t\t\t  \tclass = \"fb-comments\" \n\t\t\t  \tdata-href = \"https:\/\/diarioavanzada.com.mx\/?p=86702\"\n\t\t\t  \tdata-numposts = \"10\"\n\t\t\t  \tdata-lazy = \"true\"\n\t\t\t\tdata-colorscheme = \"light\"\n\t\t\t\tdata-order-by = \"social\"\n\t\t\t\tdata-mobile=true>\n\t\t\t  <\/div><\/div>\n\t\t  <style>\n\t\t    .fb-background-color {\n\t\t\t\tbackground:  !important;\n\t\t\t}\n\t\t\t.fb_iframe_widget_fluid_desktop iframe {\n\t\t\t    width: 100% !important;\n\t\t\t}\n\t\t  <\/style>\n\t\t  ","protected":false},"excerpt":{"rendered":"<p>Inauguran la XXXIII Semana de Enfermer\u00eda, bajo el lema: \u201cCuidar con bienestar: Innovar y salud mental para un futuro sostenible en Enfermer\u00eda\u201d. Colima, M\u00e9xico, Comunicado (19\/05\/2025).- Este lunes, el rector de la Universidad de Colima, Christian Torres Ortiz Zerme\u00f1o, inaugur\u00f3 la XXXIII Semana de Enfermer\u00eda, \u201cDra. Noemi Alcaraz Moreno\u201d, en el Paraninfo Universitario. Durante esta [&hellip;]<\/p>\n","protected":false},"author":7,"featured_media":86808,"comment_status":"closed","ping_status":"closed","sticky":false,"template":"","format":"standard","meta":{"_coblocks_attr":"","_coblocks_dimensions":"","_coblocks_responsive_height":"","_coblocks_accordion_ie_support":"","_crdt_document":"","advanced_seo_description":"","jetpack_seo_html_title":"","jetpack_seo_noindex":false,"_jetpack_memberships_contains_paid_content":false,"footnotes":""},"categories":[19,209,7],"tags":[],"class_list":["post-86702","post","type-post","status-publish","format-standard","has-post-thumbnail","hentry","category-colima","category-importantes","category-noticias"],"jetpack_featured_media_url":"https:\/\/diarioavanzada.com.mx\/wp-content\/uploads\/2025\/05\/3432a3eb-9d1f-4391-92de-78a503cdf190-1.jpg","jetpack-related-posts":[],"jetpack_sharing_enabled":true,"amp_enabled":true,"_links":{"self":[{"href":"https:\/\/diarioavanzada.com.mx\/index.php?rest_route=\/wp\/v2\/posts\/86702","targetHints":{"allow":["GET"]}}],"collection":[{"href":"https:\/\/diarioavanzada.com.mx\/index.php?rest_route=\/wp\/v2\/posts"}],"about":[{"href":"https:\/\/diarioavanzada.com.mx\/index.php?rest_route=\/wp\/v2\/types\/post"}],"author":[{"embeddable":true,"href":"https:\/\/diarioavanzada.com.mx\/index.php?rest_route=\/wp\/v2\/users\/7"}],"replies":[{"embeddable":true,"href":"https:\/\/diarioavanzada.com.mx\/index.php?rest_route=%2Fwp%2Fv2%2Fcomments&post=86702"}],"version-history":[{"count":3,"href":"https:\/\/diarioavanzada.com.mx\/index.php?rest_route=\/wp\/v2\/posts\/86702\/revisions"}],"predecessor-version":[{"id":86812,"href":"https:\/\/diarioavanzada.com.mx\/index.php?rest_route=\/wp\/v2\/posts\/86702\/revisions\/86812"}],"wp:featuredmedia":[{"embeddable":true,"href":"https:\/\/diarioavanzada.com.mx\/index.php?rest_route=\/wp\/v2\/media\/86808"}],"wp:attachment":[{"href":"https:\/\/diarioavanzada.com.mx\/index.php?rest_route=%2Fwp%2Fv2%2Fmedia&parent=86702"}],"wp:term":[{"taxonomy":"category","embeddable":true,"href":"https:\/\/diarioavanzada.com.mx\/index.php?rest_route=%2Fwp%2Fv2%2Fcategories&post=86702"},{"taxonomy":"post_tag","embeddable":true,"href":"https:\/\/diarioavanzada.com.mx\/index.php?rest_route=%2Fwp%2Fv2%2Ftags&post=86702"}],"curies":[{"name":"wp","href":"https:\/\/api.w.org\/{rel}","templated":true}]}}