{"id":86683,"date":"2025-05-18T20:26:49","date_gmt":"2025-05-19T02:26:49","guid":{"rendered":"https:\/\/diarioavanzada.com.mx\/?p=86683"},"modified":"2025-05-18T20:26:49","modified_gmt":"2025-05-19T02:26:49","slug":"registra-concurrida-asistencia-callejoneada-entre-museos","status":"publish","type":"post","link":"https:\/\/diarioavanzada.com.mx\/?p=86683","title":{"rendered":"Registra concurrida asistencia Callejoneada entre museos"},"content":{"rendered":"\n<p class=\"wp-block-paragraph\"><em>Esta actividad, completamente gratuita y de car\u00e1cter familiar, est\u00e1 consolid\u00e1ndose como una propuesta que promueve la apropiaci\u00f3n del espacio p\u00fablico, el conocimiento del patrimonio cultural y la vinculaci\u00f3n de los museos con sus diversas audiencias.<\/em><\/p>\n\n\n\n<p class=\"wp-block-paragraph\">Colima, M\u00e9xico, Comunicado (18\/05\/2025).- Con una concurrida participaci\u00f3n, se llev\u00f3 a cabo con \u00e9xito la segunda edici\u00f3n de la Callejoneada entre museos, organizada en el marco del D\u00eda Internacional de los Museos. El evento, que tuvo lugar este s\u00e1bado 17 de mayo, reuni\u00f3 a p\u00fablicos de todas las edades en un recorrido cultural por distintos recintos muse\u00edsticos de la ciudad capital.<\/p>\n\n\n\n<p class=\"wp-block-paragraph\">La caminata comenz\u00f3 a las 5 de la tarde en la explanada del Instituto Universitario de Bellas Artes (IUBA) y concluy\u00f3 en el Museo Regional de Historia de Colima, luego de un itinerario que incluy\u00f3 sitios hist\u00f3ricos de la ciudad, intervenciones art\u00edsticas, m\u00fasica en vivo, teatro, danza folcl\u00f3rica y visitas guiadas a los museos participantes.<\/p>\n\n\n\n<p class=\"wp-block-paragraph\">Durante el recorrido, las y los asistentes pudieron conocer a fondo la oferta cultural de espacios de la Universidad de Colima como el Museo Universitario \u201cFernando del Paso\u201d, donde se ofrecieron visitas guiadas que incluyeron una exposici\u00f3n del acervo donado por el autor, conformado por m\u00e1s de 3,500 piezas. A esto se sumaron las exposiciones temporales, entre ellas una muestra fotogr\u00e1fica de la artista Patricia Aridjis, \u201cMujeres de Peso\u201d.<\/p>\n\n\n\n<p class=\"wp-block-paragraph\">La comitiva tambi\u00e9n visit\u00f3 el Museo Universitario de Artes Populares \u201cMar\u00eda Teresa Pomar\u201d, que destaca por su muestra dedicada al arte popular de Colima y de los pueblos originarios, adem\u00e1s de ofrecer actividades musicales y culturales que sorprendieron a las y los asistentes.<\/p>\n\n\n\n<p class=\"wp-block-paragraph\">La Pinacoteca Universitaria, el Museo Palacio y el Museo Regional de Historia tambi\u00e9n formaron parte del circuito, con estaciones que ofrecieron desde recorridos sobre la historia arquitect\u00f3nica del centro hist\u00f3rico hasta presentaciones de ballet folcl\u00f3rico y charlas con artistas contempor\u00e1neos.<\/p>\n\n\n\n<p class=\"wp-block-paragraph\">La actividad, completamente gratuita y de car\u00e1cter familiar, est\u00e1 consolid\u00e1ndose como una propuesta que promueve la apropiaci\u00f3n del espacio p\u00fablico, el conocimiento del patrimonio cultural y la vinculaci\u00f3n de los museos con sus diversas comunidades.<\/p>\n\n\n\n<figure class=\"wp-block-image size-large\"><img loading=\"lazy\" decoding=\"async\" width=\"1024\" height=\"460\" src=\"https:\/\/diarioavanzada.com.mx\/wp-content\/uploads\/2025\/05\/Registra-concurrida-asistencia-Callejoneada-entre-museos-1024x460.jpg\" alt=\"\" class=\"wp-image-86686\" srcset=\"https:\/\/diarioavanzada.com.mx\/wp-content\/uploads\/2025\/05\/Registra-concurrida-asistencia-Callejoneada-entre-museos-1024x460.jpg 1024w, https:\/\/diarioavanzada.com.mx\/wp-content\/uploads\/2025\/05\/Registra-concurrida-asistencia-Callejoneada-entre-museos-300x135.jpg 300w, https:\/\/diarioavanzada.com.mx\/wp-content\/uploads\/2025\/05\/Registra-concurrida-asistencia-Callejoneada-entre-museos-768x345.jpg 768w, https:\/\/diarioavanzada.com.mx\/wp-content\/uploads\/2025\/05\/Registra-concurrida-asistencia-Callejoneada-entre-museos-1536x690.jpg 1536w, https:\/\/diarioavanzada.com.mx\/wp-content\/uploads\/2025\/05\/Registra-concurrida-asistencia-Callejoneada-entre-museos-1200x539.jpg 1200w, https:\/\/diarioavanzada.com.mx\/wp-content\/uploads\/2025\/05\/Registra-concurrida-asistencia-Callejoneada-entre-museos.jpg 1600w\" sizes=\"auto, (max-width: 1024px) 100vw, 1024px\" \/><\/figure>\n\n\n\n<figure class=\"wp-block-image size-large\"><img loading=\"lazy\" decoding=\"async\" width=\"1024\" height=\"461\" src=\"https:\/\/diarioavanzada.com.mx\/wp-content\/uploads\/2025\/05\/Registra-concurrida-asistencia-Callejoneada-entre-museos_a-1024x461.jpg\" alt=\"\" class=\"wp-image-86687\" srcset=\"https:\/\/diarioavanzada.com.mx\/wp-content\/uploads\/2025\/05\/Registra-concurrida-asistencia-Callejoneada-entre-museos_a-1024x461.jpg 1024w, https:\/\/diarioavanzada.com.mx\/wp-content\/uploads\/2025\/05\/Registra-concurrida-asistencia-Callejoneada-entre-museos_a-300x135.jpg 300w, https:\/\/diarioavanzada.com.mx\/wp-content\/uploads\/2025\/05\/Registra-concurrida-asistencia-Callejoneada-entre-museos_a-768x346.jpg 768w, https:\/\/diarioavanzada.com.mx\/wp-content\/uploads\/2025\/05\/Registra-concurrida-asistencia-Callejoneada-entre-museos_a-1536x692.jpg 1536w, https:\/\/diarioavanzada.com.mx\/wp-content\/uploads\/2025\/05\/Registra-concurrida-asistencia-Callejoneada-entre-museos_a-1200x541.jpg 1200w, https:\/\/diarioavanzada.com.mx\/wp-content\/uploads\/2025\/05\/Registra-concurrida-asistencia-Callejoneada-entre-museos_a.jpg 1600w\" sizes=\"auto, (max-width: 1024px) 100vw, 1024px\" \/><\/figure>\n\n\n\n<figure class=\"wp-block-image size-large\"><img loading=\"lazy\" decoding=\"async\" width=\"1024\" height=\"461\" src=\"https:\/\/diarioavanzada.com.mx\/wp-content\/uploads\/2025\/05\/Registra-concurrida-asistencia-Callejoneada-entre-museos_b-1024x461.jpg\" alt=\"\" class=\"wp-image-86689\" srcset=\"https:\/\/diarioavanzada.com.mx\/wp-content\/uploads\/2025\/05\/Registra-concurrida-asistencia-Callejoneada-entre-museos_b-1024x461.jpg 1024w, https:\/\/diarioavanzada.com.mx\/wp-content\/uploads\/2025\/05\/Registra-concurrida-asistencia-Callejoneada-entre-museos_b-300x135.jpg 300w, https:\/\/diarioavanzada.com.mx\/wp-content\/uploads\/2025\/05\/Registra-concurrida-asistencia-Callejoneada-entre-museos_b-768x346.jpg 768w, https:\/\/diarioavanzada.com.mx\/wp-content\/uploads\/2025\/05\/Registra-concurrida-asistencia-Callejoneada-entre-museos_b-1536x692.jpg 1536w, https:\/\/diarioavanzada.com.mx\/wp-content\/uploads\/2025\/05\/Registra-concurrida-asistencia-Callejoneada-entre-museos_b-1200x541.jpg 1200w, https:\/\/diarioavanzada.com.mx\/wp-content\/uploads\/2025\/05\/Registra-concurrida-asistencia-Callejoneada-entre-museos_b.jpg 1600w\" sizes=\"auto, (max-width: 1024px) 100vw, 1024px\" \/><\/figure>\n\n\n\n<figure class=\"wp-block-image size-large\"><img loading=\"lazy\" decoding=\"async\" width=\"1024\" height=\"461\" src=\"https:\/\/diarioavanzada.com.mx\/wp-content\/uploads\/2025\/05\/Registra-concurrida-asistencia-Callejoneada-entre-museos_e-1024x461.jpg\" alt=\"\" class=\"wp-image-86690\" srcset=\"https:\/\/diarioavanzada.com.mx\/wp-content\/uploads\/2025\/05\/Registra-concurrida-asistencia-Callejoneada-entre-museos_e-1024x461.jpg 1024w, https:\/\/diarioavanzada.com.mx\/wp-content\/uploads\/2025\/05\/Registra-concurrida-asistencia-Callejoneada-entre-museos_e-300x135.jpg 300w, https:\/\/diarioavanzada.com.mx\/wp-content\/uploads\/2025\/05\/Registra-concurrida-asistencia-Callejoneada-entre-museos_e-768x346.jpg 768w, https:\/\/diarioavanzada.com.mx\/wp-content\/uploads\/2025\/05\/Registra-concurrida-asistencia-Callejoneada-entre-museos_e-1536x692.jpg 1536w, https:\/\/diarioavanzada.com.mx\/wp-content\/uploads\/2025\/05\/Registra-concurrida-asistencia-Callejoneada-entre-museos_e-1200x541.jpg 1200w, https:\/\/diarioavanzada.com.mx\/wp-content\/uploads\/2025\/05\/Registra-concurrida-asistencia-Callejoneada-entre-museos_e.jpg 1600w\" sizes=\"auto, (max-width: 1024px) 100vw, 1024px\" \/><\/figure>\n<div class=\"fb-background-color\">\n\t\t\t  <div \n\t\t\t  \tclass = \"fb-comments\" \n\t\t\t  \tdata-href = \"https:\/\/diarioavanzada.com.mx\/?p=86683\"\n\t\t\t  \tdata-numposts = \"10\"\n\t\t\t  \tdata-lazy = \"true\"\n\t\t\t\tdata-colorscheme = \"light\"\n\t\t\t\tdata-order-by = \"social\"\n\t\t\t\tdata-mobile=true>\n\t\t\t  <\/div><\/div>\n\t\t  <style>\n\t\t    .fb-background-color {\n\t\t\t\tbackground:  !important;\n\t\t\t}\n\t\t\t.fb_iframe_widget_fluid_desktop iframe {\n\t\t\t    width: 100% !important;\n\t\t\t}\n\t\t  <\/style>\n\t\t  ","protected":false},"excerpt":{"rendered":"<p>Esta actividad, completamente gratuita y de car\u00e1cter familiar, est\u00e1 consolid\u00e1ndose como una propuesta que promueve la apropiaci\u00f3n del espacio p\u00fablico, el conocimiento del patrimonio cultural y la vinculaci\u00f3n de los museos con sus diversas audiencias. Colima, M\u00e9xico, Comunicado (18\/05\/2025).- Con una concurrida participaci\u00f3n, se llev\u00f3 a cabo con \u00e9xito la segunda edici\u00f3n de la Callejoneada [&hellip;]<\/p>\n","protected":false},"author":7,"featured_media":86693,"comment_status":"closed","ping_status":"closed","sticky":false,"template":"","format":"standard","meta":{"_coblocks_attr":"","_coblocks_dimensions":"","_coblocks_responsive_height":"","_coblocks_accordion_ie_support":"","_crdt_document":"","advanced_seo_description":"","jetpack_seo_html_title":"","jetpack_seo_noindex":false,"_jetpack_memberships_contains_paid_content":false,"footnotes":""},"categories":[19,209,7],"tags":[],"class_list":["post-86683","post","type-post","status-publish","format-standard","has-post-thumbnail","hentry","category-colima","category-importantes","category-noticias"],"jetpack_featured_media_url":"https:\/\/diarioavanzada.com.mx\/wp-content\/uploads\/2025\/05\/ba24433f-dd85-4c7a-a369-1473a70a68fb-1.jpg","jetpack-related-posts":[],"jetpack_sharing_enabled":true,"amp_enabled":true,"_links":{"self":[{"href":"https:\/\/diarioavanzada.com.mx\/index.php?rest_route=\/wp\/v2\/posts\/86683","targetHints":{"allow":["GET"]}}],"collection":[{"href":"https:\/\/diarioavanzada.com.mx\/index.php?rest_route=\/wp\/v2\/posts"}],"about":[{"href":"https:\/\/diarioavanzada.com.mx\/index.php?rest_route=\/wp\/v2\/types\/post"}],"author":[{"embeddable":true,"href":"https:\/\/diarioavanzada.com.mx\/index.php?rest_route=\/wp\/v2\/users\/7"}],"replies":[{"embeddable":true,"href":"https:\/\/diarioavanzada.com.mx\/index.php?rest_route=%2Fwp%2Fv2%2Fcomments&post=86683"}],"version-history":[{"count":3,"href":"https:\/\/diarioavanzada.com.mx\/index.php?rest_route=\/wp\/v2\/posts\/86683\/revisions"}],"predecessor-version":[{"id":86691,"href":"https:\/\/diarioavanzada.com.mx\/index.php?rest_route=\/wp\/v2\/posts\/86683\/revisions\/86691"}],"wp:featuredmedia":[{"embeddable":true,"href":"https:\/\/diarioavanzada.com.mx\/index.php?rest_route=\/wp\/v2\/media\/86693"}],"wp:attachment":[{"href":"https:\/\/diarioavanzada.com.mx\/index.php?rest_route=%2Fwp%2Fv2%2Fmedia&parent=86683"}],"wp:term":[{"taxonomy":"category","embeddable":true,"href":"https:\/\/diarioavanzada.com.mx\/index.php?rest_route=%2Fwp%2Fv2%2Fcategories&post=86683"},{"taxonomy":"post_tag","embeddable":true,"href":"https:\/\/diarioavanzada.com.mx\/index.php?rest_route=%2Fwp%2Fv2%2Ftags&post=86683"}],"curies":[{"name":"wp","href":"https:\/\/api.w.org\/{rel}","templated":true}]}}