{"id":86576,"date":"2025-05-18T10:13:41","date_gmt":"2025-05-18T16:13:41","guid":{"rendered":"https:\/\/diarioavanzada.com.mx\/?p=86576"},"modified":"2025-05-18T10:13:41","modified_gmt":"2025-05-18T16:13:41","slug":"mexico-surrealista-rattini-peluchini-exhibe-el-absurdo-del-proceso-del-sistema-judicial","status":"publish","type":"post","link":"https:\/\/diarioavanzada.com.mx\/?p=86576","title":{"rendered":"M\u00e9xico surrealista: \u201cRattini Peluchini\u201d exhibe el absurdo del proceso del sistema judicial"},"content":{"rendered":"\n<p class=\"p1 wp-block-paragraph\">Colima, M\u00e9xico, Avanzada (18\/05\/2025).- En pleno debate nacional sobre la reforma al Poder Judicial y la elecci\u00f3n popular de jueces, magistrados y ministros, un personaje ficticio ha captado la atenci\u00f3n de miles de internautas al encarnar, con iron\u00eda y sarcasmo, lo que muchos consideran el rostro m\u00e1s absurdo y decadente del sistema de justicia mexicano.<\/p>\n\n\n\n<p class=\"p1 wp-block-paragraph\">El \u201clicenciado Rattini Peluchini\u201d, un personaje vestido con un traje azul de peluche, protagoniza un video que circula ampliamente en redes sociales, donde, con frases burlescas, critica los vicios, privilegios y contradicciones del Poder Judicial. Bajo la promesa de \u201crepartir justicia como si fuera garnacha\u201d, el falso candidato dice aspirar al \u201cdistrito cuatro\u201d, una demarcaci\u00f3n imaginaria desde la cual promete \u201cno impartir justicia, sino repartirla como Rapid\u201d.<\/p>\n\n\n\n<p class=\"p1 wp-block-paragraph\">Durante el video, Peluchini lanza cr\u00edticas directas, como la burla al caso de la ministra Yasm\u00edn Esquivel, acusada de plagiar su tesis: \u201cSi gano, no voy a condenar la pirater\u00eda, porque el pueblo es sabio y nos gusta comprar barato\u2026 miren a la ministra Jasm\u00edn, plagi\u00f3 su tesis y ah\u00ed sigue\u201d.<\/p>\n\n\n\n<p class=\"p1 wp-block-paragraph\">Desde una cantina, el personaje afirma que \u201cla justicia puede ser ciega, pero nunca seca\u201d, para luego brindar con una copa de licor y rematar con una alusi\u00f3n al expresidente Felipe Calder\u00f3n. En otra escena, rodeado de mujeres, declara sin tapujos: \u201cAqu\u00ed no se aplica la ley, se acomoda\u201d.<\/p>\n\n\n\n<p class=\"p1 wp-block-paragraph\">La s\u00e1tira cierra con una escena frente a un muro con la inscripci\u00f3n \u201cPoder Judicial\u201d, donde el personaje dice: \u201cHonesto, no. Preparado, menos. No tengo el m\u00ednimo conocimiento, pero soy como Videgaray, estoy aqu\u00ed para aprender\u201d, en clara alusi\u00f3n al exfuncionario federal.<\/p>\n\n\n\n<p class=\"p1 wp-block-paragraph\">La voz en off del cierre sentencia: \u201cVota por Peluchini, candidato seiscientos sesenta y nueve, porque si ya todo es un circo, que el payaso sea de peluche\u201d.<\/p>\n\n\n\n<p class=\"p1 wp-block-paragraph\">Aunque el video no proviene de una campa\u00f1a oficial, su difusi\u00f3n coincide con una coyuntura clave en el pa\u00eds, en la que se discute la elecci\u00f3n de integrantes del Poder Judicial por voto popular, una propuesta impulsada por el presidente Andr\u00e9s Manuel L\u00f3pez Obrador. La s\u00e1tira ha sido interpretada por muchos como una cr\u00edtica al descr\u00e9dito institucional, al desd\u00e9n por la preparaci\u00f3n jur\u00eddica y a la posible banalizaci\u00f3n del sistema judicial mexicano.<\/p>\n\n\n\n<figure class=\"wp-block-embed is-type-rich is-provider-twitter wp-block-embed-twitter\"><div class=\"wp-block-embed__wrapper\">\n<div class=\"embed-twitter\"><blockquote class=\"twitter-tweet\" data-width=\"550\" data-dnt=\"true\"><p lang=\"es\" dir=\"ltr\">Cualquier parecido con la realidad, es mera transformaci\u00f3n de cuarta.<br><br>POR FAVOR V\u00c9ANLO, NO SE VAN A ARREPENTIR. <a href=\"https:\/\/t.co\/fU3CK38jb4\">pic.twitter.com\/fU3CK38jb4<\/a><\/p>&mdash; Neoliberalover (@neoliberalover) <a href=\"https:\/\/twitter.com\/neoliberalover\/status\/1923810258234798443?ref_src=twsrc%5Etfw\">May 17, 2025<\/a><\/blockquote><script async src=\"https:\/\/platform.twitter.com\/widgets.js\" charset=\"utf-8\"><\/script><\/div>\n<\/div><\/figure>\n<div class=\"fb-background-color\">\n\t\t\t  <div \n\t\t\t  \tclass = \"fb-comments\" \n\t\t\t  \tdata-href = \"https:\/\/diarioavanzada.com.mx\/?p=86576\"\n\t\t\t  \tdata-numposts = \"10\"\n\t\t\t  \tdata-lazy = \"true\"\n\t\t\t\tdata-colorscheme = \"light\"\n\t\t\t\tdata-order-by = \"social\"\n\t\t\t\tdata-mobile=true>\n\t\t\t  <\/div><\/div>\n\t\t  <style>\n\t\t    .fb-background-color {\n\t\t\t\tbackground:  !important;\n\t\t\t}\n\t\t\t.fb_iframe_widget_fluid_desktop iframe {\n\t\t\t    width: 100% !important;\n\t\t\t}\n\t\t  <\/style>\n\t\t  ","protected":false},"excerpt":{"rendered":"<p>Colima, M\u00e9xico, Avanzada (18\/05\/2025).- En pleno debate nacional sobre la reforma al Poder Judicial y la elecci\u00f3n popular de jueces, magistrados y ministros, un personaje ficticio ha captado la atenci\u00f3n de miles de internautas al encarnar, con iron\u00eda y sarcasmo, lo que muchos consideran el rostro m\u00e1s absurdo y decadente del sistema de justicia mexicano. [&hellip;]<\/p>\n","protected":false},"author":7,"featured_media":86575,"comment_status":"closed","ping_status":"closed","sticky":false,"template":"","format":"standard","meta":{"_coblocks_attr":"","_coblocks_dimensions":"","_coblocks_responsive_height":"","_coblocks_accordion_ie_support":"","_crdt_document":"","advanced_seo_description":"","jetpack_seo_html_title":"","jetpack_seo_noindex":false,"_jetpack_memberships_contains_paid_content":false,"footnotes":""},"categories":[19,209,7],"tags":[210],"class_list":["post-86576","post","type-post","status-publish","format-standard","has-post-thumbnail","hentry","category-colima","category-importantes","category-noticias","tag-portada"],"jetpack_featured_media_url":"https:\/\/diarioavanzada.com.mx\/wp-content\/uploads\/2025\/05\/img_3360-1.jpg","jetpack-related-posts":[],"jetpack_sharing_enabled":true,"amp_enabled":true,"_links":{"self":[{"href":"https:\/\/diarioavanzada.com.mx\/index.php?rest_route=\/wp\/v2\/posts\/86576","targetHints":{"allow":["GET"]}}],"collection":[{"href":"https:\/\/diarioavanzada.com.mx\/index.php?rest_route=\/wp\/v2\/posts"}],"about":[{"href":"https:\/\/diarioavanzada.com.mx\/index.php?rest_route=\/wp\/v2\/types\/post"}],"author":[{"embeddable":true,"href":"https:\/\/diarioavanzada.com.mx\/index.php?rest_route=\/wp\/v2\/users\/7"}],"replies":[{"embeddable":true,"href":"https:\/\/diarioavanzada.com.mx\/index.php?rest_route=%2Fwp%2Fv2%2Fcomments&post=86576"}],"version-history":[{"count":1,"href":"https:\/\/diarioavanzada.com.mx\/index.php?rest_route=\/wp\/v2\/posts\/86576\/revisions"}],"predecessor-version":[{"id":86577,"href":"https:\/\/diarioavanzada.com.mx\/index.php?rest_route=\/wp\/v2\/posts\/86576\/revisions\/86577"}],"wp:featuredmedia":[{"embeddable":true,"href":"https:\/\/diarioavanzada.com.mx\/index.php?rest_route=\/wp\/v2\/media\/86575"}],"wp:attachment":[{"href":"https:\/\/diarioavanzada.com.mx\/index.php?rest_route=%2Fwp%2Fv2%2Fmedia&parent=86576"}],"wp:term":[{"taxonomy":"category","embeddable":true,"href":"https:\/\/diarioavanzada.com.mx\/index.php?rest_route=%2Fwp%2Fv2%2Fcategories&post=86576"},{"taxonomy":"post_tag","embeddable":true,"href":"https:\/\/diarioavanzada.com.mx\/index.php?rest_route=%2Fwp%2Fv2%2Ftags&post=86576"}],"curies":[{"name":"wp","href":"https:\/\/api.w.org\/{rel}","templated":true}]}}