{"id":86568,"date":"2025-05-17T22:14:10","date_gmt":"2025-05-18T04:14:10","guid":{"rendered":"https:\/\/diarioavanzada.com.mx\/?p=86568"},"modified":"2025-05-17T22:14:10","modified_gmt":"2025-05-18T04:14:10","slug":"baja-california-pone-el-ejemplo-miles-protestan-con-carne-asada-contra-la-gobernadora","status":"publish","type":"post","link":"https:\/\/diarioavanzada.com.mx\/?p=86568","title":{"rendered":"Baja California pone el ejemplo: Miles protestan con carne asada contra la gobernadora"},"content":{"rendered":"\n<p class=\"p1 wp-block-paragraph\">Colima, M\u00e9xico, Avanzada (17\/05\/2025).- Miles de ciudadanos se congregaron este s\u00e1bado en la Plaza de los Tres Poderes de Mexicali para manifestarse contra la gobernadora de Baja California, Marina del Pilar \u00c1vila Olmeda, en un acto convocado exclusivamente a trav\u00e9s de redes sociales y sin intervenci\u00f3n de partidos pol\u00edticos.<\/p>\n\n\n\n<p class=\"p1 wp-block-paragraph\">La protesta, inusualmente festiva, fue una \u201ccarne asada masiva\u201d en la que familias enteras acudieron con asadores, hieleras y cortes de carne para compartir alimentos mientras expresaban su rechazo a la gesti\u00f3n de la mandataria. En pancartas y consignas se le\u00eda: \u201c\u00bfNo eres narcogober? Demu\u00e9stralo, pon un alto\u201d, \u201cQueremos tacos, no gobierno narco\u201d y \u201cSi le das m\u00e1s poder al poder, m\u00e1s duro te van a venir a joder\u201d.<\/p>\n\n\n\n<p class=\"p1 wp-block-paragraph\">Los manifestantes exigieron transparencia respecto a las razones por las que el gobierno de Estados Unidos revoc\u00f3 las visas a Marina del Pilar y a su esposo. Se\u00f1alaron que el silencio de las autoridades alimenta la especulaci\u00f3n e instaron a la canciller\u00eda mexicana a brindar explicaciones.<\/p>\n\n\n\n<p class=\"p1 wp-block-paragraph\">Durante la jornada, se escucharon gritos de \u201c\u00a1Fuera Marina!\u201d entre m\u00fasica de banda, bailes y convivencia comunitaria, en un ambiente que combin\u00f3 el hartazgo pol\u00edtico con el \u00e1nimo festivo. La protesta tambi\u00e9n busc\u00f3 evidenciar que la organizaci\u00f3n ciudadana, sin estructuras partidistas, es posible y puede tener fuerza para exigir la revocaci\u00f3n de mandato.<\/p>\n\n\n\n<p class=\"p1 wp-block-paragraph\">La convocatoria, que comenz\u00f3 en Facebook, plante\u00f3 como objetivos romper un r\u00e9cord Guinness por la carne asada m\u00e1s grande, reclamar un gobierno m\u00e1s transparente y seguro, y demostrar que la sociedad bajacaliforniana est\u00e1 dispuesta a organizarse frente a lo que consideran una administraci\u00f3n fallida.<\/p>\n<div class=\"fb-background-color\">\n\t\t\t  <div \n\t\t\t  \tclass = \"fb-comments\" \n\t\t\t  \tdata-href = \"https:\/\/diarioavanzada.com.mx\/?p=86568\"\n\t\t\t  \tdata-numposts = \"10\"\n\t\t\t  \tdata-lazy = \"true\"\n\t\t\t\tdata-colorscheme = \"light\"\n\t\t\t\tdata-order-by = \"social\"\n\t\t\t\tdata-mobile=true>\n\t\t\t  <\/div><\/div>\n\t\t  <style>\n\t\t    .fb-background-color {\n\t\t\t\tbackground:  !important;\n\t\t\t}\n\t\t\t.fb_iframe_widget_fluid_desktop iframe {\n\t\t\t    width: 100% !important;\n\t\t\t}\n\t\t  <\/style>\n\t\t  ","protected":false},"excerpt":{"rendered":"<p>Colima, M\u00e9xico, Avanzada (17\/05\/2025).- Miles de ciudadanos se congregaron este s\u00e1bado en la Plaza de los Tres Poderes de Mexicali para manifestarse contra la gobernadora de Baja California, Marina del Pilar \u00c1vila Olmeda, en un acto convocado exclusivamente a trav\u00e9s de redes sociales y sin intervenci\u00f3n de partidos pol\u00edticos. La protesta, inusualmente festiva, fue una [&hellip;]<\/p>\n","protected":false},"author":7,"featured_media":86567,"comment_status":"closed","ping_status":"closed","sticky":false,"template":"","format":"standard","meta":{"_coblocks_attr":"","_coblocks_dimensions":"","_coblocks_responsive_height":"","_coblocks_accordion_ie_support":"","_crdt_document":"","advanced_seo_description":"","jetpack_seo_html_title":"","jetpack_seo_noindex":false,"_jetpack_memberships_contains_paid_content":false,"footnotes":""},"categories":[209,22,7],"tags":[210],"class_list":["post-86568","post","type-post","status-publish","format-standard","has-post-thumbnail","hentry","category-importantes","category-nacion","category-noticias","tag-portada"],"jetpack_featured_media_url":"https:\/\/diarioavanzada.com.mx\/wp-content\/uploads\/2025\/05\/img_2560-1.jpg","jetpack-related-posts":[],"jetpack_sharing_enabled":true,"amp_enabled":true,"_links":{"self":[{"href":"https:\/\/diarioavanzada.com.mx\/index.php?rest_route=\/wp\/v2\/posts\/86568","targetHints":{"allow":["GET"]}}],"collection":[{"href":"https:\/\/diarioavanzada.com.mx\/index.php?rest_route=\/wp\/v2\/posts"}],"about":[{"href":"https:\/\/diarioavanzada.com.mx\/index.php?rest_route=\/wp\/v2\/types\/post"}],"author":[{"embeddable":true,"href":"https:\/\/diarioavanzada.com.mx\/index.php?rest_route=\/wp\/v2\/users\/7"}],"replies":[{"embeddable":true,"href":"https:\/\/diarioavanzada.com.mx\/index.php?rest_route=%2Fwp%2Fv2%2Fcomments&post=86568"}],"version-history":[{"count":0,"href":"https:\/\/diarioavanzada.com.mx\/index.php?rest_route=\/wp\/v2\/posts\/86568\/revisions"}],"wp:featuredmedia":[{"embeddable":true,"href":"https:\/\/diarioavanzada.com.mx\/index.php?rest_route=\/wp\/v2\/media\/86567"}],"wp:attachment":[{"href":"https:\/\/diarioavanzada.com.mx\/index.php?rest_route=%2Fwp%2Fv2%2Fmedia&parent=86568"}],"wp:term":[{"taxonomy":"category","embeddable":true,"href":"https:\/\/diarioavanzada.com.mx\/index.php?rest_route=%2Fwp%2Fv2%2Fcategories&post=86568"},{"taxonomy":"post_tag","embeddable":true,"href":"https:\/\/diarioavanzada.com.mx\/index.php?rest_route=%2Fwp%2Fv2%2Ftags&post=86568"}],"curies":[{"name":"wp","href":"https:\/\/api.w.org\/{rel}","templated":true}]}}