{"id":86550,"date":"2025-05-17T19:16:05","date_gmt":"2025-05-18T01:16:05","guid":{"rendered":"https:\/\/diarioavanzada.com.mx\/?p=86550"},"modified":"2025-05-17T19:16:05","modified_gmt":"2025-05-18T01:16:05","slug":"buscan-a-monica-gabriela-mancilla-alvarez-desaparecio-en-manzanillo","status":"publish","type":"post","link":"https:\/\/diarioavanzada.com.mx\/?p=86550","title":{"rendered":"Buscan a M\u00f3nica Gabriela Mancilla \u00c1lvarez, desapareci\u00f3 en Manzanillo"},"content":{"rendered":"\n<p class=\"p1 wp-block-paragraph\">Colima, M\u00e9xico, Avanzada (18\/05\/2025).- La Comisi\u00f3n de B\u00fasqueda de Personas del Estado de Colima emiti\u00f3 una ficha para localizar a M\u00f3nica Gabriela Mancilla \u00c1lvarez, de 33 a\u00f1os de edad, quien fue vista por \u00faltima vez en el municipio de Manzanillo en noviembre de 2024.<\/p>\n\n\n\n<p class=\"p1 wp-block-paragraph\">El reporte de su desaparici\u00f3n fue presentado el 17 de mayo de 2025. M\u00f3nica Gabriela es una mujer de complexi\u00f3n delgada, estatura de 1.70 metros, rostro afilado, tez morena clara, ojos peque\u00f1os color caf\u00e9, cabello corto de color negro y nariz respingada.<\/p>\n\n\n\n<p class=\"p1 wp-block-paragraph\">Entre sus se\u00f1as particulares se menciona un tatuaje en forma de gu\u00eda alrededor de la cadera. Al momento de su desaparici\u00f3n no se tiene informaci\u00f3n sobre la vestimenta que portaba.<\/p>\n\n\n\n<p class=\"p1 wp-block-paragraph\">Las autoridades solicitan el apoyo de la ciudadan\u00eda para aportar cualquier informaci\u00f3n que ayude a dar con su paradero. Se puede contactar a la Comisi\u00f3n de B\u00fasqueda de Personas del Estado de Colima al n\u00famero 312 131 3809.<\/p>\n\n\n\n<figure class=\"wp-block-image size-large\"><img loading=\"lazy\" decoding=\"async\" width=\"940\" height=\"788\" src=\"https:\/\/diarioavanzada.com.mx\/wp-content\/uploads\/2025\/05\/img_2824-1.jpg\" class=\"wp-image-86548\" srcset=\"https:\/\/diarioavanzada.com.mx\/wp-content\/uploads\/2025\/05\/img_2824-1.jpg 940w, https:\/\/diarioavanzada.com.mx\/wp-content\/uploads\/2025\/05\/img_2824-1-300x251.jpg 300w, https:\/\/diarioavanzada.com.mx\/wp-content\/uploads\/2025\/05\/img_2824-1-768x644.jpg 768w\" sizes=\"auto, (max-width: 940px) 100vw, 940px\" \/><\/figure>\n<div class=\"fb-background-color\">\n\t\t\t  <div \n\t\t\t  \tclass = \"fb-comments\" \n\t\t\t  \tdata-href = \"https:\/\/diarioavanzada.com.mx\/?p=86550\"\n\t\t\t  \tdata-numposts = \"10\"\n\t\t\t  \tdata-lazy = \"true\"\n\t\t\t\tdata-colorscheme = \"light\"\n\t\t\t\tdata-order-by = \"social\"\n\t\t\t\tdata-mobile=true>\n\t\t\t  <\/div><\/div>\n\t\t  <style>\n\t\t    .fb-background-color {\n\t\t\t\tbackground:  !important;\n\t\t\t}\n\t\t\t.fb_iframe_widget_fluid_desktop iframe {\n\t\t\t    width: 100% !important;\n\t\t\t}\n\t\t  <\/style>\n\t\t  ","protected":false},"excerpt":{"rendered":"<p>Colima, M\u00e9xico, Avanzada (18\/05\/2025).- La Comisi\u00f3n de B\u00fasqueda de Personas del Estado de Colima emiti\u00f3 una ficha para localizar a M\u00f3nica Gabriela Mancilla \u00c1lvarez, de 33 a\u00f1os de edad, quien fue vista por \u00faltima vez en el municipio de Manzanillo en noviembre de 2024. El reporte de su desaparici\u00f3n fue presentado el 17 de mayo [&hellip;]<\/p>\n","protected":false},"author":7,"featured_media":86549,"comment_status":"closed","ping_status":"closed","sticky":false,"template":"","format":"standard","meta":{"_coblocks_attr":"","_coblocks_dimensions":"","_coblocks_responsive_height":"","_coblocks_accordion_ie_support":"","_crdt_document":"","advanced_seo_description":"","jetpack_seo_html_title":"","jetpack_seo_noindex":false,"_jetpack_memberships_contains_paid_content":false,"footnotes":""},"categories":[19,209,7,231],"tags":[210],"class_list":["post-86550","post","type-post","status-publish","format-standard","has-post-thumbnail","hentry","category-colima","category-importantes","category-noticias","category-seguridad","tag-portada"],"jetpack_featured_media_url":"https:\/\/diarioavanzada.com.mx\/wp-content\/uploads\/2025\/05\/img_2824-2-1.jpg","jetpack-related-posts":[],"jetpack_sharing_enabled":true,"amp_enabled":true,"_links":{"self":[{"href":"https:\/\/diarioavanzada.com.mx\/index.php?rest_route=\/wp\/v2\/posts\/86550","targetHints":{"allow":["GET"]}}],"collection":[{"href":"https:\/\/diarioavanzada.com.mx\/index.php?rest_route=\/wp\/v2\/posts"}],"about":[{"href":"https:\/\/diarioavanzada.com.mx\/index.php?rest_route=\/wp\/v2\/types\/post"}],"author":[{"embeddable":true,"href":"https:\/\/diarioavanzada.com.mx\/index.php?rest_route=\/wp\/v2\/users\/7"}],"replies":[{"embeddable":true,"href":"https:\/\/diarioavanzada.com.mx\/index.php?rest_route=%2Fwp%2Fv2%2Fcomments&post=86550"}],"version-history":[{"count":0,"href":"https:\/\/diarioavanzada.com.mx\/index.php?rest_route=\/wp\/v2\/posts\/86550\/revisions"}],"wp:featuredmedia":[{"embeddable":true,"href":"https:\/\/diarioavanzada.com.mx\/index.php?rest_route=\/wp\/v2\/media\/86549"}],"wp:attachment":[{"href":"https:\/\/diarioavanzada.com.mx\/index.php?rest_route=%2Fwp%2Fv2%2Fmedia&parent=86550"}],"wp:term":[{"taxonomy":"category","embeddable":true,"href":"https:\/\/diarioavanzada.com.mx\/index.php?rest_route=%2Fwp%2Fv2%2Fcategories&post=86550"},{"taxonomy":"post_tag","embeddable":true,"href":"https:\/\/diarioavanzada.com.mx\/index.php?rest_route=%2Fwp%2Fv2%2Ftags&post=86550"}],"curies":[{"name":"wp","href":"https:\/\/api.w.org\/{rel}","templated":true}]}}