{"id":86531,"date":"2025-05-17T15:36:39","date_gmt":"2025-05-17T21:36:39","guid":{"rendered":"https:\/\/diarioavanzada.com.mx\/?p=86531"},"modified":"2025-05-17T15:36:39","modified_gmt":"2025-05-17T21:36:39","slug":"accidente-en-carretera-jiquilpan-colima-deja-ocho-lesionados-dos-fueron-hospitalizados","status":"publish","type":"post","link":"https:\/\/diarioavanzada.com.mx\/?p=86531","title":{"rendered":"Accidente en carretera Jiquilpan-Colima deja ocho lesionados; dos fueron hospitalizados"},"content":{"rendered":"\n<p class=\"p1 wp-block-paragraph\">Colima, M\u00e9xico, Avanzada (17\/05\/2025).- La Unidad Estatal de Protecci\u00f3n Civil de Colima inform\u00f3 que la tarde de este s\u00e1bado se registr\u00f3 un accidente de tr\u00e1nsito sobre la carretera Jiquilpan-Colima, a la altura del kil\u00f3metro 210, a pocos metros de una gasoliner\u00eda.<\/p>\n\n\n\n<p class=\"p1 wp-block-paragraph\">Al lugar acudi\u00f3 personal del Centro Regulador de Urgencias M\u00e9dicas de la Secretar\u00eda de Salud, que brind\u00f3 atenci\u00f3n a ocho personas lesionadas, de las cuales solo dos fueron trasladadas a un hospital cercano a bordo de una ambulancia de urgencias avanzadas del Gobierno de Colima.<\/p>\n\n\n\n<p class=\"p1 wp-block-paragraph\">La vialidad permanece parcialmente obstruida, lo que provoca tr\u00e1nsito lento en la zona. Las autoridades exhortan a conductores a extremar precauciones y respetar los l\u00edmites de velocidad.<\/p>\n\n\n\n<figure class=\"wp-block-image size-large\"><img loading=\"lazy\" decoding=\"async\" width=\"1024\" height=\"768\" src=\"https:\/\/diarioavanzada.com.mx\/wp-content\/uploads\/2025\/05\/img_2507-1-1024x768.jpg\" class=\"wp-image-86528\" srcset=\"https:\/\/diarioavanzada.com.mx\/wp-content\/uploads\/2025\/05\/img_2507-1-1024x768.jpg 1024w, https:\/\/diarioavanzada.com.mx\/wp-content\/uploads\/2025\/05\/img_2507-1-300x225.jpg 300w, https:\/\/diarioavanzada.com.mx\/wp-content\/uploads\/2025\/05\/img_2507-1-768x576.jpg 768w, https:\/\/diarioavanzada.com.mx\/wp-content\/uploads\/2025\/05\/img_2507-1-1536x1152.jpg 1536w, https:\/\/diarioavanzada.com.mx\/wp-content\/uploads\/2025\/05\/img_2507-1.jpg 1600w\" sizes=\"auto, (max-width: 1024px) 100vw, 1024px\" \/><\/figure>\n\n\n\n<figure class=\"wp-block-image size-large\"><img loading=\"lazy\" decoding=\"async\" width=\"768\" height=\"1024\" src=\"https:\/\/diarioavanzada.com.mx\/wp-content\/uploads\/2025\/05\/img_2509-1-768x1024.jpg\" class=\"wp-image-86529\" srcset=\"https:\/\/diarioavanzada.com.mx\/wp-content\/uploads\/2025\/05\/img_2509-1-768x1024.jpg 768w, https:\/\/diarioavanzada.com.mx\/wp-content\/uploads\/2025\/05\/img_2509-1-225x300.jpg 225w, https:\/\/diarioavanzada.com.mx\/wp-content\/uploads\/2025\/05\/img_2509-1-1152x1536.jpg 1152w, https:\/\/diarioavanzada.com.mx\/wp-content\/uploads\/2025\/05\/img_2509-1.jpg 1200w\" sizes=\"auto, (max-width: 768px) 100vw, 768px\" \/><\/figure>\n<div class=\"fb-background-color\">\n\t\t\t  <div \n\t\t\t  \tclass = \"fb-comments\" \n\t\t\t  \tdata-href = \"https:\/\/diarioavanzada.com.mx\/?p=86531\"\n\t\t\t  \tdata-numposts = \"10\"\n\t\t\t  \tdata-lazy = \"true\"\n\t\t\t\tdata-colorscheme = \"light\"\n\t\t\t\tdata-order-by = \"social\"\n\t\t\t\tdata-mobile=true>\n\t\t\t  <\/div><\/div>\n\t\t  <style>\n\t\t    .fb-background-color {\n\t\t\t\tbackground:  !important;\n\t\t\t}\n\t\t\t.fb_iframe_widget_fluid_desktop iframe {\n\t\t\t    width: 100% !important;\n\t\t\t}\n\t\t  <\/style>\n\t\t  ","protected":false},"excerpt":{"rendered":"<p>Colima, M\u00e9xico, Avanzada (17\/05\/2025).- La Unidad Estatal de Protecci\u00f3n Civil de Colima inform\u00f3 que la tarde de este s\u00e1bado se registr\u00f3 un accidente de tr\u00e1nsito sobre la carretera Jiquilpan-Colima, a la altura del kil\u00f3metro 210, a pocos metros de una gasoliner\u00eda. Al lugar acudi\u00f3 personal del Centro Regulador de Urgencias M\u00e9dicas de la Secretar\u00eda de [&hellip;]<\/p>\n","protected":false},"author":7,"featured_media":86530,"comment_status":"closed","ping_status":"closed","sticky":false,"template":"","format":"standard","meta":{"_coblocks_attr":"","_coblocks_dimensions":"","_coblocks_responsive_height":"","_coblocks_accordion_ie_support":"","_crdt_document":"","advanced_seo_description":"","jetpack_seo_html_title":"","jetpack_seo_noindex":false,"_jetpack_memberships_contains_paid_content":false,"footnotes":""},"categories":[19,209,7,231],"tags":[210],"class_list":["post-86531","post","type-post","status-publish","format-standard","has-post-thumbnail","hentry","category-colima","category-importantes","category-noticias","category-seguridad","tag-portada"],"jetpack_featured_media_url":"https:\/\/diarioavanzada.com.mx\/wp-content\/uploads\/2025\/05\/img_2508-1.jpg","jetpack-related-posts":[],"jetpack_sharing_enabled":true,"amp_enabled":true,"_links":{"self":[{"href":"https:\/\/diarioavanzada.com.mx\/index.php?rest_route=\/wp\/v2\/posts\/86531","targetHints":{"allow":["GET"]}}],"collection":[{"href":"https:\/\/diarioavanzada.com.mx\/index.php?rest_route=\/wp\/v2\/posts"}],"about":[{"href":"https:\/\/diarioavanzada.com.mx\/index.php?rest_route=\/wp\/v2\/types\/post"}],"author":[{"embeddable":true,"href":"https:\/\/diarioavanzada.com.mx\/index.php?rest_route=\/wp\/v2\/users\/7"}],"replies":[{"embeddable":true,"href":"https:\/\/diarioavanzada.com.mx\/index.php?rest_route=%2Fwp%2Fv2%2Fcomments&post=86531"}],"version-history":[{"count":0,"href":"https:\/\/diarioavanzada.com.mx\/index.php?rest_route=\/wp\/v2\/posts\/86531\/revisions"}],"wp:featuredmedia":[{"embeddable":true,"href":"https:\/\/diarioavanzada.com.mx\/index.php?rest_route=\/wp\/v2\/media\/86530"}],"wp:attachment":[{"href":"https:\/\/diarioavanzada.com.mx\/index.php?rest_route=%2Fwp%2Fv2%2Fmedia&parent=86531"}],"wp:term":[{"taxonomy":"category","embeddable":true,"href":"https:\/\/diarioavanzada.com.mx\/index.php?rest_route=%2Fwp%2Fv2%2Fcategories&post=86531"},{"taxonomy":"post_tag","embeddable":true,"href":"https:\/\/diarioavanzada.com.mx\/index.php?rest_route=%2Fwp%2Fv2%2Ftags&post=86531"}],"curies":[{"name":"wp","href":"https:\/\/api.w.org\/{rel}","templated":true}]}}