{"id":86471,"date":"2025-05-17T07:25:04","date_gmt":"2025-05-17T13:25:04","guid":{"rendered":"https:\/\/diarioavanzada.com.mx\/?p=86471"},"modified":"2025-05-17T07:25:04","modified_gmt":"2025-05-17T13:25:04","slug":"se-registra-sismo-de-magnitud-4-3-en-el-sureste-de-salina-cruz-oaxaca","status":"publish","type":"post","link":"https:\/\/diarioavanzada.com.mx\/?p=86471","title":{"rendered":"Se registra sismo de magnitud 4.3 en el sureste de Salina Cruz, Oaxaca"},"content":{"rendered":"\n<p class=\"p1 wp-block-paragraph\">Oaxaca, M\u00e9xico, Avanzada (17\/05\/2025).- En las primeras horas de este s\u00e1bado 17 de mayo, se registr\u00f3 un sismo de magnitud 4.3 con epicentro a 70 kil\u00f3metros al sureste de Salina Cruz, Oaxaca, seg\u00fan informaci\u00f3n preliminar del Servicio Sismol\u00f3gico Nacional.<\/p>\n\n\n\n<p class=\"p1 wp-block-paragraph\">El movimiento tel\u00farico ocurri\u00f3 a las 04:08:15 horas, a una latitud de 15.57, longitud -95.02 y con una profundidad de 16 kil\u00f3metros.<\/p>\n\n\n\n<p class=\"p1 wp-block-paragraph\">Hasta el momento, no se han reportado da\u00f1os materiales ni v\u00edctimas, aunque las autoridades locales mantienen un monitoreo constante para evaluar posibles afectaciones en la regi\u00f3n.<\/p>\n\n\n\n<p class=\"p1 wp-block-paragraph\">La costa de Oaxaca es una de las zonas s\u00edsmicamente m\u00e1s activas del pa\u00eds debido a la interacci\u00f3n de las placas tect\u00f3nicas de Cocos y Norteam\u00e9rica, lo que genera eventos de esta naturaleza con relativa frecuencia.<\/p>\n\n\n\n<p class=\"p1 wp-block-paragraph\">Las autoridades recomiendan a la poblaci\u00f3n mantenerse informada a trav\u00e9s de fuentes oficiales y tener a la mano un plan de emergencia familiar en caso de r\u00e9plicas o nuevos sismos.<\/p>\n<div class=\"fb-background-color\">\n\t\t\t  <div \n\t\t\t  \tclass = \"fb-comments\" \n\t\t\t  \tdata-href = \"https:\/\/diarioavanzada.com.mx\/?p=86471\"\n\t\t\t  \tdata-numposts = \"10\"\n\t\t\t  \tdata-lazy = \"true\"\n\t\t\t\tdata-colorscheme = \"light\"\n\t\t\t\tdata-order-by = \"social\"\n\t\t\t\tdata-mobile=true>\n\t\t\t  <\/div><\/div>\n\t\t  <style>\n\t\t    .fb-background-color {\n\t\t\t\tbackground:  !important;\n\t\t\t}\n\t\t\t.fb_iframe_widget_fluid_desktop iframe {\n\t\t\t    width: 100% !important;\n\t\t\t}\n\t\t  <\/style>\n\t\t  ","protected":false},"excerpt":{"rendered":"<p>Oaxaca, M\u00e9xico, Avanzada (17\/05\/2025).- En las primeras horas de este s\u00e1bado 17 de mayo, se registr\u00f3 un sismo de magnitud 4.3 con epicentro a 70 kil\u00f3metros al sureste de Salina Cruz, Oaxaca, seg\u00fan informaci\u00f3n preliminar del Servicio Sismol\u00f3gico Nacional. El movimiento tel\u00farico ocurri\u00f3 a las 04:08:15 horas, a una latitud de 15.57, longitud -95.02 y [&hellip;]<\/p>\n","protected":false},"author":7,"featured_media":86470,"comment_status":"closed","ping_status":"closed","sticky":false,"template":"","format":"standard","meta":{"_coblocks_attr":"","_coblocks_dimensions":"","_coblocks_responsive_height":"","_coblocks_accordion_ie_support":"","_crdt_document":"","advanced_seo_description":"","jetpack_seo_html_title":"","jetpack_seo_noindex":false,"_jetpack_memberships_contains_paid_content":false,"footnotes":""},"categories":[22,7,29],"tags":[],"class_list":["post-86471","post","type-post","status-publish","format-standard","has-post-thumbnail","hentry","category-nacion","category-noticias","category-sociedad"],"jetpack_featured_media_url":"https:\/\/diarioavanzada.com.mx\/wp-content\/uploads\/2025\/05\/img_3341-1.jpg","jetpack-related-posts":[],"jetpack_sharing_enabled":true,"amp_enabled":true,"_links":{"self":[{"href":"https:\/\/diarioavanzada.com.mx\/index.php?rest_route=\/wp\/v2\/posts\/86471","targetHints":{"allow":["GET"]}}],"collection":[{"href":"https:\/\/diarioavanzada.com.mx\/index.php?rest_route=\/wp\/v2\/posts"}],"about":[{"href":"https:\/\/diarioavanzada.com.mx\/index.php?rest_route=\/wp\/v2\/types\/post"}],"author":[{"embeddable":true,"href":"https:\/\/diarioavanzada.com.mx\/index.php?rest_route=\/wp\/v2\/users\/7"}],"replies":[{"embeddable":true,"href":"https:\/\/diarioavanzada.com.mx\/index.php?rest_route=%2Fwp%2Fv2%2Fcomments&post=86471"}],"version-history":[{"count":0,"href":"https:\/\/diarioavanzada.com.mx\/index.php?rest_route=\/wp\/v2\/posts\/86471\/revisions"}],"wp:featuredmedia":[{"embeddable":true,"href":"https:\/\/diarioavanzada.com.mx\/index.php?rest_route=\/wp\/v2\/media\/86470"}],"wp:attachment":[{"href":"https:\/\/diarioavanzada.com.mx\/index.php?rest_route=%2Fwp%2Fv2%2Fmedia&parent=86471"}],"wp:term":[{"taxonomy":"category","embeddable":true,"href":"https:\/\/diarioavanzada.com.mx\/index.php?rest_route=%2Fwp%2Fv2%2Fcategories&post=86471"},{"taxonomy":"post_tag","embeddable":true,"href":"https:\/\/diarioavanzada.com.mx\/index.php?rest_route=%2Fwp%2Fv2%2Ftags&post=86471"}],"curies":[{"name":"wp","href":"https:\/\/api.w.org\/{rel}","templated":true}]}}