{"id":86410,"date":"2025-05-16T15:33:44","date_gmt":"2025-05-16T21:33:44","guid":{"rendered":"https:\/\/diarioavanzada.com.mx\/?p=86410"},"modified":"2025-05-16T15:34:30","modified_gmt":"2025-05-16T21:34:30","slug":"se-registra-sismo-de-magnitud-4-5-al-norte-de-la-mira-michoacan","status":"publish","type":"post","link":"https:\/\/diarioavanzada.com.mx\/?p=86410","title":{"rendered":"Se registra sismo de magnitud 4.5&nbsp; al norte de La Mira, Michoac\u00e1n"},"content":{"rendered":"\n<p class=\"p1 wp-block-paragraph\">Michoac\u00e1n, M\u00e9xico, Avanzada (16\/05\/2025).- Un sismo de magnitud 4.5 se registr\u00f3 la ma\u00f1ana del 16 de mayo de 2025 en las cercan\u00edas de La Mira, Michoac\u00e1n. El movimiento tel\u00farico ocurri\u00f3 a las 08:52:56 horas, con epicentro a 33 kil\u00f3metros al norte de esta localidad, seg\u00fan el reporte del Servicio Sismol\u00f3gico Nacional.<\/p>\n\n\n\n<p class=\"p1 wp-block-paragraph\">El evento se localiz\u00f3 a una latitud de 18.32, longitud -102.38 y a una profundidad de solo 5 kil\u00f3metros, lo que pudo hacer que se sintiera con mayor intensidad en las comunidades cercanas al epicentro.<\/p>\n\n\n\n<p class=\"p1 wp-block-paragraph\">Hasta el momento, no se han reportado da\u00f1os materiales ni personas lesionadas, aunque las autoridades locales se mantienen en alerta y realizan recorridos para evaluar posibles afectaciones en la regi\u00f3n.<\/p>\n\n\n\n<p class=\"p1 wp-block-paragraph\">Michoac\u00e1n es una de las zonas del pa\u00eds con alta actividad s\u00edsmica, debido a su ubicaci\u00f3n en la interacci\u00f3n de las placas tect\u00f3nicas de Cocos y Norteamericana, lo que genera frecuentes movimientos en la regi\u00f3n.<\/p>\n\n\n\n<p class=\"p1 wp-block-paragraph\">Las autoridades de Protecci\u00f3n Civil reiteraron a la poblaci\u00f3n la importancia de mantenerse preparados y seguir las recomendaciones en caso de futuras r\u00e9plicas.<\/p>\n<div class=\"fb-background-color\">\n\t\t\t  <div \n\t\t\t  \tclass = \"fb-comments\" \n\t\t\t  \tdata-href = \"https:\/\/diarioavanzada.com.mx\/?p=86410\"\n\t\t\t  \tdata-numposts = \"10\"\n\t\t\t  \tdata-lazy = \"true\"\n\t\t\t\tdata-colorscheme = \"light\"\n\t\t\t\tdata-order-by = \"social\"\n\t\t\t\tdata-mobile=true>\n\t\t\t  <\/div><\/div>\n\t\t  <style>\n\t\t    .fb-background-color {\n\t\t\t\tbackground:  !important;\n\t\t\t}\n\t\t\t.fb_iframe_widget_fluid_desktop iframe {\n\t\t\t    width: 100% !important;\n\t\t\t}\n\t\t  <\/style>\n\t\t  ","protected":false},"excerpt":{"rendered":"<p>Michoac\u00e1n, M\u00e9xico, Avanzada (16\/05\/2025).- Un sismo de magnitud 4.5 se registr\u00f3 la ma\u00f1ana del 16 de mayo de 2025 en las cercan\u00edas de La Mira, Michoac\u00e1n. El movimiento tel\u00farico ocurri\u00f3 a las 08:52:56 horas, con epicentro a 33 kil\u00f3metros al norte de esta localidad, seg\u00fan el reporte del Servicio Sismol\u00f3gico Nacional. El evento se localiz\u00f3 [&hellip;]<\/p>\n","protected":false},"author":7,"featured_media":86409,"comment_status":"closed","ping_status":"closed","sticky":false,"template":"","format":"standard","meta":{"_coblocks_attr":"","_coblocks_dimensions":"","_coblocks_responsive_height":"","_coblocks_accordion_ie_support":"","_crdt_document":"","advanced_seo_description":"","jetpack_seo_html_title":"","jetpack_seo_noindex":false,"_jetpack_memberships_contains_paid_content":false,"footnotes":""},"categories":[22,7,29],"tags":[],"class_list":["post-86410","post","type-post","status-publish","format-standard","has-post-thumbnail","hentry","category-nacion","category-noticias","category-sociedad"],"jetpack_featured_media_url":"https:\/\/diarioavanzada.com.mx\/wp-content\/uploads\/2025\/05\/img_3334-1.jpg","jetpack-related-posts":[],"jetpack_sharing_enabled":true,"amp_enabled":true,"_links":{"self":[{"href":"https:\/\/diarioavanzada.com.mx\/index.php?rest_route=\/wp\/v2\/posts\/86410","targetHints":{"allow":["GET"]}}],"collection":[{"href":"https:\/\/diarioavanzada.com.mx\/index.php?rest_route=\/wp\/v2\/posts"}],"about":[{"href":"https:\/\/diarioavanzada.com.mx\/index.php?rest_route=\/wp\/v2\/types\/post"}],"author":[{"embeddable":true,"href":"https:\/\/diarioavanzada.com.mx\/index.php?rest_route=\/wp\/v2\/users\/7"}],"replies":[{"embeddable":true,"href":"https:\/\/diarioavanzada.com.mx\/index.php?rest_route=%2Fwp%2Fv2%2Fcomments&post=86410"}],"version-history":[{"count":1,"href":"https:\/\/diarioavanzada.com.mx\/index.php?rest_route=\/wp\/v2\/posts\/86410\/revisions"}],"predecessor-version":[{"id":86411,"href":"https:\/\/diarioavanzada.com.mx\/index.php?rest_route=\/wp\/v2\/posts\/86410\/revisions\/86411"}],"wp:featuredmedia":[{"embeddable":true,"href":"https:\/\/diarioavanzada.com.mx\/index.php?rest_route=\/wp\/v2\/media\/86409"}],"wp:attachment":[{"href":"https:\/\/diarioavanzada.com.mx\/index.php?rest_route=%2Fwp%2Fv2%2Fmedia&parent=86410"}],"wp:term":[{"taxonomy":"category","embeddable":true,"href":"https:\/\/diarioavanzada.com.mx\/index.php?rest_route=%2Fwp%2Fv2%2Fcategories&post=86410"},{"taxonomy":"post_tag","embeddable":true,"href":"https:\/\/diarioavanzada.com.mx\/index.php?rest_route=%2Fwp%2Fv2%2Ftags&post=86410"}],"curies":[{"name":"wp","href":"https:\/\/api.w.org\/{rel}","templated":true}]}}